{"id":4112,"date":"2023-02-02T00:11:55","date_gmt":"2023-02-02T00:11:55","guid":{"rendered":"http:\/\/coro.paroquiabaixadabanheira.org\/?p=4112"},"modified":"2023-02-02T00:11:56","modified_gmt":"2023-02-02T00:11:56","slug":"domingo-v-do-tempo-comum-12","status":"publish","type":"post","link":"https:\/\/coro.paroquiabaixadabanheira.org\/?p=4112","title":{"rendered":"Domingo V do Tempo Comum"},"content":{"rendered":"<p>&#8220;Os m\u00fasicos conhecem a no\u00e7\u00e3o de temperamento. Bach escreveu mesmo um conjunto de pe\u00e7as para o Cravo \u201cBem Temperado\u201d. Na m\u00fasica, o temperamento consiste na busca do compromisso poss\u00edvel entre os diferentes graus da escala face \u00e0 impossibilidade da afina\u00e7\u00e3o perfeita de todas as notas entre si. Todavia, evangelicamente, o tempero n\u00e3o \u00e9 um compromisso, mas antes a miss\u00e3o de dar sabor e vida ao mundo.&#8221;\u00a0 <em>In Arquidiocese de Braga<\/em><\/p>\n<p><strong>C\u00e2nticos para o Domingo V do Tempo Comum \u2013 Ano A (<\/strong><a href=\"https:\/\/www.liturgia.pt\/liturgiadiaria\/dia.php?data=2023-2-5\"><strong>liturgia<\/strong><\/a><strong>)<\/strong><\/p>\n<ul>\n<li>Entrada: <a href=\"http:\/\/coro.paroquiabaixadabanheira.org\/reportorio\/entrada\/servi.o.senhor.com.alegria.pdf\">Servi o Senhor com Alegria<\/a><\/li>\n<li>Acto Penitencial:\u00a0<a href=\"http:\/\/coro.paroquiabaixadabanheira.org\/reportorio\/penitencial\/senhor.tende.piedade.2.pdf\">Senhor, Tende Piedade T.Aragues<\/a>\u00a0ou<a href=\"http:\/\/coro.paroquiabaixadabanheira.org\/reportorio\/penitencial\/senhor.misericordia.cartageno.pdf\">\u00a0Senhor,\u00a0Miseric\u00f3rdia\u00a0(A.Cartageno)<\/a><\/li>\n<li>Salmo: 111<em> (112)<\/em>\u00a0<a href=\"https:\/\/www.liturgia.pt\/multimedia\/mp3\/SalmosResponsoriais\/038_TC_A_5Dom-ParaOHomemRecto.mp3\"><em>\u201cPara o homem recto nascer\u00e1 uma luz no meio das trevas.\u201d<\/em><\/a><\/li>\n<li>Aclama\u00e7\u00e3o ao Evangelho:\u00a0<a href=\"http:\/\/coro.paroquiabaixadabanheira.org\/reportorio\/aclama\/aleluia.manuel.faria.pdf\">Aleluia (Manuel Faria)<\/a>\u00a0<strong>\u201cEu sou a luz do mundo, diz o Senhor: quem Me segue ter\u00e1 a luz da vida. \u201d<\/strong><\/li>\n<li>Apresenta\u00e7\u00e3o dos Dons: <a href=\"http:\/\/coro.paroquiabaixadabanheira.org\/reportorio\/ofertorio\/brilhe.a.vossa.luz.pdf\">Brilhe a vossa luz<\/a><\/li>\n<li>Santo:\u00a0<a href=\"http:\/\/coro.paroquiabaixadabanheira.org\/reportorio\/santo\/santo.cartageno2.pdf\">Santo Cartageno 2<\/a><\/li>\n<li>Fra\u00e7\u00e3o do P\u00e3o:\u00a0<a href=\"http:\/\/coro.paroquiabaixadabanheira.org\/reportorio\/cordeiro\/cordeiro.cartageno.pdf\">Cordeiro (A. Cartageno)<\/a><\/li>\n<li>Comunh\u00e3o: <a href=\"http:\/\/coro.paroquiabaixadabanheira.org\/reportorio\/comunhao\/vos.sois.o.sal.da.terra.pdf\">V\u00f3s sois o sal da terra<\/a><\/li>\n<li>Ac\u00e7\u00e3o de Gra\u00e7as: <a href=\"http:\/\/coro.paroquiabaixadabanheira.org\/reportorio\/gracas\/povo.da.nova.alianca.pdf\">Povo da nova alian\u00e7a<\/a><\/li>\n<li>Final: <a href=\"http:\/\/coro.paroquiabaixadabanheira.org\/reportorio\/diversos\/sera.como.a.luz.do.meio.dia.pdf\">Ser\u00e1 Como a Luz do Meio Dia<\/a> ou <a href=\"http:\/\/coro.paroquiabaixadabanheira.org\/reportorio\/final\/quero.cantar.vosso.nome.pdf\">Quero cantar o vosso nome<\/a><\/li>\n<\/ul>\n<p>Trazer:<\/p>\n<ul>\n<li><a href=\"http:\/\/coro.paroquiabaixadabanheira.org\/reportorio\/maria\/mae.de.misericordia.pdf\">M\u00e3e de Misericordia<\/a><\/li>\n<li><a href=\"http:\/\/coro.paroquiabaixadabanheira.org\/reportorio\/penitencial\/kyrie.eleison.marco.frisina.pdf\">Kyrie Eleison (Marco Frisina)<\/a><\/li>\n<li><a href=\"http:\/\/coro.paroquiabaixadabanheira.org\/reportorio\/final\/proclamai.entre.as.nacoes.a.cartageno.pdf\">Proclamai entre as na\u00e7\u00f5es<\/a><\/li>\n<\/ul>\n","protected":false},"excerpt":{"rendered":"<p>&#8220;Os m\u00fasicos conhecem a no\u00e7\u00e3o de temperamento. Bach escreveu mesmo um conjunto de pe\u00e7as para o Cravo \u201cBem Temperado\u201d. Na m\u00fasica, o temperamento consiste na busca do compromisso poss\u00edvel entre os diferentes graus da escala face \u00e0 impossibilidade da afina\u00e7\u00e3o &hellip;<\/p>\n<p class=\"read-more\"> <a class=\"more-link\" href=\"https:\/\/coro.paroquiabaixadabanheira.org\/?p=4112\"> <span class=\"screen-reader-text\">Domingo V do Tempo Comum<\/span> Read More &raquo;<\/a><\/p>\n","protected":false},"author":3,"featured_media":0,"comment_status":"open","ping_status":"open","sticky":false,"template":"","format":"standard","meta":{"footnotes":""},"categories":[1],"tags":[],"class_list":["post-4112","post","type-post","status-publish","format-standard","hentry","category-uncategorized"],"_links":{"self":[{"href":"https:\/\/coro.paroquiabaixadabanheira.org\/index.php?rest_route=\/wp\/v2\/posts\/4112","targetHints":{"allow":["GET"]}}],"collection":[{"href":"https:\/\/coro.paroquiabaixadabanheira.org\/index.php?rest_route=\/wp\/v2\/posts"}],"about":[{"href":"https:\/\/coro.paroquiabaixadabanheira.org\/index.php?rest_route=\/wp\/v2\/types\/post"}],"author":[{"embeddable":true,"href":"https:\/\/coro.paroquiabaixadabanheira.org\/index.php?rest_route=\/wp\/v2\/users\/3"}],"replies":[{"embeddable":true,"href":"https:\/\/coro.paroquiabaixadabanheira.org\/index.php?rest_route=%2Fwp%2Fv2%2Fcomments&post=4112"}],"version-history":[{"count":2,"href":"https:\/\/coro.paroquiabaixadabanheira.org\/index.php?rest_route=\/wp\/v2\/posts\/4112\/revisions"}],"predecessor-version":[{"id":4114,"href":"https:\/\/coro.paroquiabaixadabanheira.org\/index.php?rest_route=\/wp\/v2\/posts\/4112\/revisions\/4114"}],"wp:attachment":[{"href":"https:\/\/coro.paroquiabaixadabanheira.org\/index.php?rest_route=%2Fwp%2Fv2%2Fmedia&parent=4112"}],"wp:term":[{"taxonomy":"category","embeddable":true,"href":"https:\/\/coro.paroquiabaixadabanheira.org\/index.php?rest_route=%2Fwp%2Fv2%2Fcategories&post=4112"},{"taxonomy":"post_tag","embeddable":true,"href":"https:\/\/coro.paroquiabaixadabanheira.org\/index.php?rest_route=%2Fwp%2Fv2%2Ftags&post=4112"}],"curies":[{"name":"wp","href":"https:\/\/api.w.org\/{rel}","templated":true}]}}