{"id":4115,"date":"2023-02-09T00:05:34","date_gmt":"2023-02-09T00:05:34","guid":{"rendered":"http:\/\/coro.paroquiabaixadabanheira.org\/?p=4115"},"modified":"2023-02-09T00:05:35","modified_gmt":"2023-02-09T00:05:35","slug":"domingo-vi-do-tempo-comum-12","status":"publish","type":"post","link":"https:\/\/coro.paroquiabaixadabanheira.org\/?p=4115","title":{"rendered":"Domingo VI do Tempo Comum"},"content":{"rendered":"<p>&#8220;Por vezes, colocamos nos outros as raz\u00f5es para as nossas infidelidades e fracassos: \u201co c\u00e2ntico corre mal, porque os contraltos desafinam, os sopranos \u201cguincham\u201d, os tenores destoam, os baixos n\u00e3o se ouvem e o organista toca mal\u201d. A culpa morre solteira, mas todos a querem dar em casamento. As coisas podem correr mal por muitas raz\u00f5es, mas a fidelidade ao trabalho e aos compromissos dependem apenas da nossa vontade.&#8221;\u00a0 <em>In Arquidiocese de Braga<\/em><\/p>\n<p><strong>C\u00e2nticos para o Domingo VI do Tempo Comum \u2013 Ano A (<\/strong><a href=\"https:\/\/www.liturgia.pt\/liturgiadiaria\/dia.php?data=2023-2-12\"><strong>liturgia<\/strong><\/a><strong>)<\/strong><\/p>\n<ul>\n<li>Entrada: <a href=\"http:\/\/coro.paroquiabaixadabanheira.org\/reportorio\/entrada\/sede.a.rocha.pdf\">Sede a Rocha<\/a><\/li>\n<li>Acto Penitencial:\u00a0<a href=\"http:\/\/coro.paroquiabaixadabanheira.org\/reportorio\/penitencial\/senhor.tende.piedade.2.pdf\">Senhor, Tende Piedade T.Aragues<\/a>\u00a0ou<a href=\"http:\/\/coro.paroquiabaixadabanheira.org\/reportorio\/penitencial\/senhor.misericordia.cartageno.pdf\">\u00a0Senhor,\u00a0Miseric\u00f3rdia\u00a0(A.Cartageno)<\/a><\/li>\n<li>Salmo: 118<em>\u00a0(119)<\/em>\u00a0<a href=\"https:\/\/www.liturgia.pt\/multimedia\/mp3\/SalmosResponsoriais\/039_TC_A_6Dom-DitosoOQueAnda.mp3\"><em>\u201cDitoso o que anda na lei do Senhor.\u201d<\/em><\/a><\/li>\n<li>Aclama\u00e7\u00e3o ao Evangelho:\u00a0<a href=\"http:\/\/coro.paroquiabaixadabanheira.org\/reportorio\/aclama\/aleluia.manuel.faria.pdf\">Aleluia (Manuel Faria)<\/a>\u00a0<strong>\u201cBendito sejais, \u00f3 Pai, Senhor do c\u00e9u e da terra, porque revelastes aos pequeninos os mist\u00e9rios do reino. \u201d<\/strong><\/li>\n<li>Apresenta\u00e7\u00e3o dos Dons: <a href=\"http:\/\/coro.paroquiabaixadabanheira.org\/reportorio\/ofertorio\/aquele.que.praticar.e.ensinar.pdf\">Aquele que praticar e ensinar<\/a><\/li>\n<li>Santo:\u00a0<a href=\"http:\/\/coro.paroquiabaixadabanheira.org\/reportorio\/santo\/santo.cartageno2.pdf\">Santo Cartageno 2<\/a><\/li>\n<li>Fra\u00e7\u00e3o do P\u00e3o:\u00a0<a href=\"http:\/\/coro.paroquiabaixadabanheira.org\/reportorio\/cordeiro\/cordeiro.cartageno.pdf\">Cordeiro (A. Cartageno)<\/a><\/li>\n<li>Comunh\u00e3o: <a href=\"http:\/\/coro.paroquiabaixadabanheira.org\/reportorio\/comunhao\/se.cumprirdes.os.meus.mandamentos.pdf\">Se cumprirdes os meus mandamentos<\/a><\/li>\n<li>Ac\u00e7\u00e3o de Gra\u00e7as: <a href=\"http:\/\/coro.paroquiabaixadabanheira.org\/reportorio\/comunhao\/pao.que.vem.do.ceu.pdf\">O P\u00e3o que vem do c\u00e9u<\/a><\/li>\n<li>Final: <a href=\"http:\/\/coro.paroquiabaixadabanheira.org\/reportorio\/final\/conduzime.senhor.pdf\">Conduzi-me Senhor\u00a0<\/a><\/li>\n<\/ul>\n<p>Trazer:<\/p>\n<ul>\n<li><a href=\"http:\/\/coro.paroquiabaixadabanheira.org\/reportorio\/penitencial\/kyrie.eleison.marco.frisina.pdf\">Kyrie Eleison (Marco Frisina)<\/a><\/li>\n<li><a href=\"http:\/\/coro.paroquiabaixadabanheira.org\/reportorio\/final\/proclamai.entre.as.nacoes.a.cartageno.pdf\">Proclamai entre as na\u00e7\u00f5es<\/a><\/li>\n<\/ul>\n","protected":false},"excerpt":{"rendered":"<p>&#8220;Por vezes, colocamos nos outros as raz\u00f5es para as nossas infidelidades e fracassos: \u201co c\u00e2ntico corre mal, porque os contraltos desafinam, os sopranos \u201cguincham\u201d, os tenores destoam, os baixos n\u00e3o se ouvem e o organista toca mal\u201d. A culpa morre &hellip;<\/p>\n<p class=\"read-more\"> <a class=\"more-link\" href=\"https:\/\/coro.paroquiabaixadabanheira.org\/?p=4115\"> <span class=\"screen-reader-text\">Domingo VI do Tempo Comum<\/span> Read More &raquo;<\/a><\/p>\n","protected":false},"author":3,"featured_media":0,"comment_status":"open","ping_status":"open","sticky":false,"template":"","format":"standard","meta":{"footnotes":""},"categories":[1],"tags":[],"class_list":["post-4115","post","type-post","status-publish","format-standard","hentry","category-uncategorized"],"_links":{"self":[{"href":"https:\/\/coro.paroquiabaixadabanheira.org\/index.php?rest_route=\/wp\/v2\/posts\/4115","targetHints":{"allow":["GET"]}}],"collection":[{"href":"https:\/\/coro.paroquiabaixadabanheira.org\/index.php?rest_route=\/wp\/v2\/posts"}],"about":[{"href":"https:\/\/coro.paroquiabaixadabanheira.org\/index.php?rest_route=\/wp\/v2\/types\/post"}],"author":[{"embeddable":true,"href":"https:\/\/coro.paroquiabaixadabanheira.org\/index.php?rest_route=\/wp\/v2\/users\/3"}],"replies":[{"embeddable":true,"href":"https:\/\/coro.paroquiabaixadabanheira.org\/index.php?rest_route=%2Fwp%2Fv2%2Fcomments&post=4115"}],"version-history":[{"count":2,"href":"https:\/\/coro.paroquiabaixadabanheira.org\/index.php?rest_route=\/wp\/v2\/posts\/4115\/revisions"}],"predecessor-version":[{"id":4117,"href":"https:\/\/coro.paroquiabaixadabanheira.org\/index.php?rest_route=\/wp\/v2\/posts\/4115\/revisions\/4117"}],"wp:attachment":[{"href":"https:\/\/coro.paroquiabaixadabanheira.org\/index.php?rest_route=%2Fwp%2Fv2%2Fmedia&parent=4115"}],"wp:term":[{"taxonomy":"category","embeddable":true,"href":"https:\/\/coro.paroquiabaixadabanheira.org\/index.php?rest_route=%2Fwp%2Fv2%2Fcategories&post=4115"},{"taxonomy":"post_tag","embeddable":true,"href":"https:\/\/coro.paroquiabaixadabanheira.org\/index.php?rest_route=%2Fwp%2Fv2%2Ftags&post=4115"}],"curies":[{"name":"wp","href":"https:\/\/api.w.org\/{rel}","templated":true}]}}