{"id":4122,"date":"2023-02-16T00:55:19","date_gmt":"2023-02-16T00:55:19","guid":{"rendered":"http:\/\/coro.paroquiabaixadabanheira.org\/?p=4122"},"modified":"2023-02-17T12:57:11","modified_gmt":"2023-02-17T12:57:11","slug":"domingo-vii-do-tempo-comum-8","status":"publish","type":"post","link":"https:\/\/coro.paroquiabaixadabanheira.org\/?p=4122","title":{"rendered":"Domingo VII do Tempo Comum"},"content":{"rendered":"<p>&#8220;Muitos contentam-se com as coisas feitas \u201cmais ou menos\u201d. Desde que n\u00e3o desafine muito j\u00e1 est\u00e1 bem. A interpela\u00e7\u00e3o de Jesus: \u201csede perfeitos\u201d n\u00e3o dever\u00e1 ser compreendida apenas moralmente; ela deve estender-se a todas a atividades humanas e muito em particular \u00e0 liturgia. Uma pe\u00e7a musical executada na liturgia, mesmo sendo muito simples, deve ser perfeitamente executada para louvor do Deus de todas a perfei\u00e7\u00f5es.&#8221;\u00a0 <em>In Arquidiocese de Braga<\/em><\/p>\n<p><strong>C\u00e2nticos para o Domingo VII do Tempo Comum \u2013 Ano A (<\/strong><a href=\"https:\/\/www.liturgia.pt\/liturgiadiaria\/dia.php?data=2023-2-19\"><strong>liturgia<\/strong><\/a><strong>)<\/strong><\/p>\n<ul>\n<li>Entrada: <a href=\"http:\/\/coro.paroquiabaixadabanheira.org\/reportorio\/entrada\/por.vossa.imensa.bondade.pdf\">Por Vossa Imensa Bondade<\/a><\/li>\n<li>Acto Penitencial:\u00a0<a href=\"http:\/\/coro.paroquiabaixadabanheira.org\/reportorio\/penitencial\/senhor.tende.piedade.2.pdf\">Senhor, Tende Piedade T.Aragues<\/a>\u00a0ou<a href=\"http:\/\/coro.paroquiabaixadabanheira.org\/reportorio\/penitencial\/senhor.misericordia.cartageno.pdf\">\u00a0Senhor,\u00a0Miseric\u00f3rdia\u00a0(A.Cartageno)<\/a><\/li>\n<li>Salmo: 102<em> (103)<\/em>\u00a0<a href=\"https:\/\/www.liturgia.pt\/multimedia\/mp3\/SalmosResponsoriais\/040_TC_A_7Dom-SenhorSoisUmDeusClem.mp3\"><em>\u201cSenhor, sois um Deus clemente e compassivo\u201d<\/em><\/a><\/li>\n<li>Aclama\u00e7\u00e3o ao Evangelho:\u00a0<a href=\"http:\/\/coro.paroquiabaixadabanheira.org\/reportorio\/aclama\/aleluia.manuel.faria.pdf\">Aleluia (Manuel Faria)<\/a>\u00a0<strong>\u201cQuem observa a palavra de Cristo,<br \/>\nnesse o amor de Deus \u00e9 perfeito. \u201d<\/strong><\/li>\n<li>Apresenta\u00e7\u00e3o dos Dons: <a href=\"http:\/\/coro.paroquiabaixadabanheira.org\/reportorio\/quaresma\/templo.de.deus.e.santo.pdf\">O Templo de Deus \u00e9 Santo<\/a><\/li>\n<li>Santo:\u00a0<a href=\"http:\/\/coro.paroquiabaixadabanheira.org\/reportorio\/santo\/santo.cartageno2.pdf\">Santo Cartageno 2<\/a><\/li>\n<li>Fra\u00e7\u00e3o do P\u00e3o:\u00a0<a href=\"http:\/\/coro.paroquiabaixadabanheira.org\/reportorio\/cordeiro\/cordeiro.cartageno.pdf\">Cordeiro (A. Cartageno)<\/a><\/li>\n<li>Comunh\u00e3o: <a href=\"http:\/\/coro.paroquiabaixadabanheira.org\/reportorio\/ofertorio\/sede.perfeitos.pdf\">Sede Perfeitos<\/a><\/li>\n<li>Ac\u00e7\u00e3o de Gra\u00e7as: <a href=\"http:\/\/coro.paroquiabaixadabanheira.org\/reportorio\/ofertorio\/ubi.caritas2.pdf\">Ubi Caritas<\/a><\/li>\n<li>Final: <a href=\"http:\/\/coro.paroquiabaixadabanheira.org\/reportorio\/final\/quero.cantar.vosso.nome.pdf\">Quero cantar o vosso nome<\/a><\/li>\n<\/ul>\n<p>Trazer:<\/p>\n<ul>\n<li><a href=\"http:\/\/coro.paroquiabaixadabanheira.org\/reportorio\/quaresma\/do.abismo.em.que.vivo.pdf\">Do abismo em que vivo<\/a><\/li>\n<li><a href=\"http:\/\/coro.paroquiabaixadabanheira.org\/reportorio\/quaresma\/aquele.que.meditar.pdf\">Aquele que meditar dia e noite<\/a><\/li>\n<li><a href=\"http:\/\/coro.paroquiabaixadabanheira.org\/reportorio\/penitencial\/kyrie.eleison.marco.frisina.pdf\">Kyrie Eleison (Marco Frisina)<\/a><\/li>\n<\/ul>\n","protected":false},"excerpt":{"rendered":"<p>&#8220;Muitos contentam-se com as coisas feitas \u201cmais ou menos\u201d. Desde que n\u00e3o desafine muito j\u00e1 est\u00e1 bem. A interpela\u00e7\u00e3o de Jesus: \u201csede perfeitos\u201d n\u00e3o dever\u00e1 ser compreendida apenas moralmente; ela deve estender-se a todas a atividades humanas e muito em &hellip;<\/p>\n<p class=\"read-more\"> <a class=\"more-link\" href=\"https:\/\/coro.paroquiabaixadabanheira.org\/?p=4122\"> <span class=\"screen-reader-text\">Domingo VII do Tempo Comum<\/span> Read More &raquo;<\/a><\/p>\n","protected":false},"author":3,"featured_media":0,"comment_status":"open","ping_status":"open","sticky":false,"template":"","format":"standard","meta":{"footnotes":""},"categories":[1],"tags":[],"class_list":["post-4122","post","type-post","status-publish","format-standard","hentry","category-uncategorized"],"_links":{"self":[{"href":"https:\/\/coro.paroquiabaixadabanheira.org\/index.php?rest_route=\/wp\/v2\/posts\/4122","targetHints":{"allow":["GET"]}}],"collection":[{"href":"https:\/\/coro.paroquiabaixadabanheira.org\/index.php?rest_route=\/wp\/v2\/posts"}],"about":[{"href":"https:\/\/coro.paroquiabaixadabanheira.org\/index.php?rest_route=\/wp\/v2\/types\/post"}],"author":[{"embeddable":true,"href":"https:\/\/coro.paroquiabaixadabanheira.org\/index.php?rest_route=\/wp\/v2\/users\/3"}],"replies":[{"embeddable":true,"href":"https:\/\/coro.paroquiabaixadabanheira.org\/index.php?rest_route=%2Fwp%2Fv2%2Fcomments&post=4122"}],"version-history":[{"count":3,"href":"https:\/\/coro.paroquiabaixadabanheira.org\/index.php?rest_route=\/wp\/v2\/posts\/4122\/revisions"}],"predecessor-version":[{"id":4126,"href":"https:\/\/coro.paroquiabaixadabanheira.org\/index.php?rest_route=\/wp\/v2\/posts\/4122\/revisions\/4126"}],"wp:attachment":[{"href":"https:\/\/coro.paroquiabaixadabanheira.org\/index.php?rest_route=%2Fwp%2Fv2%2Fmedia&parent=4122"}],"wp:term":[{"taxonomy":"category","embeddable":true,"href":"https:\/\/coro.paroquiabaixadabanheira.org\/index.php?rest_route=%2Fwp%2Fv2%2Fcategories&post=4122"},{"taxonomy":"post_tag","embeddable":true,"href":"https:\/\/coro.paroquiabaixadabanheira.org\/index.php?rest_route=%2Fwp%2Fv2%2Ftags&post=4122"}],"curies":[{"name":"wp","href":"https:\/\/api.w.org\/{rel}","templated":true}]}}