{"id":4127,"date":"2023-02-19T13:15:29","date_gmt":"2023-02-19T13:15:29","guid":{"rendered":"http:\/\/coro.paroquiabaixadabanheira.org\/?p=4127"},"modified":"2023-02-19T13:15:31","modified_gmt":"2023-02-19T13:15:31","slug":"quarta-feira-de-cinzas-inicio-da-quaresma-6","status":"publish","type":"post","link":"https:\/\/coro.paroquiabaixadabanheira.org\/?p=4127","title":{"rendered":"Quarta-Feira de Cinzas \u2013 Inicio da Quaresma"},"content":{"rendered":"<p>O ensaio para a liturgia de Quarta-Feira de Cinzas ser\u00e1 no dia 20 de Fevereiro \u00e0 mesma hora.<\/p>\n<p>A Mensagem do Papa Francisco para a Quaresma deste ano tem como t\u00edtulo:<strong><em>\u00abAscese Quaresmal, itiner\u00e1rio Sinodal\u00bb. &#8220;Um convite a p\u00f4r-se a caminho no seguimento de Jesus para aprofundar e acolher o seu mist\u00e9rio de salva\u00e7\u00e3o. \u00c9 o que afirma o Papa em sua Mensagem para a Quaresma 2023, na qual destaca a rela\u00e7\u00e3o entre o caminho quaresmal e o caminho sinodal que n\u00f3s, como Igreja, nos comprometemos a realizar, radicados na tradi\u00e7\u00e3o e abertos para a novidade.&#8221; <\/em><\/strong><em>in Vaticannews<\/em><\/p>\n<p>Deixo-vos aqui o link da mensagem completa do Papa Francisco para a Quaresma \u2013\u00a0<a href=\"https:\/\/www.vatican.va\/content\/francesco\/pt\/messages\/lent\/documents\/20230125-messaggio-quaresima.pdf\">Ler mais<\/a><\/p>\n<p>Breve coment\u00e1rio e escrutino da mensagem da Quaresma &#8211; <a href=\"https:\/\/rr.sapo.pt\/noticia\/amp\/religiao\/2023\/02\/17\/mensagem-do-papa-para-a-quaresma-conversao-quaresmal-e-sinodo-caminham-juntos\/320561\/\">Ler mais<\/a><\/p>\n<p>\u201cDeus vem ao teu encontro, no mais profundo e \u00edntimo do teu ser, para te mostrar o seu amor por ti. Este caminho de rela\u00e7\u00e3o com Deus, levar-te-\u00e1 a reconhecer que Ele habita em ti e entre n\u00f3s, para libertar de tudo o que te separa d\u2019Ele. O tempo favor\u00e1vel da Quaresma, que hoje se inicia, como Igreja Sinodal Samaritana, \u00e9 a ocasi\u00e3o prop\u00edcia para&#8230;. sentir habitado por Deus, fazendo o caminho interior de descoberta de quem \u00e9s, da verdade de ti mesmo diante de Deus&#8230;.. para olhares para o teu interior, para o p\u00f3 e cinza que \u00e9s, t\u00e3o insuflado pelo dom da vida, que te \u00e9 dado por Deus.\u201d <em> In Arquidiocese de Braga<\/em><\/p>\n<p><strong>C\u00e2nticos para a Quarta-Feira de Cinzas \u2013 Ano A (<\/strong><a href=\"https:\/\/www.liturgia.pt\/liturgiadiaria\/dia.php?data=2023-2-22\"><strong>liturgia<\/strong><\/a><strong>)<\/strong><\/p>\n<ul>\n<li>Entrada:\u00a0<a href=\"http:\/\/coro.paroquiabaixadabanheira.org\/reportorio\/quaresma\/olhai.para.mim.senhor.pdf\">Olhai para mim Senhor<\/a><\/li>\n<li>Salmo: 50<em>\u00a0(51)<\/em>\u00a0<a href=\"http:\/\/www.liturgia.pt\/multimedia\/mp3\/SalmosResponsoriais\/014_ABC_Cinzas.mp3\"><em>\u201cPec\u00e1mos, Senhor: tende compaix\u00e3o de n\u00f3s.\u201d<\/em><\/a><\/li>\n<li>Aclama\u00e7\u00e3o ao Evangelho:\u00a0<a href=\"http:\/\/coro.paroquiabaixadabanheira.org\/reportorio\/aclama\/louvor.gloria.vos.cartageno.pdf\">Louvor e Gl\u00f3ria a\u00a0V\u00f3s Cartageno<\/a>\u00a0\u00a0<strong>\u201cSe hoje ouvirdes a voz do Senhor,\u00a0n\u00e3o fecheis os vossos cora\u00e7\u00f5es.\u201d<\/strong><\/li>\n<li>S\u00faplica de Perd\u00e3o:\u00a0<a href=\"http:\/\/coro.paroquiabaixadabanheira.org\/reportorio\/penitencial\/senhor.misericordia.cartageno.pdf\">Senhor, Miseric\u00f3rdia (A.Cartageno)<\/a> ou <a href=\"http:\/\/coro.paroquiabaixadabanheira.org\/reportorio\/penitencial\/senhor.tende.piedade.3.pdf\">Senhor Tende Piedade (M. Alentejana)<\/a><\/li>\n<li>Imposi\u00e7\u00e3o das Cinzas:\u00a0<a href=\"http:\/\/coro.paroquiabaixadabanheira.org\/reportorio\/penitencial\/tende.compaixao.pdf\">Tende Compaix\u00e3o<\/a><\/li>\n<li>Imposi\u00e7\u00e3o das Cinzas:\u00a0<a href=\"http:\/\/coro.paroquiabaixadabanheira.org\/reportorio\/quaresma\/convertei.vos.ao.senhor.pdf\">Convertei-vos ao Senhor<\/a><\/li>\n<li>Ora\u00e7\u00e3o dos Fi\u00e9is:\u00a0<a href=\"http:\/\/coro.paroquiabaixadabanheira.org\/reportorio\/aclamacao\/oracao.universal.pdf\">Respostas<\/a>\u00a0(numero 14)<\/li>\n<li>Apresenta\u00e7\u00e3o dos Dons:\u00a0<a href=\"http:\/\/coro.paroquiabaixadabanheira.org\/reportorio\/quaresma\/chegaram.os.dias.pdf\">Chegaram os dias de penit\u00eancia<\/a><\/li>\n<li>Santo:\u00a0<a href=\"http:\/\/coro.paroquiabaixadabanheira.org\/reportorio\/santo\/santo.a.l.webber.pdf\">Santo\u00a0(A. Webber)<\/a><\/li>\n<li>Cordeiro: <a href=\"http:\/\/coro.paroquiabaixadabanheira.org\/reportorio\/cordeiro\/cordeiro.aragues.pdf\">Cordeiro (Aragues)<\/a><\/li>\n<li>Comunh\u00e3o:\u00a0<a href=\"http:\/\/coro.paroquiabaixadabanheira.org\/reportorio\/quaresma\/aquele.que.meditar.pdf\">Aquele que meditar dia e noite<\/a><\/li>\n<li>Ac\u00e7\u00e3o de Gra\u00e7as:\u00a0<a href=\"http:\/\/coro.paroquiabaixadabanheira.org\/reportorio\/quaresma\/do.abismo.em.que.vivo.pdf\">Do abismo em que vivo<\/a>\u00a0ou\u00a0<a href=\"http:\/\/coro.paroquiabaixadabanheira.org\/reportorio\/quaresma\/senhor.atendei.o.nosso.clamor.pdf\">Senhor atendei o nosso clamor<\/a><\/li>\n<li>Final:\u00a0<a href=\"http:\/\/coro.paroquiabaixadabanheira.org\/reportorio\/quaresma\/irmaos.convertei.pdf\">Irm\u00e3os, Convertei<\/a><\/li>\n<\/ul>\n","protected":false},"excerpt":{"rendered":"<p>O ensaio para a liturgia de Quarta-Feira de Cinzas ser\u00e1 no dia 20 de Fevereiro \u00e0 mesma hora. A Mensagem do Papa Francisco para a Quaresma deste ano tem como t\u00edtulo:\u00abAscese Quaresmal, itiner\u00e1rio Sinodal\u00bb. &#8220;Um convite a p\u00f4r-se a caminho &hellip;<\/p>\n<p class=\"read-more\"> <a class=\"more-link\" href=\"https:\/\/coro.paroquiabaixadabanheira.org\/?p=4127\"> <span class=\"screen-reader-text\">Quarta-Feira de Cinzas \u2013 Inicio da Quaresma<\/span> Read More &raquo;<\/a><\/p>\n","protected":false},"author":3,"featured_media":0,"comment_status":"open","ping_status":"open","sticky":false,"template":"","format":"standard","meta":{"footnotes":""},"categories":[1],"tags":[],"class_list":["post-4127","post","type-post","status-publish","format-standard","hentry","category-uncategorized"],"_links":{"self":[{"href":"https:\/\/coro.paroquiabaixadabanheira.org\/index.php?rest_route=\/wp\/v2\/posts\/4127","targetHints":{"allow":["GET"]}}],"collection":[{"href":"https:\/\/coro.paroquiabaixadabanheira.org\/index.php?rest_route=\/wp\/v2\/posts"}],"about":[{"href":"https:\/\/coro.paroquiabaixadabanheira.org\/index.php?rest_route=\/wp\/v2\/types\/post"}],"author":[{"embeddable":true,"href":"https:\/\/coro.paroquiabaixadabanheira.org\/index.php?rest_route=\/wp\/v2\/users\/3"}],"replies":[{"embeddable":true,"href":"https:\/\/coro.paroquiabaixadabanheira.org\/index.php?rest_route=%2Fwp%2Fv2%2Fcomments&post=4127"}],"version-history":[{"count":1,"href":"https:\/\/coro.paroquiabaixadabanheira.org\/index.php?rest_route=\/wp\/v2\/posts\/4127\/revisions"}],"predecessor-version":[{"id":4128,"href":"https:\/\/coro.paroquiabaixadabanheira.org\/index.php?rest_route=\/wp\/v2\/posts\/4127\/revisions\/4128"}],"wp:attachment":[{"href":"https:\/\/coro.paroquiabaixadabanheira.org\/index.php?rest_route=%2Fwp%2Fv2%2Fmedia&parent=4127"}],"wp:term":[{"taxonomy":"category","embeddable":true,"href":"https:\/\/coro.paroquiabaixadabanheira.org\/index.php?rest_route=%2Fwp%2Fv2%2Fcategories&post=4127"},{"taxonomy":"post_tag","embeddable":true,"href":"https:\/\/coro.paroquiabaixadabanheira.org\/index.php?rest_route=%2Fwp%2Fv2%2Ftags&post=4127"}],"curies":[{"name":"wp","href":"https:\/\/api.w.org\/{rel}","templated":true}]}}