{"id":4133,"date":"2023-02-20T17:58:27","date_gmt":"2023-02-20T17:58:27","guid":{"rendered":"http:\/\/coro.paroquiabaixadabanheira.org\/?p=4133"},"modified":"2023-03-15T23:58:07","modified_gmt":"2023-03-15T23:58:07","slug":"formacao-crista-no-tempo-da-quaresma","status":"publish","type":"post","link":"https:\/\/coro.paroquiabaixadabanheira.org\/?p=4133","title":{"rendered":"Forma\u00e7\u00e3o Crist\u00e3 no Tempo da Quaresma"},"content":{"rendered":"<p><strong>Academia F\u00e9 e Cultura da diocese de Set\u00fabal: m\u00f3dulo &#8220;Mist\u00e9rio de Deus&#8221; com inscri\u00e7\u00f5es abertas<\/strong><\/p>\n<p>Explorar a revela\u00e7\u00e3o de Deus como Trindade do Amor.<\/p>\n<p>Em sete sess\u00f5es, este m\u00f3dulo pretende explorar a revela\u00e7\u00e3o que Deus fez de si mesmo como Trindade de amor, tal como no-la transmite a Sagrada Escritura e como a Tradi\u00e7\u00e3o da Igreja a interpretou no Credo de Niceia-Constantinopla.<\/p>\n<ul>\n<li><strong>Formador:&nbsp;<\/strong>Padre Jos\u00e9 Manuel Moutinho Cacha\u00e7o;<\/li>\n<li><strong>Datas:&nbsp;<\/strong>1, 8, 15, 22 e 29 de mar\u00e7o, 12 e 19 de abril de 2023<\/li>\n<li><strong>Hor\u00e1rio:&nbsp;<\/strong>Quartas-feiras das&nbsp;21h00 \u00e0s 22h30<\/li>\n<li><strong>Local:<\/strong>&nbsp;Externato Frei Lu\u00eds de Sousa (Almada) e&nbsp;<em>Online<\/em>&nbsp;(via&nbsp;<em>Zoom<\/em>)<\/li>\n<li><strong>Prazo de inscri\u00e7\u00e3o:&nbsp;<\/strong>26 de fevereiro<\/li>\n<\/ul>\n<p>Para saber mais informa\u00e7\u00f5es e fazer inscri\u00e7\u00e3o <a href=\"https:\/\/diocese-setubal.pt\/2023\/02\/06\/academia-fe-e-cultura-modulo-misterio-de-deus-com-inscricoes-abertas\/\">clicar aqui<\/a><\/p>\n","protected":false},"excerpt":{"rendered":"<p>Academia F\u00e9 e Cultura da diocese de Set\u00fabal: m\u00f3dulo &#8220;Mist\u00e9rio de Deus&#8221; com inscri\u00e7\u00f5es abertas Explorar a revela\u00e7\u00e3o de Deus como Trindade do Amor. Em sete sess\u00f5es, este m\u00f3dulo pretende explorar a revela\u00e7\u00e3o que Deus fez de si mesmo como &hellip;<\/p>\n<p class=\"read-more\"> <a class=\"more-link\" href=\"https:\/\/coro.paroquiabaixadabanheira.org\/?p=4133\"> <span class=\"screen-reader-text\">Forma\u00e7\u00e3o Crist\u00e3 no Tempo da Quaresma<\/span> Read More &raquo;<\/a><\/p>\n","protected":false},"author":3,"featured_media":0,"comment_status":"open","ping_status":"open","sticky":false,"template":"","format":"standard","meta":{"footnotes":""},"categories":[4],"tags":[],"class_list":["post-4133","post","type-post","status-publish","format-standard","hentry","category-noticias"],"_links":{"self":[{"href":"https:\/\/coro.paroquiabaixadabanheira.org\/index.php?rest_route=\/wp\/v2\/posts\/4133","targetHints":{"allow":["GET"]}}],"collection":[{"href":"https:\/\/coro.paroquiabaixadabanheira.org\/index.php?rest_route=\/wp\/v2\/posts"}],"about":[{"href":"https:\/\/coro.paroquiabaixadabanheira.org\/index.php?rest_route=\/wp\/v2\/types\/post"}],"author":[{"embeddable":true,"href":"https:\/\/coro.paroquiabaixadabanheira.org\/index.php?rest_route=\/wp\/v2\/users\/3"}],"replies":[{"embeddable":true,"href":"https:\/\/coro.paroquiabaixadabanheira.org\/index.php?rest_route=%2Fwp%2Fv2%2Fcomments&post=4133"}],"version-history":[{"count":2,"href":"https:\/\/coro.paroquiabaixadabanheira.org\/index.php?rest_route=\/wp\/v2\/posts\/4133\/revisions"}],"predecessor-version":[{"id":4136,"href":"https:\/\/coro.paroquiabaixadabanheira.org\/index.php?rest_route=\/wp\/v2\/posts\/4133\/revisions\/4136"}],"wp:attachment":[{"href":"https:\/\/coro.paroquiabaixadabanheira.org\/index.php?rest_route=%2Fwp%2Fv2%2Fmedia&parent=4133"}],"wp:term":[{"taxonomy":"category","embeddable":true,"href":"https:\/\/coro.paroquiabaixadabanheira.org\/index.php?rest_route=%2Fwp%2Fv2%2Fcategories&post=4133"},{"taxonomy":"post_tag","embeddable":true,"href":"https:\/\/coro.paroquiabaixadabanheira.org\/index.php?rest_route=%2Fwp%2Fv2%2Ftags&post=4133"}],"curies":[{"name":"wp","href":"https:\/\/api.w.org\/{rel}","templated":true}]}}