{"id":4138,"date":"2023-02-23T22:44:29","date_gmt":"2023-02-23T22:44:29","guid":{"rendered":"http:\/\/coro.paroquiabaixadabanheira.org\/?p=4138"},"modified":"2023-03-12T13:28:18","modified_gmt":"2023-03-12T13:28:18","slug":"domingo-i-da-quaresma-13","status":"publish","type":"post","link":"https:\/\/coro.paroquiabaixadabanheira.org\/?p=4138","title":{"rendered":"Domingo I da Quaresma"},"content":{"rendered":"<p>&#8220;O tempo da Quaresma \u00e9 marcado pelo deserto. Do \u00f3rg\u00e3o \u00e9 dito ser autorizado apenas para sustentar o canto, excetuando no IV domingo, nas festas e solenidades. O Gl\u00f3ria e o Aleluia s\u00e3o omitidos. O sil\u00eancio \u00e9 a \u201cm\u00fasica\u201d pr\u00f3pria do deserto quaresmal. Por isso, a Quaresma \u00e9 tamb\u00e9m o tempo pr\u00f3prio para redescobrir que a m\u00fasica \u00e9 a arte do sil\u00eancio, mais do que a arte do som. A verdadeira m\u00fasica torna o sil\u00eancio apetec\u00edvel.&#8221;\u00a0 \u00a0 <em>In Arquidiocese de Braga<\/em><\/p>\n<p><strong>C\u00e2nticos para o I Domingo da Quaresma \u2013 Ano A (<\/strong><a href=\"https:\/\/www.liturgia.pt\/liturgiadiaria\/dia.php?data=2023-2-26\"><strong>liturgia<\/strong><\/a><strong>)<\/strong><\/p>\n<ul>\n<li>Entrada: <a href=\"http:\/\/coro.paroquiabaixadabanheira.org\/reportorio\/entrada\/diz.o.senhor.nosso.deus.pdf\">Diz o Senhor nosso Deus<\/a><\/li>\n<li>Acto Penitencial:\u00a0<a href=\"http:\/\/coro.paroquiabaixadabanheira.org\/reportorio\/penitencial\/senhor.misericordia.cartageno.pdf\">Senhor, Miseric\u00f3rdia (A.Cartageno)<\/a>\u00a0ou\u00a0<a href=\"http:\/\/coro.paroquiabaixadabanheira.org\/reportorio\/penitencial\/senhor.tende.piedade.3.pdf\">Senhor Tende Piedade (M. Alentejana)<\/a><\/li>\n<li>Aclama\u00e7\u00e3o \u00e0 Palavra: <a href=\"http:\/\/coro.paroquiabaixadabanheira.org\/reportorio\/aclama\/fala.senhor.acilio.mendes.pdf\">Fala Senhor<\/a><\/li>\n<li>Salmo: 50<em>\u00a0(51)<\/em> <a href=\"https:\/\/www.liturgia.pt\/multimedia\/mp3\/SalmosResponsoriais\/014_Qua01AIDom-PecamosSenhor.mp3\"><em>\u201cPec\u00e1mos, Senhor: tende piedade de n\u00f3s.\u201d<\/em><\/a><\/li>\n<li>Aclama\u00e7\u00e3o ao Evangelho:\u00a0<a href=\"http:\/\/coro.paroquiabaixadabanheira.org\/reportorio\/aclama\/gloria.a.vos.ferreira.dos.santos.pdf\">Gl\u00f3ria a\u00a0V\u00f3s, Cristo F. Santos<\/a> <strong>\u201cNem s\u00f3 de p\u00e3o vive o homem, mas de toda a palavra que sai da boca de Deus.\u201d<\/strong><\/li>\n<li>Inscri\u00e7\u00e3o do nome dos Catec\u00famenos: <a href=\"http:\/\/coro.paroquiabaixadabanheira.org\/reportorio\/final\/nao.fostes.vos.que.me.escolhestes.pdf\">N\u00e3o fostes V\u00f3s que me escolhestes<\/a><\/li>\n<li>Apresenta\u00e7\u00e3o dos Dons:\u00a0<a href=\"http:\/\/coro.paroquiabaixadabanheira.org\/reportorio\/quaresma\/perdoa.o.teu.povo.az.oliveira.pdf\">Perdoa o teu povo<\/a><\/li>\n<li>Santo:\u00a0<a href=\"http:\/\/coro.paroquiabaixadabanheira.org\/reportorio\/santo\/santo.a.l.webber.pdf\">Santo\u00a0(A. Webber)<\/a><\/li>\n<li>Cordeiro:\u00a0<a href=\"http:\/\/coro.paroquiabaixadabanheira.org\/reportorio\/cordeiro\/cordeiro.aragues.pdf\">Cordeiro (Aragues)<\/a><\/li>\n<li>Comunh\u00e3o: <a href=\"http:\/\/coro.paroquiabaixadabanheira.org\/reportorio\/comunhao\/nem.so.de.pao.vive.o.homem.pdf\">Nem s\u00f3 de p\u00e3o vive o homem<\/a><\/li>\n<li>Ac\u00e7\u00e3o de Gra\u00e7as: <a href=\"http:\/\/coro.paroquiabaixadabanheira.org\/reportorio\/gracas\/nao.adores.pdf\">N\u00e3o Adores<\/a><\/li>\n<li>Final: <a href=\"http:\/\/coro.paroquiabaixadabanheira.org\/reportorio\/quaresma\/senhor.atendei.o.nosso.clamor.pdf\">Senhor atendei o nosso clamor<\/a><\/li>\n<\/ul>\n","protected":false},"excerpt":{"rendered":"<p>&#8220;O tempo da Quaresma \u00e9 marcado pelo deserto. Do \u00f3rg\u00e3o \u00e9 dito ser autorizado apenas para sustentar o canto, excetuando no IV domingo, nas festas e solenidades. O Gl\u00f3ria e o Aleluia s\u00e3o omitidos. O sil\u00eancio \u00e9 a \u201cm\u00fasica\u201d pr\u00f3pria &hellip;<\/p>\n<p class=\"read-more\"> <a class=\"more-link\" href=\"https:\/\/coro.paroquiabaixadabanheira.org\/?p=4138\"> <span class=\"screen-reader-text\">Domingo I da Quaresma<\/span> Read More &raquo;<\/a><\/p>\n","protected":false},"author":3,"featured_media":0,"comment_status":"open","ping_status":"open","sticky":false,"template":"","format":"standard","meta":{"footnotes":""},"categories":[1],"tags":[],"class_list":["post-4138","post","type-post","status-publish","format-standard","hentry","category-uncategorized"],"_links":{"self":[{"href":"https:\/\/coro.paroquiabaixadabanheira.org\/index.php?rest_route=\/wp\/v2\/posts\/4138","targetHints":{"allow":["GET"]}}],"collection":[{"href":"https:\/\/coro.paroquiabaixadabanheira.org\/index.php?rest_route=\/wp\/v2\/posts"}],"about":[{"href":"https:\/\/coro.paroquiabaixadabanheira.org\/index.php?rest_route=\/wp\/v2\/types\/post"}],"author":[{"embeddable":true,"href":"https:\/\/coro.paroquiabaixadabanheira.org\/index.php?rest_route=\/wp\/v2\/users\/3"}],"replies":[{"embeddable":true,"href":"https:\/\/coro.paroquiabaixadabanheira.org\/index.php?rest_route=%2Fwp%2Fv2%2Fcomments&post=4138"}],"version-history":[{"count":4,"href":"https:\/\/coro.paroquiabaixadabanheira.org\/index.php?rest_route=\/wp\/v2\/posts\/4138\/revisions"}],"predecessor-version":[{"id":4153,"href":"https:\/\/coro.paroquiabaixadabanheira.org\/index.php?rest_route=\/wp\/v2\/posts\/4138\/revisions\/4153"}],"wp:attachment":[{"href":"https:\/\/coro.paroquiabaixadabanheira.org\/index.php?rest_route=%2Fwp%2Fv2%2Fmedia&parent=4138"}],"wp:term":[{"taxonomy":"category","embeddable":true,"href":"https:\/\/coro.paroquiabaixadabanheira.org\/index.php?rest_route=%2Fwp%2Fv2%2Fcategories&post=4138"},{"taxonomy":"post_tag","embeddable":true,"href":"https:\/\/coro.paroquiabaixadabanheira.org\/index.php?rest_route=%2Fwp%2Fv2%2Ftags&post=4138"}],"curies":[{"name":"wp","href":"https:\/\/api.w.org\/{rel}","templated":true}]}}