{"id":4178,"date":"2023-03-30T00:12:13","date_gmt":"2023-03-30T00:12:13","guid":{"rendered":"http:\/\/coro.paroquiabaixadabanheira.org\/?p=4178"},"modified":"2023-03-30T00:12:15","modified_gmt":"2023-03-30T00:12:15","slug":"domingo-de-ramos-na-paixao-do-senhor-8","status":"publish","type":"post","link":"https:\/\/coro.paroquiabaixadabanheira.org\/?p=4178","title":{"rendered":"Domingo de Ramos na Paix\u00e3o do Senhor"},"content":{"rendered":"<p>&#8220;A hist\u00f3ria do ser humano com Deus est\u00e1 cheia de fragilidades, omiss\u00f5es e trai\u00e7\u00f5es; mas tamb\u00e9m de generosidade, obedi\u00eancia e entrega, como Jesus insistentemente nos pede. Aproxima-se a P\u00e1scoa e Jesus quer celebr\u00e1-la em casa de cada um! Procuremos fazer momentos de sil\u00eancio e neles procurar conversar com Deus, fortalecendo a nossa f\u00e9 e vivendo na esperan\u00e7a da ressurrei\u00e7\u00e3o de Cristo.&#8221;\u00a0 \u00a0 <em>In Arquidiocese de Braga<\/em><\/p>\n<p><strong>C\u00e2nticos para o Domingo de Ramos na Paix\u00e3o do Senhor \u2013 Ano A (<\/strong><a href=\"https:\/\/www.liturgia.pt\/liturgiadiaria\/dia.php?data=2023-4-2\"><strong>liturgia<\/strong><strong>)<\/strong><\/a><\/p>\n<ul>\n<li>Prociss\u00e3o: <a href=\"http:\/\/coro.paroquiabaixadabanheira.org\/reportorio\/quaresma\/hossana.ao.filho.de.david.f.santos.pdf\">Hossana ao filho de David <\/a>ou\u00a0 <a href=\"http:\/\/coro.paroquiabaixadabanheira.org\/reportorio\/quaresma\/hossana.nas.alturas.JAN.pdf\">Hossana nas Alturas (JAN)\u00a0<\/a><\/li>\n<li>Entrada:\u00a0<a href=\"http:\/\/coro.paroquiabaixadabanheira.org\/reportorio\/diversos\/hossana.pdf\">Hossana nas Alturas\u00a0<\/a><\/li>\n<li>Salmo\u00a021\u00a0<em>(22):\u00a0<a href=\"https:\/\/www.liturgia.pt\/multimedia\/mp3\/SalmosResponsoriais\/019_ABC_11SemSantRamos-MeuDeus.mp3\">\u201dMeu Deus, meu Deus, porque me abandonaste?\u201d<\/a><\/em><\/li>\n<li>Aclama\u00e7\u00e3o ao Evangelho: <a href=\"http:\/\/coro.paroquiabaixadabanheira.org\/reportorio\/aclama\/gloria.a.vos.ferreira.dos.santos.pdf\">Gl\u00f3ria a\u00a0V\u00f3s, Cristo F. Santos<\/a>\u00a0<strong>\u201d Cristo obedeceu at\u00e9 a morte e morte de cruz.<\/strong><strong>\u00a0Por isso Deus O exaltou e Lhe deu um<\/strong><strong>\u00a0nome que est\u00e1 acima de todos os nomes.\u201d<\/strong><\/li>\n<li>Apresenta\u00e7\u00e3o dos Dons:\u00a0<a href=\"http:\/\/coro.paroquiabaixadabanheira.org\/reportorio\/quaresma\/o.estandarte.da.cruz.pdf\">O estandarte da Cruz<\/a><\/li>\n<li>Santo:\u00a0<a href=\"http:\/\/coro.paroquiabaixadabanheira.org\/reportorio\/santo\/santo.a.l.webber.pdf\">Santo\u00a0(A. Webber)<\/a><\/li>\n<li>Fra\u00e7\u00e3o do P\u00e3o: <a href=\"http:\/\/coro.paroquiabaixadabanheira.org\/reportorio\/cordeiro\/cordeiro.aragues.pdf\">Cordeiro (Aragues)<\/a><\/li>\n<li>Comunh\u00e3o:\u00a0<a href=\"http:\/\/coro.paroquiabaixadabanheira.org\/reportorio\/quaresma\/pai.se.este.calice1.pdf\">Pai, se este c\u00e1lice<\/a><\/li>\n<li>Ac\u00e7\u00e3o de Gra\u00e7as:\u00a0<a href=\"http:\/\/coro.paroquiabaixadabanheira.org\/reportorio\/taize\/in.manus.tuas.pater.pdf\">In manus tuas, pater<\/a><\/li>\n<li>Final:\u00a0<a href=\"http:\/\/coro.paroquiabaixadabanheira.org\/reportorio\/quaresma\/cobriu.se.a.terra.pdf\">Cobriu-se a Terra de Luto<\/a>\u00a0ou\u00a0<a href=\"http:\/\/coro.paroquiabaixadabanheira.org\/reportorio\/livros\/hossana.tu.reinaras.pdf\">Hossana!Tu Reinar\u00e1s! \u2013 NOVO<\/a><\/li>\n<\/ul>\n<p>Trazer:<\/p>\n<ul>\n<li><a href=\"http:\/\/coro.paroquiabaixadabanheira.org\/reportorio\/penitencial\/kyrie.eleison.manuel.simoes.pdf\">Kyrie Eleison (Manuel Sim\u00f5es)<\/a><\/li>\n<li><a href=\"http:\/\/coro.paroquiabaixadabanheira.org\/reportorio\/pascoa\/a.nossa.pascoa.pdf\">A nossa P\u00e1scoa<\/a><\/li>\n<li><a href=\"http:\/\/coro.paroquiabaixadabanheira.org\/reportorio\/pascoa\/a.vitima.pascal.pdf\">\u00c0 Vitima pascal<\/a><\/li>\n<li><a href=\"http:\/\/coro.paroquiabaixadabanheira.org\/reportorio\/pascoa\/no.baptismo.renascidos.pdf\">No baptismo renascidos<\/a><\/li>\n<\/ul>\n","protected":false},"excerpt":{"rendered":"<p>&#8220;A hist\u00f3ria do ser humano com Deus est\u00e1 cheia de fragilidades, omiss\u00f5es e trai\u00e7\u00f5es; mas tamb\u00e9m de generosidade, obedi\u00eancia e entrega, como Jesus insistentemente nos pede. Aproxima-se a P\u00e1scoa e Jesus quer celebr\u00e1-la em casa de cada um! Procuremos fazer &hellip;<\/p>\n<p class=\"read-more\"> <a class=\"more-link\" href=\"https:\/\/coro.paroquiabaixadabanheira.org\/?p=4178\"> <span class=\"screen-reader-text\">Domingo de Ramos na Paix\u00e3o do Senhor<\/span> Read More &raquo;<\/a><\/p>\n","protected":false},"author":3,"featured_media":0,"comment_status":"open","ping_status":"open","sticky":false,"template":"","format":"standard","meta":{"footnotes":""},"categories":[1],"tags":[],"class_list":["post-4178","post","type-post","status-publish","format-standard","hentry","category-uncategorized"],"_links":{"self":[{"href":"https:\/\/coro.paroquiabaixadabanheira.org\/index.php?rest_route=\/wp\/v2\/posts\/4178","targetHints":{"allow":["GET"]}}],"collection":[{"href":"https:\/\/coro.paroquiabaixadabanheira.org\/index.php?rest_route=\/wp\/v2\/posts"}],"about":[{"href":"https:\/\/coro.paroquiabaixadabanheira.org\/index.php?rest_route=\/wp\/v2\/types\/post"}],"author":[{"embeddable":true,"href":"https:\/\/coro.paroquiabaixadabanheira.org\/index.php?rest_route=\/wp\/v2\/users\/3"}],"replies":[{"embeddable":true,"href":"https:\/\/coro.paroquiabaixadabanheira.org\/index.php?rest_route=%2Fwp%2Fv2%2Fcomments&post=4178"}],"version-history":[{"count":2,"href":"https:\/\/coro.paroquiabaixadabanheira.org\/index.php?rest_route=\/wp\/v2\/posts\/4178\/revisions"}],"predecessor-version":[{"id":4180,"href":"https:\/\/coro.paroquiabaixadabanheira.org\/index.php?rest_route=\/wp\/v2\/posts\/4178\/revisions\/4180"}],"wp:attachment":[{"href":"https:\/\/coro.paroquiabaixadabanheira.org\/index.php?rest_route=%2Fwp%2Fv2%2Fmedia&parent=4178"}],"wp:term":[{"taxonomy":"category","embeddable":true,"href":"https:\/\/coro.paroquiabaixadabanheira.org\/index.php?rest_route=%2Fwp%2Fv2%2Fcategories&post=4178"},{"taxonomy":"post_tag","embeddable":true,"href":"https:\/\/coro.paroquiabaixadabanheira.org\/index.php?rest_route=%2Fwp%2Fv2%2Ftags&post=4178"}],"curies":[{"name":"wp","href":"https:\/\/api.w.org\/{rel}","templated":true}]}}