{"id":4197,"date":"2023-05-03T22:25:12","date_gmt":"2023-05-03T22:25:12","guid":{"rendered":"http:\/\/coro.paroquiabaixadabanheira.org\/?p=4197"},"modified":"2023-05-03T22:25:47","modified_gmt":"2023-05-03T22:25:47","slug":"terco-mes-de-maria-2","status":"publish","type":"post","link":"https:\/\/coro.paroquiabaixadabanheira.org\/?p=4197","title":{"rendered":"Ter\u00e7o \u2013 M\u00eas de Maria"},"content":{"rendered":"<div><\/div>\n<div>&#8220;O m\u00eas de Maio \u00e9 tradicionalmente dedicado a Nossa Senhora e as comunidades crist\u00e3s re\u00fanem-se para levar a cabo as mais variadas pr\u00e1ticas de piedade popular marianas, sobretudo a recita\u00e7\u00e3o comunit\u00e1ria do ter\u00e7o e as prociss\u00f5es de velas. Na exorta\u00e7\u00e3o apost\u00f3lica <em>Evangelii Gaudium<\/em>, o Papa Francisco fala da \u00ab<em>for\u00e7a evangelizadora da piedade popular<\/em>\u00bb. Atrav\u00e9s das diversas iniciativas e actividades, \u00e9 importante ajudar os fi\u00e9is a redescobrir a beleza e a centralidade da f\u00e9, em Jesus Cristo, e a necessidade de uma vida consent\u00e2nea com a f\u00e9 professada e celebrada.&#8221;\u00a0 \u00a0 \u00a0 <em>In Voz Portucalense<\/em><\/div>\n<div><\/div>\n<div><strong>Todas as quintas-feiras durante o m\u00eas de Maio<\/strong>, o coro esta respons\u00e1vel pelos c\u00e2nticos na recita\u00e7\u00e3o do ter\u00e7o \u00e1s 21h na igreja paroquial.<\/div>\n<div>Deveremos estar todos presentes \u00e1s 20h55.<\/div>\n<div>Ap\u00f3s o ter\u00e7o teremos o nosso ensaio para a Eucaristia de domingo.<\/div>\n<div><\/div>\n<div>Ordem das musicas para o ter\u00e7o desta quinta-feira, dia 4 de Maio:<\/div>\n<ul>\n<li>Inicio:\u00a0<a href=\"http:\/\/coro.paroquiabaixadabanheira.org\/reportorio\/maria\/ave.maria.gratia.plena.pdf\">Gratia Plena<\/a>\u00a0(1\u00ba estrofe)<\/li>\n<li>1\u00baMist\u00e9rio:\u00a0<a href=\"http:\/\/coro.paroquiabaixadabanheira.org\/reportorio\/maria\/ave.maria.gratia.plena.pdf\">Gratia Plena<\/a>\u00a0(2\u00ba estrofe)<\/li>\n<li>2\u00baMist\u00e9rio:\u00a0<a href=\"http:\/\/coro.paroquiabaixadabanheira.org\/reportorio\/maria\/ave.maria.gratia.plena.pdf\">Gratia Plena<\/a>\u00a0(3\u00ba estrofe)<\/li>\n<li>3\u00baMist\u00e9rio:\u00a0<a href=\"http:\/\/coro.paroquiabaixadabanheira.org\/reportorio\/maria\/senhora.nos.vos.cantamos.pdf\">Senhora, n\u00f3s vos cantamos<\/a>\u00a0(1\u00ba estrofe)<\/li>\n<li>4\u00baMist\u00e9rio:\u00a0<a href=\"http:\/\/coro.paroquiabaixadabanheira.org\/reportorio\/maria\/senhora.nos.vos.cantamos.pdf\">Senhora, n\u00f3s vos cantamos<\/a>\u00a0(2\u00ba estrofe)<\/li>\n<li>5\u00baMist\u00e9rio:\u00a0<a href=\"http:\/\/coro.paroquiabaixadabanheira.org\/reportorio\/maria\/senhora.nos.vos.cantamos.pdf\">Senhora, n\u00f3s vos cantamos<\/a>\u00a0(3\u00ba estrofe)<\/li>\n<li>Final:\u00a0<a href=\"http:\/\/coro.paroquiabaixadabanheira.org\/reportorio\/maria\/a.treze.de.maio.pdf\">A treze de Maio<\/a><\/li>\n<\/ul>\n<p><strong>Exposi\u00e7\u00e3o do Sant\u00edssimo Sacramento<\/strong><\/p>\n<ul>\n<li><a href=\"http:\/\/coro.paroquiabaixadabanheira.org\/reportorio\/diversos\/meu.deus.eu.creio.pdf\">Meu Deus eu creio<\/a><\/li>\n<li><a href=\"http:\/\/coro.paroquiabaixadabanheira.org\/reportorio\/quaresma\/venite.adoremos.pdf\">Venite Adoremus<\/a><\/li>\n<li><a href=\"http:\/\/coro.paroquiabaixadabanheira.org\/reportorio\/diversos\/nos.te.adoramos.silvio.vicente.pdf\">N\u00f3s de adoramos, Aleluia<\/a><\/li>\n<li><a href=\"http:\/\/coro.paroquiabaixadabanheira.org\/reportorio\/diversos\/pai.nosso.que.estais.no.ceu.pdf\">Pai nosso que estais no c\u00e9u<\/a><\/li>\n<li><a href=\"http:\/\/coro.paroquiabaixadabanheira.org\/reportorio\/gracas\/bendito.sejas.senhor.cartageno.pdf\">Bendito Sejas, Senhor<\/a><\/li>\n<li><a href=\"http:\/\/coro.paroquiabaixadabanheira.org\/reportorio\/quaresma\/pange.lingua.pdf\">Pange Lingua<\/a>\u00a0com o\u00a0<a href=\"http:\/\/coro.paroquiabaixadabanheira.org\/reportorio\/quaresma\/o.senhor.esta.connosco.refrao.pdf\">Refr\u00e3o \u2013 NOVO\u00a0<\/a>(5\u00ba e 6\u00ba estrofe)<\/li>\n<\/ul>\n","protected":false},"excerpt":{"rendered":"<p>&#8220;O m\u00eas de Maio \u00e9 tradicionalmente dedicado a Nossa Senhora e as comunidades crist\u00e3s re\u00fanem-se para levar a cabo as mais variadas pr\u00e1ticas de piedade popular marianas, sobretudo a recita\u00e7\u00e3o comunit\u00e1ria do ter\u00e7o e as prociss\u00f5es de velas. Na exorta\u00e7\u00e3o &hellip;<\/p>\n<p class=\"read-more\"> <a class=\"more-link\" href=\"https:\/\/coro.paroquiabaixadabanheira.org\/?p=4197\"> <span class=\"screen-reader-text\">Ter\u00e7o \u2013 M\u00eas de Maria<\/span> Read More &raquo;<\/a><\/p>\n","protected":false},"author":3,"featured_media":0,"comment_status":"open","ping_status":"open","sticky":false,"template":"","format":"standard","meta":{"footnotes":""},"categories":[1],"tags":[],"class_list":["post-4197","post","type-post","status-publish","format-standard","hentry","category-uncategorized"],"_links":{"self":[{"href":"https:\/\/coro.paroquiabaixadabanheira.org\/index.php?rest_route=\/wp\/v2\/posts\/4197","targetHints":{"allow":["GET"]}}],"collection":[{"href":"https:\/\/coro.paroquiabaixadabanheira.org\/index.php?rest_route=\/wp\/v2\/posts"}],"about":[{"href":"https:\/\/coro.paroquiabaixadabanheira.org\/index.php?rest_route=\/wp\/v2\/types\/post"}],"author":[{"embeddable":true,"href":"https:\/\/coro.paroquiabaixadabanheira.org\/index.php?rest_route=\/wp\/v2\/users\/3"}],"replies":[{"embeddable":true,"href":"https:\/\/coro.paroquiabaixadabanheira.org\/index.php?rest_route=%2Fwp%2Fv2%2Fcomments&post=4197"}],"version-history":[{"count":5,"href":"https:\/\/coro.paroquiabaixadabanheira.org\/index.php?rest_route=\/wp\/v2\/posts\/4197\/revisions"}],"predecessor-version":[{"id":4202,"href":"https:\/\/coro.paroquiabaixadabanheira.org\/index.php?rest_route=\/wp\/v2\/posts\/4197\/revisions\/4202"}],"wp:attachment":[{"href":"https:\/\/coro.paroquiabaixadabanheira.org\/index.php?rest_route=%2Fwp%2Fv2%2Fmedia&parent=4197"}],"wp:term":[{"taxonomy":"category","embeddable":true,"href":"https:\/\/coro.paroquiabaixadabanheira.org\/index.php?rest_route=%2Fwp%2Fv2%2Fcategories&post=4197"},{"taxonomy":"post_tag","embeddable":true,"href":"https:\/\/coro.paroquiabaixadabanheira.org\/index.php?rest_route=%2Fwp%2Fv2%2Ftags&post=4197"}],"curies":[{"name":"wp","href":"https:\/\/api.w.org\/{rel}","templated":true}]}}