{"id":4215,"date":"2023-05-17T16:19:45","date_gmt":"2023-05-17T16:19:45","guid":{"rendered":"http:\/\/coro.paroquiabaixadabanheira.org\/?p=4215"},"modified":"2023-05-17T16:19:47","modified_gmt":"2023-05-17T16:19:47","slug":"solenidade-da-ascensao-do-senhor-6","status":"publish","type":"post","link":"https:\/\/coro.paroquiabaixadabanheira.org\/?p=4215","title":{"rendered":"Solenidade da Ascens\u00e3o do Senhor"},"content":{"rendered":"<p>&#8220;\u00ab<em>Ide e ensinai todas as na\u00e7\u00f5es, baptizando-as em nome do Pai e do Filho e do Esp\u00edrito Santo<\/em>\u00bb. Jesus conta connosco para que o Reino de Deus se continue a fazer presente no mundo. Somos os bra\u00e7os que devem continuar a abra\u00e7ar e a consolar, os l\u00e1bios que devem continuar a anunciar a Boa Nova da paz e da esperan\u00e7a, as vidas que devem fazer ecoar no tempo e na hist\u00f3ria as maravilhas do amor de Deus. A Ascens\u00e3o do Senhor n\u00e3o nos pode deixar im\u00f3veis e de olhar fito no C\u00e9u, mas envia-nos em miss\u00e3o e faz de n\u00f3s disc\u00edpulos mission\u00e1rios, suas \u00ab<em>testemunhas em Jerusal\u00e9m e em toda a Judeia e na Samaria, e at\u00e9 aos confins da terra<\/em>\u00bb.&#8221;\u00a0 \u00a0 \u00a0 <em>In Voz Portucalense<\/em><\/p>\n<p><strong>C\u00e2nticos para a Solenidade da Ascens\u00e3o do Senhor\u00a0<\/strong><strong>\u2013 Ano A (<a href=\"https:\/\/www.liturgia.pt\/liturgiadiaria\/dia.php?data=2023-5-21\">liturgia)<\/a><\/strong><\/p>\n<ul>\n<li>Entrada:\u00a0<a href=\"http:\/\/coro.paroquiabaixadabanheira.org\/reportorio\/pascoa\/aclamai.jesus.cristo.pdf\">Aclamai Jesus cristo<\/a><\/li>\n<li>Acto Penitencial:\u00a0<a href=\"http:\/\/coro.paroquiabaixadabanheira.org\/reportorio\/penitencial\/kyrie.eleison.manuel.simoes.pdf\">Kyrie Eleison (Manuel Sim\u00f5es)<\/a><\/li>\n<li>ou Resposta antes da aspers\u00e3o:\u00a0<a href=\"http:\/\/coro.paroquiabaixadabanheira.org\/reportorio\/aclamacao\/gloria.a.vos.senhor.aclamacao.do.preconio.pdf\">Gloria a v\u00f3s senhor<\/a><\/li>\n<li>ou Aspers\u00e3o: <a href=\"http:\/\/coro.paroquiabaixadabanheira.org\/reportorio\/baptismo\/vos.que.fostes.baptizados.pdf\">V\u00f3s que Fostes Baptizado<\/a><\/li>\n<li>Gl\u00f3ria:\u00a0<a href=\"http:\/\/coro.paroquiabaixadabanheira.org\/reportorio\/gloria\/gloria.2.vozes.pdf\">Gloria 2 Vozes\u00a0<\/a><\/li>\n<li>Salmo 46 (47)\u00a0<a href=\"https:\/\/www.liturgia.pt\/multimedia\/mp3\/SalmosResponsoriais\/033_Pas07AVIIDom-Ergue-seDeus.mp3\"><em>\u201dErgue-Se Deus, o Senhor,\u00a0em j\u00fabilo e ao som da trombeta\u201d<\/em><\/a><\/li>\n<li>Aclama\u00e7\u00e3o ao Evangelho:\u00a0\u00a0<a href=\"http:\/\/coro.paroquiabaixadabanheira.org\/reportorio\/pascoa\/aleluia.pascal.pdf\">Aleluia Pascal<\/a>\u00a0<strong>\u201cIde e ensinai todos os povos, diz o Senhor: Eu estou sempre<\/strong><strong>\u00a0convosco at\u00e9 ao fim dos tempos.\u201d<\/strong><\/li>\n<li>Ora\u00e7\u00e3o dos Fi\u00e9is:\u00a0<a href=\"http:\/\/coro.paroquiabaixadabanheira.org\/reportorio\/aclamacao\/oracao.universal.pdf\">Respostas\u00a0<\/a>\u2013 33<\/li>\n<li>Apresenta\u00e7\u00e3o dos Dons:\u00a0<a href=\"http:\/\/coro.paroquiabaixadabanheira.org\/reportorio\/gracas\/eu.estou.sempre.convosco.pdf\">Eu estou sempre convosco<\/a><\/li>\n<li>Santo: <a href=\"http:\/\/coro.paroquiabaixadabanheira.org\/reportorio\/santo\/santo.joao.andrade.nunes.pdf\">Santo\u00a0J. A. Nunes<\/a><\/li>\n<li>Cordeiro: <a href=\"http:\/\/coro.paroquiabaixadabanheira.org\/reportorio\/cordeiro\/cordeiro.de.deus.fernando.lapa.pdf\">Cordeiro de Deus F. Lapa<\/a><\/li>\n<li>Comunh\u00e3o:\u00a0<a href=\"http:\/\/coro.paroquiabaixadabanheira.org\/reportorio\/pentecostes\/homens.da.galileia.pdf\">Homens da Galileia<\/a><\/li>\n<li>Ac\u00e7\u00e3o de Gra\u00e7as:\u00a0<a href=\"http:\/\/coro.paroquiabaixadabanheira.org\/reportorio\/maria\/ave.theotokos.pdf\">Ave Theotokos<\/a><\/li>\n<li>Final:\u00a0<a href=\"http:\/\/coro.paroquiabaixadabanheira.org\/reportorio\/final\/ide.e.ensinai.pdf\">Ide e Ensinai<\/a><\/li>\n<\/ul>\n<p>Trazer:<\/p>\n<ul>\n<li><a href=\"http:\/\/coro.paroquiabaixadabanheira.org\/reportorio\/diversos\/hino.jmj.letra.pdf\">Hino JMJ 2023<\/a><\/li>\n<\/ul>\n","protected":false},"excerpt":{"rendered":"<p>&#8220;\u00abIde e ensinai todas as na\u00e7\u00f5es, baptizando-as em nome do Pai e do Filho e do Esp\u00edrito Santo\u00bb. Jesus conta connosco para que o Reino de Deus se continue a fazer presente no mundo. Somos os bra\u00e7os que devem continuar &hellip;<\/p>\n<p class=\"read-more\"> <a class=\"more-link\" href=\"https:\/\/coro.paroquiabaixadabanheira.org\/?p=4215\"> <span class=\"screen-reader-text\">Solenidade da Ascens\u00e3o do Senhor<\/span> Read More &raquo;<\/a><\/p>\n","protected":false},"author":3,"featured_media":0,"comment_status":"open","ping_status":"open","sticky":false,"template":"","format":"standard","meta":{"footnotes":""},"categories":[1],"tags":[],"class_list":["post-4215","post","type-post","status-publish","format-standard","hentry","category-uncategorized"],"_links":{"self":[{"href":"https:\/\/coro.paroquiabaixadabanheira.org\/index.php?rest_route=\/wp\/v2\/posts\/4215","targetHints":{"allow":["GET"]}}],"collection":[{"href":"https:\/\/coro.paroquiabaixadabanheira.org\/index.php?rest_route=\/wp\/v2\/posts"}],"about":[{"href":"https:\/\/coro.paroquiabaixadabanheira.org\/index.php?rest_route=\/wp\/v2\/types\/post"}],"author":[{"embeddable":true,"href":"https:\/\/coro.paroquiabaixadabanheira.org\/index.php?rest_route=\/wp\/v2\/users\/3"}],"replies":[{"embeddable":true,"href":"https:\/\/coro.paroquiabaixadabanheira.org\/index.php?rest_route=%2Fwp%2Fv2%2Fcomments&post=4215"}],"version-history":[{"count":2,"href":"https:\/\/coro.paroquiabaixadabanheira.org\/index.php?rest_route=\/wp\/v2\/posts\/4215\/revisions"}],"predecessor-version":[{"id":4218,"href":"https:\/\/coro.paroquiabaixadabanheira.org\/index.php?rest_route=\/wp\/v2\/posts\/4215\/revisions\/4218"}],"wp:attachment":[{"href":"https:\/\/coro.paroquiabaixadabanheira.org\/index.php?rest_route=%2Fwp%2Fv2%2Fmedia&parent=4215"}],"wp:term":[{"taxonomy":"category","embeddable":true,"href":"https:\/\/coro.paroquiabaixadabanheira.org\/index.php?rest_route=%2Fwp%2Fv2%2Fcategories&post=4215"},{"taxonomy":"post_tag","embeddable":true,"href":"https:\/\/coro.paroquiabaixadabanheira.org\/index.php?rest_route=%2Fwp%2Fv2%2Ftags&post=4215"}],"curies":[{"name":"wp","href":"https:\/\/api.w.org\/{rel}","templated":true}]}}