{"id":4224,"date":"2023-05-31T23:56:01","date_gmt":"2023-05-31T23:56:01","guid":{"rendered":"http:\/\/coro.paroquiabaixadabanheira.org\/?p=4224"},"modified":"2023-05-31T23:56:03","modified_gmt":"2023-05-31T23:56:03","slug":"solenidade-da-santissima-trindade-e-crisma","status":"publish","type":"post","link":"https:\/\/coro.paroquiabaixadabanheira.org\/?p=4224","title":{"rendered":"Solenidade da Sant\u00edssima Trindade e Crisma"},"content":{"rendered":"<p>Neste Domingo, dia 04\/06, para al\u00e9m da anima\u00e7\u00e3o lit\u00fargica da Eucaristia dominical temos a Eucaristia das 15h com a celebra\u00e7\u00e3o do Crisma. Os ensaios voltam novamente a ser \u00e0 sexta-feira.<\/p>\n<p>&#8220;A celebra\u00e7\u00e3o da solenidade da Sant\u00edssima Trindade tem tudo que ver com a nossa vida e apresenta-se para n\u00f3s como uma janela aberta com vista directa para o cora\u00e7\u00e3o de Deus. Deixamos de parte a nossa l\u00f3gica matem\u00e1tica e abrimos o cora\u00e7\u00e3o ao mist\u00e9rio de um Deus que se revela em tr\u00eas pessoas. O nosso Deus n\u00e3o \u00e9 um deus solit\u00e1rio, um divino solteir\u00e3o que habita no cimo de uma nuvem. O nosso Deus, o Deus revelado em Jesus Cristo na for\u00e7a do Esp\u00edrito Santo, \u00e9 comunh\u00e3o de amor e n\u00e3o s\u00f3 subsiste como tal, como se revela deste modo: \u00ab<em>Deus amou tanto o mundo que entregou o seu Filho Unig\u00e9nito, para que todo o homem que acredita n\u2019Ele n\u00e3o pere\u00e7a, mas tenha a vida eterna<\/em>\u00bb&#8221;.\u00a0 <em>In Voz Portucalense<\/em><\/p>\n<p><strong>C\u00e2nticos para a Solenidade da Sant\u00edssima Trindade \u2013 Ano A<\/strong>\u00a0(<a href=\"https:\/\/www.liturgia.pt\/liturgiadiaria\/dia.php?data=2023-6-4\">Liturgia<\/a>)<\/p>\n<ul>\n<li>Entrada:\u00a0<a href=\"http:\/\/coro.paroquiabaixadabanheira.org\/reportorio\/diversos\/pai.filho.espirito.santo.pdf\">Pai, Filho, Esp\u00edrito\u00a0Santo<\/a><\/li>\n<li>Acto Penitencial:\u00a0<a href=\"http:\/\/coro.paroquiabaixadabanheira.org\/reportorio\/penitencial\/senhor.tende.piedade.3.pdf\">Senhor Tende Piedade (M. Alentejana)<\/a><\/li>\n<li>Gl\u00f3ria: <a href=\"http:\/\/coro.paroquiabaixadabanheira.org\/reportorio\/gloria\/gloria.2.vozes.pdf\">Gloria 2 Vozes<\/a><\/li>\n<li>Salmo: Dan 3 <a href=\"https:\/\/www.liturgia.pt\/multimedia\/mp3\/SalmosResponsoriais\/069_TC_A_SSTrindade-DignoDeLouvor.mp3\"><em>\u201dDigno de louvor e de gl\u00f3ria.\u201d<\/em><\/a><\/li>\n<li>Aclama\u00e7\u00e3o ao Evangelho: <a href=\"http:\/\/coro.paroquiabaixadabanheira.org\/reportorio\/aclama\/aleluia.janmichaeljoncas.pdf\">Aleluia (Jan Joncas)<\/a> <strong>\u201cGl\u00f3ria ao Pai e ao Filho e ao Esp\u00edrito Santo, ao Deus que \u00e9, que era e que h\u00e1-de vir.\u201d<\/strong><\/li>\n<li>Ora\u00e7\u00e3o dos Fi\u00e9is:\u00a0<a href=\"http:\/\/coro.paroquiabaixadabanheira.org\/reportorio\/aclamacao\/oracao.universal.pdf\">Respostas\u00a0<\/a>-21<\/li>\n<li>Apresenta\u00e7\u00e3o dos Dons:\u00a0<a href=\"http:\/\/coro.paroquiabaixadabanheira.org\/reportorio\/diversos\/unidos.com.toda.igreja.pdf\">Unidos com toda a Igreja<\/a><\/li>\n<li>Santo: <a href=\"http:\/\/coro.paroquiabaixadabanheira.org\/reportorio\/santo\/santo.carlos.silva2.pdf\">Santo Carlos Silva 2<\/a><\/li>\n<li>Cordeiro: <a href=\"http:\/\/coro.paroquiabaixadabanheira.org\/reportorio\/cordeiro\/cordeiro.cartageno2.pdf\">Cordeiro\u00a02 Cartageno<\/a><\/li>\n<li>Comunh\u00e3o:\u00a0<a href=\"http:\/\/coro.paroquiabaixadabanheira.org\/reportorio\/diversos\/porque.somos.filhos.de.deus.pdf\">Porque somos filhos de Deus<\/a><\/li>\n<li>Ac\u00e7\u00e3o de Gra\u00e7as:\u00a0<a href=\"http:\/\/coro.paroquiabaixadabanheira.org\/reportorio\/pentecostes\/gloria.ao.pai.que.nos.criou.pdf\">Gloria ao pai que nos criou<\/a><\/li>\n<li>Final:\u00a0<a href=\"http:\/\/coro.paroquiabaixadabanheira.org\/reportorio\/diversos\/santissima.trindade.pdf\">Sant\u00edssima Trindade<\/a><\/li>\n<\/ul>\n<p><strong>C\u00e2nticos para a celebra\u00e7\u00e3o do Crisma\u00a0<\/strong><strong>\u2013 Ano A (<a href=\"https:\/\/www.liturgia.pt\/liturgiadiaria\/dia.php?data=2023-6-4\">liturgia)<\/a><\/strong><\/p>\n<ul>\n<li>Entrada:\u00a0<a href=\"http:\/\/coro.paroquiabaixadabanheira.org\/reportorio\/pentecostes\/o.senhor.nos.dara.o.espirito.pdf\">O Senhor Nos Dar\u00e1 o Esp\u00edrito<\/a><\/li>\n<li>Acto Penitencial: <a href=\"http:\/\/coro.paroquiabaixadabanheira.org\/reportorio\/penitencial\/senhor.tende.piedade.3.pdf\">Senhor Tende Piedade (M. Alentejana)<\/a><\/li>\n<li>Gl\u00f3ria:\u00a0<a href=\"http:\/\/coro.paroquiabaixadabanheira.org\/reportorio\/gloria\/gloria.2.vozes.pdf\">Gloria 2 Vozes\u00a0<\/a><\/li>\n<li>Salmo: Dan 3 <a href=\"https:\/\/www.liturgia.pt\/multimedia\/mp3\/SalmosResponsoriais\/069_TC_A_SSTrindade-DignoDeLouvor.mp3\"><em>\u201dDigno de louvor e de gl\u00f3ria.\u201d<\/em><\/a><\/li>\n<li>Aclama\u00e7\u00e3o ao Evangelho: <a href=\"http:\/\/coro.paroquiabaixadabanheira.org\/reportorio\/aclama\/aleluia.janmichaeljoncas.pdf\">Aleluia (Jan Joncas)<\/a> <strong>\u201cGl\u00f3ria ao Pai e ao Filho e ao Esp\u00edrito Santo, ao Deus que \u00e9, que era e que h\u00e1-de vir.\u201d<\/strong><\/li>\n<li>Crisma:\u00a0<a href=\"http:\/\/coro.paroquiabaixadabanheira.org\/reportorio\/baptismo\/tu.es.fonte.de.vida.pdf\">Tu \u00c9s Fonte de Vida<\/a><\/li>\n<li>Crisma:\u00a0<a href=\"http:\/\/coro.paroquiabaixadabanheira.org\/reportorio\/pentecostes\/enviai.sobre.nos.senhor.pdf\">Enviai sobre n\u00f3s, Senhor<\/a><\/li>\n<li>Crisma:\u00a0<a href=\"http:\/\/coro.paroquiabaixadabanheira.org\/reportorio\/diversos\/senhor.fazeime.instrumento.pdf\">Senhor, Fazei-me Instrumento<\/a><\/li>\n<li>Crisma:\u00a0<a href=\"http:\/\/coro.paroquiabaixadabanheira.org\/reportorio\/pentecostes\/cristo.precisa.de.ti.pdf\">Cristo Precisa de Ti<\/a><\/li>\n<li>Ora\u00e7\u00e3o dos Fi\u00e9is:\u00a0<a href=\"http:\/\/coro.paroquiabaixadabanheira.org\/reportorio\/aclamacao\/oracao.universal.pdf\">Respostas\u00a0<\/a>\u2013 21<\/li>\n<li>Apresenta\u00e7\u00e3o dos Dons: <a href=\"http:\/\/coro.paroquiabaixadabanheira.org\/reportorio\/diversos\/pai.filho.espirito.santo.pdf\">Pai, Filho, Esp\u00edrito Santo<\/a> ou <a href=\"http:\/\/coro.paroquiabaixadabanheira.org\/reportorio\/pentecostes\/gloria.ao.pai.que.nos.criou.pdf\">Gloria ao pai que nos criou<\/a><\/li>\n<li>Santo: <a href=\"http:\/\/coro.paroquiabaixadabanheira.org\/reportorio\/santo\/santo.carlos.silva2.pdf\">Santo Carlos Silva 2<\/a><\/li>\n<li>Pai Nosso:\u00a0<a href=\"http:\/\/coro.paroquiabaixadabanheira.org\/reportorio\/painosso\/pai.nosso.melodia.oficial.gregoriano.pdf\">Pai Nosso (gregoriano)<\/a><\/li>\n<li>Cordeiro:\u00a0<a href=\"http:\/\/coro.paroquiabaixadabanheira.org\/reportorio\/cordeiro\/cordeiro.cartageno2.pdf\">Cordeiro 2 Cartageno<\/a><\/li>\n<li>Comunh\u00e3o: <a href=\"http:\/\/coro.paroquiabaixadabanheira.org\/reportorio\/diversos\/porque.somos.filhos.de.deus.pdf\">Porque somos filhos de Deus<\/a><\/li>\n<li>Ac\u00e7\u00e3o de Gra\u00e7as:\u00a0<a href=\"http:\/\/coro.paroquiabaixadabanheira.org\/reportorio\/carismaticos\/divinino.espirito.pdf\">Divino Espirito<\/a><\/li>\n<li>Final:\u00a0<a href=\"http:\/\/coro.paroquiabaixadabanheira.org\/reportorio\/final\/cristo.hoje.nos.chama.pdf\">Cristo hoje nos chama<\/a><\/li>\n<\/ul>\n<p>Trazer:<\/p>\n<ul>\n<li><a href=\"http:\/\/coro.paroquiabaixadabanheira.org\/reportorio\/diversos\/hino.jmj.letra.pdf\">Hino JMJ 2023<\/a><\/li>\n<li>Sequ\u00eancia:\u00a0<a href=\"http:\/\/coro.paroquiabaixadabanheira.org\/reportorio\/diversos\/terra.exulta.de.alegria.sequencia.pdf\">Terra, exulta de alegria<\/a><\/li>\n<\/ul>\n","protected":false},"excerpt":{"rendered":"<p>Neste Domingo, dia 04\/06, para al\u00e9m da anima\u00e7\u00e3o lit\u00fargica da Eucaristia dominical temos a Eucaristia das 15h com a celebra\u00e7\u00e3o do Crisma. Os ensaios voltam novamente a ser \u00e0 sexta-feira. &#8220;A celebra\u00e7\u00e3o da solenidade da Sant\u00edssima Trindade tem tudo que &hellip;<\/p>\n<p class=\"read-more\"> <a class=\"more-link\" href=\"https:\/\/coro.paroquiabaixadabanheira.org\/?p=4224\"> <span class=\"screen-reader-text\">Solenidade da Sant\u00edssima Trindade e Crisma<\/span> Read More &raquo;<\/a><\/p>\n","protected":false},"author":3,"featured_media":0,"comment_status":"open","ping_status":"open","sticky":false,"template":"","format":"standard","meta":{"footnotes":""},"categories":[1],"tags":[],"class_list":["post-4224","post","type-post","status-publish","format-standard","hentry","category-uncategorized"],"_links":{"self":[{"href":"https:\/\/coro.paroquiabaixadabanheira.org\/index.php?rest_route=\/wp\/v2\/posts\/4224","targetHints":{"allow":["GET"]}}],"collection":[{"href":"https:\/\/coro.paroquiabaixadabanheira.org\/index.php?rest_route=\/wp\/v2\/posts"}],"about":[{"href":"https:\/\/coro.paroquiabaixadabanheira.org\/index.php?rest_route=\/wp\/v2\/types\/post"}],"author":[{"embeddable":true,"href":"https:\/\/coro.paroquiabaixadabanheira.org\/index.php?rest_route=\/wp\/v2\/users\/3"}],"replies":[{"embeddable":true,"href":"https:\/\/coro.paroquiabaixadabanheira.org\/index.php?rest_route=%2Fwp%2Fv2%2Fcomments&post=4224"}],"version-history":[{"count":3,"href":"https:\/\/coro.paroquiabaixadabanheira.org\/index.php?rest_route=\/wp\/v2\/posts\/4224\/revisions"}],"predecessor-version":[{"id":4227,"href":"https:\/\/coro.paroquiabaixadabanheira.org\/index.php?rest_route=\/wp\/v2\/posts\/4224\/revisions\/4227"}],"wp:attachment":[{"href":"https:\/\/coro.paroquiabaixadabanheira.org\/index.php?rest_route=%2Fwp%2Fv2%2Fmedia&parent=4224"}],"wp:term":[{"taxonomy":"category","embeddable":true,"href":"https:\/\/coro.paroquiabaixadabanheira.org\/index.php?rest_route=%2Fwp%2Fv2%2Fcategories&post=4224"},{"taxonomy":"post_tag","embeddable":true,"href":"https:\/\/coro.paroquiabaixadabanheira.org\/index.php?rest_route=%2Fwp%2Fv2%2Ftags&post=4224"}],"curies":[{"name":"wp","href":"https:\/\/api.w.org\/{rel}","templated":true}]}}