{"id":425,"date":"2008-11-05T22:46:36","date_gmt":"2008-11-05T22:46:36","guid":{"rendered":"http:\/\/coro.paroquiabaixadabanheira.org\/?p=425"},"modified":"2008-11-05T22:46:36","modified_gmt":"2008-11-05T22:46:36","slug":"festa-da-dedicacao-da-basilica-de-latrao","status":"publish","type":"post","link":"https:\/\/coro.paroquiabaixadabanheira.org\/?p=425","title":{"rendered":"Festa da Dedica\u00e7\u00e3o da Bas\u00edlica de Latr\u00e3o"},"content":{"rendered":"<h4>C&#226;nticos para a Festa da Dedica&#231;&#227;o da Bas&#237;lica de Latr&#227;o (<a href=\"http:\/\/agencia.ecclesia.pt\/noticia_liturgia.asp?noticiaid=65896\">Liturgia<\/a>)<\/h4>\n<ul>\n<li>Entrada*: <a href=\"\/reportorio\/entrada\/ando.a.procura.pdf\">Ando &#224; Procura<\/a><\/li>\n<li><strong>M. Penitencial<\/strong>: <a href=\"\/reportorio\/penitencial\/senhor.tende.piedade.3.pdf\">Senhor Tende Piedade<\/a><\/li>\n<li><strong>Salmo<\/strong>: <a href=\"\/reportorio\/salmos\/salmo.045.046.dedicacao.da.basilica.de.latrao.pdf\">Salmo 45,46<\/a><\/li>\n<li><strong>Aleluia<\/strong>: <a href=\"\/reportorio\/aclama\/aleluia.aleluia.aleluia.pdf\">Aleluia, Aleluia, Aleluia<\/a><\/li>\n<li><strong>Ofert&#243;rio<\/strong>: <a href=\"\/reportorio\/ofertorio\/meu.senhor.te.ofertamos.pdf\">Meu Senhor, Te Ofertamos<\/a><\/li>\n<li><strong>Santo<\/strong>: <a href=\"\/reportorio\/santo\/santo.leonel.claro.pdf\" title=\"Leonel Claro\">Santo<\/a><\/li>\n<li><strong>Cordeiro<\/strong>: <a href=\"\/reportorio\/cordeiro\/cordeiro.aragues.pdf\">Cordeiro<\/a><\/li>\n<li><strong>Comunh&#227;o<\/strong>: <a href=\"\/reportorio\/comunhao\/vos.sereis.os.meus.amigos.pdf\">V&#243;s Sereis os Meus Amigos<\/a><\/li>\n<li><strong>Comunh&#227;o<\/strong>: <a href=\"\/reportorio\/comunhao\/e.o.meu.corpo.pdf\">&#201; o Meu Corpo<\/a><\/li>\n<li><strong>Final<\/strong>: <a href=\"\/reportorio\/diversos\/quero.ouvir.teu.apelo.senhor.pdf\">Quero Ouvir Teu Apelo Senhor<\/a><\/li>\n<\/ul>\n<p><strong>Ensaiar<\/strong>: <a href=\"\/reportorio\/quaresma\/no.senhor.pus.a.minha.esperanca.pdf\">No Senhor Pus a Minha Esperan&#231;a<\/a><br \/>\n<strong>Ensaiar<\/strong>: <a href=\"\/reportorio\/diversos\/amar.como.jesus.amou.pdf\">Amar Como Jesus Amou<\/a><br \/>\n<strong>Ensaiar<\/strong>: <a href=\"\/reportorio\/aclama\/aleluia.pdf\">Aleluia<\/a><br \/>\n<strong>Ensaiar<\/strong>: <a href=\"\/reportorio\/cordeiro\/cordeiro.olindo.marques.pdf\">Cordeiro<\/a><\/p>\n","protected":false},"excerpt":{"rendered":"<p>C&#226;nticos para a Festa da Dedica&#231;&#227;o da Bas&#237;lica de Latr&#227;o (Liturgia) Entrada*: Ando &#224; Procura M. Penitencial: Senhor Tende Piedade Salmo: Salmo 45,46 Aleluia: Aleluia, Aleluia, Aleluia Ofert&#243;rio: Meu Senhor, Te Ofertamos Santo: Santo Cordeiro: Cordeiro Comunh&#227;o: V&#243;s Sereis os &hellip;<\/p>\n<p class=\"read-more\"> <a class=\"more-link\" href=\"https:\/\/coro.paroquiabaixadabanheira.org\/?p=425\"> <span class=\"screen-reader-text\">Festa da Dedica\u00e7\u00e3o da Bas\u00edlica de Latr\u00e3o<\/span> Read More &raquo;<\/a><\/p>\n","protected":false},"author":1,"featured_media":0,"comment_status":"closed","ping_status":"open","sticky":false,"template":"","format":"standard","meta":{"footnotes":""},"categories":[3],"tags":[],"class_list":["post-425","post","type-post","status-publish","format-standard","hentry","category-ensaios"],"_links":{"self":[{"href":"https:\/\/coro.paroquiabaixadabanheira.org\/index.php?rest_route=\/wp\/v2\/posts\/425","targetHints":{"allow":["GET"]}}],"collection":[{"href":"https:\/\/coro.paroquiabaixadabanheira.org\/index.php?rest_route=\/wp\/v2\/posts"}],"about":[{"href":"https:\/\/coro.paroquiabaixadabanheira.org\/index.php?rest_route=\/wp\/v2\/types\/post"}],"author":[{"embeddable":true,"href":"https:\/\/coro.paroquiabaixadabanheira.org\/index.php?rest_route=\/wp\/v2\/users\/1"}],"replies":[{"embeddable":true,"href":"https:\/\/coro.paroquiabaixadabanheira.org\/index.php?rest_route=%2Fwp%2Fv2%2Fcomments&post=425"}],"version-history":[{"count":0,"href":"https:\/\/coro.paroquiabaixadabanheira.org\/index.php?rest_route=\/wp\/v2\/posts\/425\/revisions"}],"wp:attachment":[{"href":"https:\/\/coro.paroquiabaixadabanheira.org\/index.php?rest_route=%2Fwp%2Fv2%2Fmedia&parent=425"}],"wp:term":[{"taxonomy":"category","embeddable":true,"href":"https:\/\/coro.paroquiabaixadabanheira.org\/index.php?rest_route=%2Fwp%2Fv2%2Fcategories&post=425"},{"taxonomy":"post_tag","embeddable":true,"href":"https:\/\/coro.paroquiabaixadabanheira.org\/index.php?rest_route=%2Fwp%2Fv2%2Ftags&post=425"}],"curies":[{"name":"wp","href":"https:\/\/api.w.org\/{rel}","templated":true}]}}