{"id":4258,"date":"2023-07-31T23:19:02","date_gmt":"2023-07-31T23:19:02","guid":{"rendered":"http:\/\/coro.paroquiabaixadabanheira.org\/?p=4258"},"modified":"2023-08-01T22:31:51","modified_gmt":"2023-08-01T22:31:51","slug":"jornadas-mundiais-da-juventude-paroquia-baixa-da-banheira","status":"publish","type":"post","link":"https:\/\/coro.paroquiabaixadabanheira.org\/?p=4258","title":{"rendered":"Jornadas Mundiais da Juventude &#8211; Par\u00f3quia Baixa da Banheira"},"content":{"rendered":"<p>A paroquia da Baixa da Banheira\/Vale da Amoreira acolhe cerca de 661 jovens peregrinos que v\u00e3o participar nas JMJ 2023, de pa\u00edses como o Equador, M\u00e9xico e Costa Rica.<\/p>\n<p>Alguns jovens ficam com fam\u00edlias que se voluntariaram para os acolher em suas casas e outros nos pavilh\u00f5es da Escola Mouzinho da Silveira e D.Jo\u00e3o I e no edif\u00edcio da Associa\u00e7\u00e3o de Leigos Nova Esperan\u00e7a.<\/p>\n<p>No dias 2, 3 e 4 de Agosto pelas 9h ir\u00e1 decorrer na Igreja Paroquial da Baixa da Banheira catequeses leccionadas por um Bispo em l\u00edngua Castelhana. Est\u00e3o todos convidados a participar.<\/p>\n<p><strong>Programa das JMJ &#8211; Par\u00f3quia Baixa da Banheira<\/strong><\/p>\n<p><img loading=\"lazy\" decoding=\"async\" class=\"aligncenter  wp-image-4264\" src=\"http:\/\/coro.paroquiabaixadabanheira.org\/wp-content\/uploads\/2023\/07\/progra-300x172.jpg\" alt=\"\" width=\"389\" height=\"223\" srcset=\"https:\/\/coro.paroquiabaixadabanheira.org\/wp-content\/uploads\/2023\/07\/progra-300x172.jpg 300w, https:\/\/coro.paroquiabaixadabanheira.org\/wp-content\/uploads\/2023\/07\/progra-768x441.jpg 768w, https:\/\/coro.paroquiabaixadabanheira.org\/wp-content\/uploads\/2023\/07\/progra.jpg 1024w, https:\/\/coro.paroquiabaixadabanheira.org\/wp-content\/uploads\/2023\/07\/progra-100x57.jpg 100w, https:\/\/coro.paroquiabaixadabanheira.org\/wp-content\/uploads\/2023\/07\/progra-150x86.jpg 150w, https:\/\/coro.paroquiabaixadabanheira.org\/wp-content\/uploads\/2023\/07\/progra-200x115.jpg 200w, https:\/\/coro.paroquiabaixadabanheira.org\/wp-content\/uploads\/2023\/07\/progra-450x258.jpg 450w, https:\/\/coro.paroquiabaixadabanheira.org\/wp-content\/uploads\/2023\/07\/progra-600x345.jpg 600w, https:\/\/coro.paroquiabaixadabanheira.org\/wp-content\/uploads\/2023\/07\/progra-900x517.jpg 900w\" sizes=\"auto, (max-width: 389px) 100vw, 389px\" \/><\/p>\n<p><strong>Programa das JMJ &#8211; Almada &#8211; <\/strong><a href=\"https:\/\/www.cm-almada.pt\/sites\/default\/files\/2023-07\/Programa_Parque_da_Paz.pdf\">Carregue aqui<\/a><\/p>\n<p><img loading=\"lazy\" decoding=\"async\" class=\"aligncenter  wp-image-4261\" src=\"http:\/\/coro.paroquiabaixadabanheira.org\/wp-content\/uploads\/2023\/07\/almada-300x187.gif\" alt=\"\" width=\"422\" height=\"263\" srcset=\"https:\/\/coro.paroquiabaixadabanheira.org\/wp-content\/uploads\/2023\/07\/almada-300x187.gif 300w, https:\/\/coro.paroquiabaixadabanheira.org\/wp-content\/uploads\/2023\/07\/almada-768x480.gif 768w, https:\/\/coro.paroquiabaixadabanheira.org\/wp-content\/uploads\/2023\/07\/almada-1024x640.gif 1024w, https:\/\/coro.paroquiabaixadabanheira.org\/wp-content\/uploads\/2023\/07\/almada-100x62.gif 100w, https:\/\/coro.paroquiabaixadabanheira.org\/wp-content\/uploads\/2023\/07\/almada-150x94.gif 150w, https:\/\/coro.paroquiabaixadabanheira.org\/wp-content\/uploads\/2023\/07\/almada-200x125.gif 200w, https:\/\/coro.paroquiabaixadabanheira.org\/wp-content\/uploads\/2023\/07\/almada-450x281.gif 450w, https:\/\/coro.paroquiabaixadabanheira.org\/wp-content\/uploads\/2023\/07\/almada-600x375.gif 600w, https:\/\/coro.paroquiabaixadabanheira.org\/wp-content\/uploads\/2023\/07\/almada-900x562.gif 900w\" sizes=\"auto, (max-width: 422px) 100vw, 422px\" \/><\/p>\n<p><strong>Programa oficinal da Visita do Papa<\/strong> &#8211; <a href=\"https:\/\/www.lisboa2023.org\/pt\/programa-oficial-da-visita-do-papa\">Carregue aqui<\/a><\/p>\n<p><strong>Programa da JMJ 2023 Lisboa em pormenor<\/strong> &#8211; <a href=\"https:\/\/www.lisboa2023.org\/pt\/programa\">Carregue aqui<\/a><\/p>\n","protected":false},"excerpt":{"rendered":"<p>A paroquia da Baixa da Banheira\/Vale da Amoreira acolhe cerca de 661 jovens peregrinos que v\u00e3o participar nas JMJ 2023, de pa\u00edses como o Equador, M\u00e9xico e Costa Rica. Alguns jovens ficam com fam\u00edlias que se voluntariaram para os acolher &hellip;<\/p>\n<p class=\"read-more\"> <a class=\"more-link\" href=\"https:\/\/coro.paroquiabaixadabanheira.org\/?p=4258\"> <span class=\"screen-reader-text\">Jornadas Mundiais da Juventude &#8211; Par\u00f3quia Baixa da Banheira<\/span> Read More &raquo;<\/a><\/p>\n","protected":false},"author":3,"featured_media":0,"comment_status":"open","ping_status":"open","sticky":false,"template":"","format":"standard","meta":{"footnotes":""},"categories":[1],"tags":[],"class_list":["post-4258","post","type-post","status-publish","format-standard","hentry","category-uncategorized"],"_links":{"self":[{"href":"https:\/\/coro.paroquiabaixadabanheira.org\/index.php?rest_route=\/wp\/v2\/posts\/4258","targetHints":{"allow":["GET"]}}],"collection":[{"href":"https:\/\/coro.paroquiabaixadabanheira.org\/index.php?rest_route=\/wp\/v2\/posts"}],"about":[{"href":"https:\/\/coro.paroquiabaixadabanheira.org\/index.php?rest_route=\/wp\/v2\/types\/post"}],"author":[{"embeddable":true,"href":"https:\/\/coro.paroquiabaixadabanheira.org\/index.php?rest_route=\/wp\/v2\/users\/3"}],"replies":[{"embeddable":true,"href":"https:\/\/coro.paroquiabaixadabanheira.org\/index.php?rest_route=%2Fwp%2Fv2%2Fcomments&post=4258"}],"version-history":[{"count":5,"href":"https:\/\/coro.paroquiabaixadabanheira.org\/index.php?rest_route=\/wp\/v2\/posts\/4258\/revisions"}],"predecessor-version":[{"id":4266,"href":"https:\/\/coro.paroquiabaixadabanheira.org\/index.php?rest_route=\/wp\/v2\/posts\/4258\/revisions\/4266"}],"wp:attachment":[{"href":"https:\/\/coro.paroquiabaixadabanheira.org\/index.php?rest_route=%2Fwp%2Fv2%2Fmedia&parent=4258"}],"wp:term":[{"taxonomy":"category","embeddable":true,"href":"https:\/\/coro.paroquiabaixadabanheira.org\/index.php?rest_route=%2Fwp%2Fv2%2Fcategories&post=4258"},{"taxonomy":"post_tag","embeddable":true,"href":"https:\/\/coro.paroquiabaixadabanheira.org\/index.php?rest_route=%2Fwp%2Fv2%2Ftags&post=4258"}],"curies":[{"name":"wp","href":"https:\/\/api.w.org\/{rel}","templated":true}]}}