{"id":4269,"date":"2023-08-30T23:14:35","date_gmt":"2023-08-30T23:14:35","guid":{"rendered":"http:\/\/coro.paroquiabaixadabanheira.org\/?p=4269"},"modified":"2023-08-30T23:14:36","modified_gmt":"2023-08-30T23:14:36","slug":"domingo-xxii-do-tempo-comum-6","status":"publish","type":"post","link":"https:\/\/coro.paroquiabaixadabanheira.org\/?p=4269","title":{"rendered":"Domingo XXII do Tempo Comum"},"content":{"rendered":"<p>&#8220;Nem toda as formas ou estilos musicais se adequam com a liturgia. O primeiro crit\u00e9rio para julgar da qualidade de uma m\u00fasica para a liturgia est\u00e1 na maneira como ela respeita o texto que dever\u00e1 ser, ele pr\u00f3prio, lit\u00fargico. O segundo crit\u00e9rio diz respeito \u00e0 corre\u00e7\u00e3o da escrita musical, ela pr\u00f3pria e da sua gram\u00e1tica. Por isso, \u00e9 importante n\u00e3o se conformar a tudo o que o mundo produz, mas discernir o que \u00e9 bom.&#8221;\u00a0 \u00a0 \u00a0 <em>In Arquidiocese de Braga<\/em><\/p>\n<p>Inicio dos ensaios do novo Ano Pastoral 2023\/2024 \u2013 dia<strong> 1 de Setembro \u00e0s 21h\u00a0<\/strong><\/p>\n<p><strong>C\u00e2nticos para o Domingo XXII do Tempo Comum \u2013 Ano A<\/strong>\u00a0(<a href=\"https:\/\/www.liturgia.pt\/liturgiadiaria\/dia.php?data=2023-9-3\">Liturgia<\/a>)<\/p>\n<ul>\n<li>Entrada: <a href=\"http:\/\/coro.paroquiabaixadabanheira.org\/reportorio\/entrada\/meu.senhor.eu.vos.amo.pdf\">Meu Senhor Eu Vos Amo<\/a><\/li>\n<li>Acto Penitencial: <a href=\"http:\/\/coro.paroquiabaixadabanheira.org\/reportorio\/penitencial\/senhor.tende.piedade.3.pdf\">Senhor Tende Piedade (M. Alentejana)<\/a> ou <a href=\"http:\/\/coro.paroquiabaixadabanheira.org\/reportorio\/penitencial\/senhor.misericordia.cartageno.pdf\">Senhor, Miseric\u00f3rdia (A.Cartageno)<\/a><\/li>\n<li>Salmo 62 (63) <a href=\"https:\/\/www.liturgia.pt\/multimedia\/mp3\/SalmosResponsoriais\/055_TC_A_22Dom-AMinhaAlmaTemSede.mp3\"><em>\u201dA minha alma tem sede de V\u00f3s, meu Deus \u201d<\/em><\/a><\/li>\n<li>Aclama\u00e7\u00e3o ao Evangelho: \u00a0<a href=\"http:\/\/coro.paroquiabaixadabanheira.org\/reportorio\/aclama\/aleluia.manuel.simoes.pdf\">Aleluia (Manuel Sim\u00f5es)<\/a>\u00a0<strong>\u201cDeus, Pai de Nosso Senhor Jesus Cristo, ilumine os olhos do nosso cora\u00e7\u00e3o, para sabermos a que esperan\u00e7a fomos chamados.\u201d<\/strong><\/li>\n<li>Apresenta\u00e7\u00e3o dos Dons: <a href=\"http:\/\/coro.paroquiabaixadabanheira.org\/reportorio\/ofertorio\/vos.me.seduzistes.pdf\">V\u00f3s me Seduzistes<\/a><\/li>\n<li>Santo: <a href=\"http:\/\/coro.paroquiabaixadabanheira.org\/reportorio\/santo\/santo.ferreira.santos.pdf\">Santo Ferreira dos Santos<\/a><\/li>\n<li>Cordeiro: <a href=\"http:\/\/coro.paroquiabaixadabanheira.org\/reportorio\/cordeiro\/cordeiro.aragues.pdf\">Cordeiro (Aragues)<\/a><\/li>\n<li>Comunh\u00e3o: <a href=\"http:\/\/coro.paroquiabaixadabanheira.org\/reportorio\/quaresma\/se.alguem.quiser.seguir.me.pdf\">Se algu\u00e9m quiser seguir-Me<\/a><\/li>\n<li>Ac\u00e7\u00e3o de Gra\u00e7as: <a href=\"http:\/\/coro.paroquiabaixadabanheira.org\/reportorio\/final\/quem.me.seguir.pdf\">Quem Me Seguir<\/a><\/li>\n<li>Final: <a href=\"http:\/\/coro.paroquiabaixadabanheira.org\/reportorio\/final\/quero.cantar.vosso.nome.pdf\">Quero cantar o vosso nome<\/a><\/li>\n<\/ul>\n<p>Trazer:<\/p>\n<ul>\n<li><a href=\"http:\/\/coro.paroquiabaixadabanheira.org\/reportorio\/diversos\/nos.te.adoramos.silvio.vicente.pdf\">N\u00f3s te adoramos, Aleluia<\/a><\/li>\n<li><a href=\"http:\/\/coro.paroquiabaixadabanheira.org\/reportorio\/ofertorio\/dai.gracas.ao.senhor.pdf\">Dai gra\u00e7as ao senhor porque \u00e9 eterna<\/a><\/li>\n<\/ul>\n","protected":false},"excerpt":{"rendered":"<p>&#8220;Nem toda as formas ou estilos musicais se adequam com a liturgia. O primeiro crit\u00e9rio para julgar da qualidade de uma m\u00fasica para a liturgia est\u00e1 na maneira como ela respeita o texto que dever\u00e1 ser, ele pr\u00f3prio, lit\u00fargico. O &hellip;<\/p>\n<p class=\"read-more\"> <a class=\"more-link\" href=\"https:\/\/coro.paroquiabaixadabanheira.org\/?p=4269\"> <span class=\"screen-reader-text\">Domingo XXII do Tempo Comum<\/span> Read More &raquo;<\/a><\/p>\n","protected":false},"author":3,"featured_media":0,"comment_status":"open","ping_status":"open","sticky":false,"template":"","format":"standard","meta":{"footnotes":""},"categories":[1],"tags":[],"class_list":["post-4269","post","type-post","status-publish","format-standard","hentry","category-uncategorized"],"_links":{"self":[{"href":"https:\/\/coro.paroquiabaixadabanheira.org\/index.php?rest_route=\/wp\/v2\/posts\/4269","targetHints":{"allow":["GET"]}}],"collection":[{"href":"https:\/\/coro.paroquiabaixadabanheira.org\/index.php?rest_route=\/wp\/v2\/posts"}],"about":[{"href":"https:\/\/coro.paroquiabaixadabanheira.org\/index.php?rest_route=\/wp\/v2\/types\/post"}],"author":[{"embeddable":true,"href":"https:\/\/coro.paroquiabaixadabanheira.org\/index.php?rest_route=\/wp\/v2\/users\/3"}],"replies":[{"embeddable":true,"href":"https:\/\/coro.paroquiabaixadabanheira.org\/index.php?rest_route=%2Fwp%2Fv2%2Fcomments&post=4269"}],"version-history":[{"count":1,"href":"https:\/\/coro.paroquiabaixadabanheira.org\/index.php?rest_route=\/wp\/v2\/posts\/4269\/revisions"}],"predecessor-version":[{"id":4270,"href":"https:\/\/coro.paroquiabaixadabanheira.org\/index.php?rest_route=\/wp\/v2\/posts\/4269\/revisions\/4270"}],"wp:attachment":[{"href":"https:\/\/coro.paroquiabaixadabanheira.org\/index.php?rest_route=%2Fwp%2Fv2%2Fmedia&parent=4269"}],"wp:term":[{"taxonomy":"category","embeddable":true,"href":"https:\/\/coro.paroquiabaixadabanheira.org\/index.php?rest_route=%2Fwp%2Fv2%2Fcategories&post=4269"},{"taxonomy":"post_tag","embeddable":true,"href":"https:\/\/coro.paroquiabaixadabanheira.org\/index.php?rest_route=%2Fwp%2Fv2%2Ftags&post=4269"}],"curies":[{"name":"wp","href":"https:\/\/api.w.org\/{rel}","templated":true}]}}