{"id":4287,"date":"2023-10-01T23:21:11","date_gmt":"2023-10-01T23:21:11","guid":{"rendered":"https:\/\/coro.paroquiabaixadabanheira.org\/?p=4287"},"modified":"2023-10-04T22:57:04","modified_gmt":"2023-10-04T22:57:04","slug":"baptismo-da-marta","status":"publish","type":"post","link":"https:\/\/coro.paroquiabaixadabanheira.org\/?p=4287","title":{"rendered":"Baptismo da Marta"},"content":{"rendered":"<p>Fomos convidados para cantar na celebra\u00e7\u00e3o do Baptismo da menina Marta no dia 05 de Outubro, 5\u00ba feira &#8211; feriado Nacional, pelas 11h30. O ensaio ser\u00e1 realizado na 4\u00ba feira, dia 4 de Outubro pelas 21h.<\/p>\n<p><strong>C\u00e2nticos para o Baptizado da Marta\u00a0<\/strong><\/p>\n<ul>\n<li>Entrada: <a href=\"http:\/\/coro.paroquiabaixadabanheira.org\/reportorio\/entrada\/sede.a.rocha.pdf\">Sede a Rocha<\/a><\/li>\n<li>Salmo 26 (27) <a href=\"https:\/\/www.liturgia.pt\/multimedia\/mp3\/SalmosResponsoriais\/125_Qua02CIIDom-OSenhorEMinhaLuz.mp3\"><em>\u201dO Senhor \u00e9 a minha luz e a minha salva\u00e7\u00e3o.\u201d<\/em><\/a><\/li>\n<li>Aclama\u00e7\u00e3o ao Evangelho: \u00a0<a href=\"http:\/\/coro.paroquiabaixadabanheira.org\/reportorio\/aclama\/aleluia.manuel.simoes.pdf\">Aleluia (Manuel Sim\u00f5es)<\/a>\u00a0<strong>\u201cEu sou o caminho, a verdade e a vida, diz o Senhor: ningu\u00e9m vai ao Pai sen\u00e3o por Mim.\u201d<\/strong><\/li>\n<li>Ladainhas:\u00a0<a href=\"http:\/\/coro.paroquiabaixadabanheira.org\/reportorio\/pascoa\/ladainhas.a.ferreira.santos.curta.pdf\">Ladainhas dos santos \u2013 Novo<\/a><\/li>\n<li>Ap\u00f3s o Baptismo: <a href=\"http:\/\/coro.paroquiabaixadabanheira.org\/reportorio\/baptismo\/vos.que.fostes.baptizados.pdf\">V\u00f3s que Fostes Baptizados<\/a><\/li>\n<li>Vela acesa: <a title=\"Taiz\u00e9\" href=\"http:\/\/coro.paroquiabaixadabanheira.org\/reportorio\/diversos\/senhor.jesus.pdf\">Senhor Jesus, Tu \u00c9s Luz do Mundo<\/a><\/li>\n<li>Ora\u00e7\u00e3o dos Fi\u00e9is:\u00a0<a href=\"http:\/\/coro.paroquiabaixadabanheira.org\/reportorio\/aclamacao\/oracao.universal.pdf\">Respostas\u00a0<\/a>-1<\/li>\n<li>Apresenta\u00e7\u00e3o dos Dons: <a href=\"http:\/\/coro.paroquiabaixadabanheira.org\/reportorio\/pascoa\/no.baptismo.renascidos.pdf\">No baptismo renascidos<\/a><\/li>\n<li>Santo: <a href=\"http:\/\/coro.paroquiabaixadabanheira.org\/reportorio\/santo\/santo.cartageno.pdf\">Santo cartageno<\/a><\/li>\n<li>Cordeiro:\u00a0<a href=\"http:\/\/coro.paroquiabaixadabanheira.org\/reportorio\/cordeiro\/cordeiro.aragues.pdf\">Cordeiro (Aragues)<\/a><\/li>\n<li>Comunh\u00e3o: <a href=\"http:\/\/coro.paroquiabaixadabanheira.org\/reportorio\/comunhao\/formamos.um.so.corpo.pdf\">Formamos um s\u00f3 Corpo<\/a><\/li>\n<li>Ac\u00e7\u00e3o de Gra\u00e7as: <a href=\"http:\/\/coro.paroquiabaixadabanheira.org\/reportorio\/gracas\/o.amor.de.deus.repousa.pdf\">O amor de Deus repousa em mim<\/a><\/li>\n<li>Final: <a title=\"Taiz\u00e9\" href=\"http:\/\/coro.paroquiabaixadabanheira.org\/reportorio\/baptismo\/aguas.das.fontes.pdf\">\u00c1guas das fontes<\/a><\/li>\n<\/ul>\n","protected":false},"excerpt":{"rendered":"<p>Fomos convidados para cantar na celebra\u00e7\u00e3o do Baptismo da menina Marta no dia 05 de Outubro, 5\u00ba feira &#8211; feriado Nacional, pelas 11h30. O ensaio ser\u00e1 realizado na 4\u00ba feira, dia 4 de Outubro pelas 21h. C\u00e2nticos para o Baptizado &hellip;<\/p>\n<p class=\"read-more\"> <a class=\"more-link\" href=\"https:\/\/coro.paroquiabaixadabanheira.org\/?p=4287\"> <span class=\"screen-reader-text\">Baptismo da Marta<\/span> Read More &raquo;<\/a><\/p>\n","protected":false},"author":3,"featured_media":0,"comment_status":"open","ping_status":"open","sticky":false,"template":"","format":"standard","meta":{"footnotes":""},"categories":[1],"tags":[],"class_list":["post-4287","post","type-post","status-publish","format-standard","hentry","category-uncategorized"],"_links":{"self":[{"href":"https:\/\/coro.paroquiabaixadabanheira.org\/index.php?rest_route=\/wp\/v2\/posts\/4287","targetHints":{"allow":["GET"]}}],"collection":[{"href":"https:\/\/coro.paroquiabaixadabanheira.org\/index.php?rest_route=\/wp\/v2\/posts"}],"about":[{"href":"https:\/\/coro.paroquiabaixadabanheira.org\/index.php?rest_route=\/wp\/v2\/types\/post"}],"author":[{"embeddable":true,"href":"https:\/\/coro.paroquiabaixadabanheira.org\/index.php?rest_route=\/wp\/v2\/users\/3"}],"replies":[{"embeddable":true,"href":"https:\/\/coro.paroquiabaixadabanheira.org\/index.php?rest_route=%2Fwp%2Fv2%2Fcomments&post=4287"}],"version-history":[{"count":4,"href":"https:\/\/coro.paroquiabaixadabanheira.org\/index.php?rest_route=\/wp\/v2\/posts\/4287\/revisions"}],"predecessor-version":[{"id":4293,"href":"https:\/\/coro.paroquiabaixadabanheira.org\/index.php?rest_route=\/wp\/v2\/posts\/4287\/revisions\/4293"}],"wp:attachment":[{"href":"https:\/\/coro.paroquiabaixadabanheira.org\/index.php?rest_route=%2Fwp%2Fv2%2Fmedia&parent=4287"}],"wp:term":[{"taxonomy":"category","embeddable":true,"href":"https:\/\/coro.paroquiabaixadabanheira.org\/index.php?rest_route=%2Fwp%2Fv2%2Fcategories&post=4287"},{"taxonomy":"post_tag","embeddable":true,"href":"https:\/\/coro.paroquiabaixadabanheira.org\/index.php?rest_route=%2Fwp%2Fv2%2Ftags&post=4287"}],"curies":[{"name":"wp","href":"https:\/\/api.w.org\/{rel}","templated":true}]}}