{"id":4300,"date":"2023-10-11T22:37:39","date_gmt":"2023-10-11T22:37:39","guid":{"rendered":"https:\/\/coro.paroquiabaixadabanheira.org\/?p=4300"},"modified":"2023-10-11T22:37:41","modified_gmt":"2023-10-11T22:37:41","slug":"domingo-xxviii-do-tempo-comum-14","status":"publish","type":"post","link":"https:\/\/coro.paroquiabaixadabanheira.org\/?p=4300","title":{"rendered":"Domingo XXVIII do Tempo Comum"},"content":{"rendered":"<p>&#8220;Neste Domingo XXVIII do Tempo Comum, o Evangelho convida-nos a contemplar o Reino dos C\u00e9us como \u00ab<em>um rei que preparou um banquete nupcial para o seu filho<\/em>\u00bb. O nosso Deus convoca-nos para a miss\u00e3o e convida-nos a tomar parte no seu banquete. Somos amados, chamados e escolhidos para colaborar na constru\u00e7\u00e3o de um mundo novo. Deste modo, este Domingo \u00e9 uma oportunidade para uma reflex\u00e3o acerca da dimens\u00e3o vocacional da vida crist\u00e3. Somos chamados a responder afirmativamente ao convite que Deus nos dirige e a Igreja tem a miss\u00e3o de ser m\u00e3e que a todos convoca para que descubram o projecto de amor e felicidade que Deus tem para cada um de n\u00f3s.&#8221;\u00a0 \u00a0 <em>In Voz Portucalense<\/em><\/p>\n<p><strong>C\u00e2nticos para o Domingo XXVIII do Tempo Comum \u2013 Ano A<\/strong>\u00a0(<a href=\"https:\/\/www.liturgia.pt\/liturgiadiaria\/dia.php?data=2023-10-15\">Liturgia<\/a>)<\/p>\n<ul>\n<li>Entrada: <a href=\"http:\/\/coro.paroquiabaixadabanheira.org\/reportorio\/entrada\/vinde.benditos.de.meu.pai.pdf\">Vinde benditos de meu Pai\u00a0<\/a><\/li>\n<li>Acto Penitencial: <a href=\"http:\/\/coro.paroquiabaixadabanheira.org\/reportorio\/penitencial\/senhor.tende.piedade.3.pdf\">Senhor Tende Piedade (M. Alentejana)<\/a><\/li>\n<li>Salmo 22<em>(23)<\/em>\u00a0<a href=\"http:\/\/coro.paroquiabaixadabanheira.org\/reportorio\/salmos\/habitarei.para.sempre.pdf\"><em>\u201d Habitarei para sempre na casa do Senhor\u201d<\/em><\/a>\u00a0(<strong>Aten\u00e7\u00e3o:<\/strong>\u00a0n\u00e3o esta no livro dos salmos-j\u00e1 imprimiram em 2017)<\/li>\n<li>Aclama\u00e7\u00e3o ao Evangelho: <a href=\"http:\/\/coro.paroquiabaixadabanheira.org\/reportorio\/aclama\/aleluia.jota.roux.pdf\">Aleluia\u00a0(J. Roux )<\/a> <strong>\u201cEu vos escolhi do mundo, para que vades e deis fruto e o vosso fruto permane\u00e7a, diz o Senhor.\u201d<\/strong><\/li>\n<li>Apresenta\u00e7\u00e3o dos Dons: <a href=\"http:\/\/coro.paroquiabaixadabanheira.org\/reportorio\/ofertorio\/o.senhor.preparara.pdf\">O Senhor preparar\u00e1 um banquete<\/a><\/li>\n<li>Santo:\u00a0<a href=\"http:\/\/coro.paroquiabaixadabanheira.org\/reportorio\/santo\/santo.cartageno.pdf\">Santo cartageno<\/a><\/li>\n<li>Cordeiro:\u00a0<a href=\"http:\/\/coro.paroquiabaixadabanheira.org\/reportorio\/cordeiro\/cordeiro.cartageno.pdf\">Cordeiro (A. Cartageno)<\/a><\/li>\n<li>Comunh\u00e3o: <a href=\"http:\/\/coro.paroquiabaixadabanheira.org\/reportorio\/comunhao\/felizes.os.convidados.pdf\">Felizes os convidados<\/a><\/li>\n<li>Ac\u00e7\u00e3o de Gra\u00e7as:\u00a0<a href=\"http:\/\/coro.paroquiabaixadabanheira.org\/reportorio\/maria\/ave.candeias.que.deus.acendeu.pdf\">Ave candeias que Deus acendeu<\/a> ou <a href=\"http:\/\/coro.paroquiabaixadabanheira.org\/reportorio\/maria\/senhora.um.dia.descestes2.pdf\">Senhora um dia descestes<\/a><\/li>\n<li>Final:\u00a0<a href=\"http:\/\/coro.paroquiabaixadabanheira.org\/reportorio\/final\/povo.teu.somos.pdf\">Povo teu somos<\/a> ou\u00a0<a href=\"http:\/\/coro.paroquiabaixadabanheira.org\/reportorio\/maria\/hino.pastorinhos.pdf\">Hino dos Pastorinhos<\/a><\/li>\n<\/ul>\n<p>Trazer:<\/p>\n<ul>\n<li><a href=\"http:\/\/coro.paroquiabaixadabanheira.org\/reportorio\/diversos\/nos.te.adoramos.silvio.vicente.pdf\">N\u00f3s te adoramos, Aleluia<\/a><\/li>\n<li><a href=\"http:\/\/coro.paroquiabaixadabanheira.org\/reportorio\/penitencial\/kyrie.eleison.nuno.m.almeida.pdf\">Kyrie Eleison (Nuno M. Almeida)<\/a><\/li>\n<\/ul>\n","protected":false},"excerpt":{"rendered":"<p>&#8220;Neste Domingo XXVIII do Tempo Comum, o Evangelho convida-nos a contemplar o Reino dos C\u00e9us como \u00abum rei que preparou um banquete nupcial para o seu filho\u00bb. O nosso Deus convoca-nos para a miss\u00e3o e convida-nos a tomar parte no &hellip;<\/p>\n<p class=\"read-more\"> <a class=\"more-link\" href=\"https:\/\/coro.paroquiabaixadabanheira.org\/?p=4300\"> <span class=\"screen-reader-text\">Domingo XXVIII do Tempo Comum<\/span> Read More &raquo;<\/a><\/p>\n","protected":false},"author":3,"featured_media":0,"comment_status":"open","ping_status":"open","sticky":false,"template":"","format":"standard","meta":{"footnotes":""},"categories":[1],"tags":[],"class_list":["post-4300","post","type-post","status-publish","format-standard","hentry","category-uncategorized"],"_links":{"self":[{"href":"https:\/\/coro.paroquiabaixadabanheira.org\/index.php?rest_route=\/wp\/v2\/posts\/4300","targetHints":{"allow":["GET"]}}],"collection":[{"href":"https:\/\/coro.paroquiabaixadabanheira.org\/index.php?rest_route=\/wp\/v2\/posts"}],"about":[{"href":"https:\/\/coro.paroquiabaixadabanheira.org\/index.php?rest_route=\/wp\/v2\/types\/post"}],"author":[{"embeddable":true,"href":"https:\/\/coro.paroquiabaixadabanheira.org\/index.php?rest_route=\/wp\/v2\/users\/3"}],"replies":[{"embeddable":true,"href":"https:\/\/coro.paroquiabaixadabanheira.org\/index.php?rest_route=%2Fwp%2Fv2%2Fcomments&post=4300"}],"version-history":[{"count":2,"href":"https:\/\/coro.paroquiabaixadabanheira.org\/index.php?rest_route=\/wp\/v2\/posts\/4300\/revisions"}],"predecessor-version":[{"id":4302,"href":"https:\/\/coro.paroquiabaixadabanheira.org\/index.php?rest_route=\/wp\/v2\/posts\/4300\/revisions\/4302"}],"wp:attachment":[{"href":"https:\/\/coro.paroquiabaixadabanheira.org\/index.php?rest_route=%2Fwp%2Fv2%2Fmedia&parent=4300"}],"wp:term":[{"taxonomy":"category","embeddable":true,"href":"https:\/\/coro.paroquiabaixadabanheira.org\/index.php?rest_route=%2Fwp%2Fv2%2Fcategories&post=4300"},{"taxonomy":"post_tag","embeddable":true,"href":"https:\/\/coro.paroquiabaixadabanheira.org\/index.php?rest_route=%2Fwp%2Fv2%2Ftags&post=4300"}],"curies":[{"name":"wp","href":"https:\/\/api.w.org\/{rel}","templated":true}]}}