{"id":4303,"date":"2023-10-11T22:55:37","date_gmt":"2023-10-11T22:55:37","guid":{"rendered":"https:\/\/coro.paroquiabaixadabanheira.org\/?p=4303"},"modified":"2023-11-28T00:56:52","modified_gmt":"2023-11-28T00:56:52","slug":"formacao-biblica","status":"publish","type":"post","link":"https:\/\/coro.paroquiabaixadabanheira.org\/?p=4303","title":{"rendered":"Forma\u00e7\u00e3o B\u00edblica"},"content":{"rendered":"<p>Os Franciscanos Capuchinhos v\u00e3o organizar no seu Centro B\u00edblico, em F\u00e1tima, um <strong>Curso B\u00edblico Sobre a Igreja, <\/strong>nas seguintes datas:<\/p>\n<ul>\n<li>1\u00ba Turma &#8211; 14 e 15 de Outubro<\/li>\n<li>2\u00ba Turma &#8211; 25 e 26 de Novembro<\/li>\n<\/ul>\n<p>Com os temas seguintes:<\/p>\n<ol>\n<li>Rela\u00e7\u00e3o entre o Antigo e o Novo Testamento<\/li>\n<li>Raizes da Igreja no Antigo testamento<\/li>\n<li>Igreja, comunidade de chamados\/vocacionados<\/li>\n<li>Igreja nos Actos dos Ap\u00f3stolos<\/li>\n<li>Pentecostes dos judeus, inicio da igrela<\/li>\n<li>Igreja e dinamismo familiar<\/li>\n<li>A evangeliza\u00e7\u00e3o no Antigo Testamento<\/li>\n<li>Sacerd\u00f3cio comum dos fi\u00e9is<\/li>\n<li>Igreja ministerial e minist\u00e9rios na Igreja<\/li>\n<\/ol>\n<p>Temas orientados por Frei Herculano Alves.<\/p>\n<p>Pode se inscrever atrav\u00e9s da Difusora B\u00edblica: 249 530 210 \/211 ou por email: difusora@difusorabiblica.com<\/p>\n<p><strong>Participe!<\/strong><\/p>\n","protected":false},"excerpt":{"rendered":"<p>Os Franciscanos Capuchinhos v\u00e3o organizar no seu Centro B\u00edblico, em F\u00e1tima, um Curso B\u00edblico Sobre a Igreja, nas seguintes datas: 1\u00ba Turma &#8211; 14 e 15 de Outubro 2\u00ba Turma &#8211; 25 e 26 de Novembro Com os temas seguintes: &hellip;<\/p>\n<p class=\"read-more\"> <a class=\"more-link\" href=\"https:\/\/coro.paroquiabaixadabanheira.org\/?p=4303\"> <span class=\"screen-reader-text\">Forma\u00e7\u00e3o B\u00edblica<\/span> Read More &raquo;<\/a><\/p>\n","protected":false},"author":3,"featured_media":0,"comment_status":"open","ping_status":"open","sticky":false,"template":"","format":"standard","meta":{"footnotes":""},"categories":[1],"tags":[],"class_list":["post-4303","post","type-post","status-publish","format-standard","hentry","category-uncategorized"],"_links":{"self":[{"href":"https:\/\/coro.paroquiabaixadabanheira.org\/index.php?rest_route=\/wp\/v2\/posts\/4303","targetHints":{"allow":["GET"]}}],"collection":[{"href":"https:\/\/coro.paroquiabaixadabanheira.org\/index.php?rest_route=\/wp\/v2\/posts"}],"about":[{"href":"https:\/\/coro.paroquiabaixadabanheira.org\/index.php?rest_route=\/wp\/v2\/types\/post"}],"author":[{"embeddable":true,"href":"https:\/\/coro.paroquiabaixadabanheira.org\/index.php?rest_route=\/wp\/v2\/users\/3"}],"replies":[{"embeddable":true,"href":"https:\/\/coro.paroquiabaixadabanheira.org\/index.php?rest_route=%2Fwp%2Fv2%2Fcomments&post=4303"}],"version-history":[{"count":5,"href":"https:\/\/coro.paroquiabaixadabanheira.org\/index.php?rest_route=\/wp\/v2\/posts\/4303\/revisions"}],"predecessor-version":[{"id":4308,"href":"https:\/\/coro.paroquiabaixadabanheira.org\/index.php?rest_route=\/wp\/v2\/posts\/4303\/revisions\/4308"}],"wp:attachment":[{"href":"https:\/\/coro.paroquiabaixadabanheira.org\/index.php?rest_route=%2Fwp%2Fv2%2Fmedia&parent=4303"}],"wp:term":[{"taxonomy":"category","embeddable":true,"href":"https:\/\/coro.paroquiabaixadabanheira.org\/index.php?rest_route=%2Fwp%2Fv2%2Fcategories&post=4303"},{"taxonomy":"post_tag","embeddable":true,"href":"https:\/\/coro.paroquiabaixadabanheira.org\/index.php?rest_route=%2Fwp%2Fv2%2Ftags&post=4303"}],"curies":[{"name":"wp","href":"https:\/\/api.w.org\/{rel}","templated":true}]}}