{"id":4310,"date":"2023-10-18T21:37:57","date_gmt":"2023-10-18T21:37:57","guid":{"rendered":"https:\/\/coro.paroquiabaixadabanheira.org\/?p=4310"},"modified":"2023-10-18T21:40:47","modified_gmt":"2023-10-18T21:40:47","slug":"domingo-xxix-do-tempo-comum-12","status":"publish","type":"post","link":"https:\/\/coro.paroquiabaixadabanheira.org\/?p=4310","title":{"rendered":"Domingo XXIX do Tempo Comum"},"content":{"rendered":"<p>&#8220;De certa maneira, a m\u00fasica lit\u00fargica \u00e9 uma forma de dar a C\u00e9sar o que \u00e9 de C\u00e9sar e a Deus o que \u00e9 de Deus. Pelo respeito da partitura, das nota\u00e7\u00f5es do compositor, do rigor e da perfei\u00e7\u00e3o da execu\u00e7\u00e3o, n\u00f3s estamos a dar ao compositor aquilo que \u00e9 dele. Contudo, a m\u00fasica n\u00e3o \u00e9 executada para ele, ela \u00e9, como tudo na liturgia, para a salva\u00e7\u00e3o das pessoas e glorifica\u00e7\u00e3o de Deus e, assim, estamos a dar a Deus o que \u00e9 d\u2019Ele.&#8221; <em>In Arquidiocese de Braga<\/em><\/p>\n<p><strong>C\u00e2nticos para o Domingo XXIX do Tempo Comum \u2013 Ano A<\/strong>\u00a0(<a href=\"https:\/\/www.liturgia.pt\/liturgiadiaria\/dia.php?data=2023-10-22\">Liturgia<\/a>)<\/p>\n<ul>\n<li>Entrada: <a href=\"http:\/\/coro.paroquiabaixadabanheira.org\/reportorio\/entrada\/eu.vos.invoco.senhor.pdf\">Eu Vos Invoco Senhor<\/a><\/li>\n<li>Acto Penitencial:\u00a0<a href=\"http:\/\/coro.paroquiabaixadabanheira.org\/reportorio\/penitencial\/senhor.tende.piedade.3.pdf\">Senhor Tende Piedade (M. Alentejana)<\/a><\/li>\n<li>Salmo 95<em>(96)<\/em> <a href=\"https:\/\/www.liturgia.pt\/multimedia\/mp3\/SalmosResponsoriais\/062_TC_A_29Dom-CantaiAoSenhor.mp3\"><em>\u201d Cantai ao Senhor um c\u00e2ntico novo\u201d<\/em><\/a><\/li>\n<li>Aclama\u00e7\u00e3o ao Evangelho: <a href=\"http:\/\/coro.paroquiabaixadabanheira.org\/reportorio\/aclama\/aleluia.manuel.simoes.pdf\">Aleluia (Manuel Sim\u00f5es)<\/a>\u00a0<strong>\u201cV\u00f3s brilhais como estrelas no mundo, ostentando a palavra da vida.\u201d<\/strong><\/li>\n<li>Apresenta\u00e7\u00e3o dos Dons: <a href=\"http:\/\/coro.paroquiabaixadabanheira.org\/reportorio\/ofertorio\/dai.a.cesar.pdf\">Dai a C\u00e9sar<\/a><\/li>\n<li>Santo:\u00a0<a href=\"http:\/\/coro.paroquiabaixadabanheira.org\/reportorio\/santo\/santo.cartageno.pdf\">Santo cartageno<\/a><\/li>\n<li>Cordeiro:\u00a0<a href=\"http:\/\/coro.paroquiabaixadabanheira.org\/reportorio\/cordeiro\/cordeiro.cartageno.pdf\">Cordeiro (A. Cartageno)<\/a><\/li>\n<li>Comunh\u00e3o: <a href=\"http:\/\/coro.paroquiabaixadabanheira.org\/reportorio\/comunhao\/o.senhor.vela.sobre.os.seus.fieis.pdf\">O Senhor vela sobre os seus fi\u00e9is<\/a><\/li>\n<li>Final: <a href=\"http:\/\/coro.paroquiabaixadabanheira.org\/reportorio\/maria\/salve.estrela.do.mar.pdf\">Salve Estrela do Mar<\/a><\/li>\n<\/ul>\n","protected":false},"excerpt":{"rendered":"<p>&#8220;De certa maneira, a m\u00fasica lit\u00fargica \u00e9 uma forma de dar a C\u00e9sar o que \u00e9 de C\u00e9sar e a Deus o que \u00e9 de Deus. Pelo respeito da partitura, das nota\u00e7\u00f5es do compositor, do rigor e da perfei\u00e7\u00e3o da &hellip;<\/p>\n<p class=\"read-more\"> <a class=\"more-link\" href=\"https:\/\/coro.paroquiabaixadabanheira.org\/?p=4310\"> <span class=\"screen-reader-text\">Domingo XXIX do Tempo Comum<\/span> Read More &raquo;<\/a><\/p>\n","protected":false},"author":3,"featured_media":0,"comment_status":"open","ping_status":"open","sticky":false,"template":"","format":"standard","meta":{"footnotes":""},"categories":[1],"tags":[],"class_list":["post-4310","post","type-post","status-publish","format-standard","hentry","category-uncategorized"],"_links":{"self":[{"href":"https:\/\/coro.paroquiabaixadabanheira.org\/index.php?rest_route=\/wp\/v2\/posts\/4310","targetHints":{"allow":["GET"]}}],"collection":[{"href":"https:\/\/coro.paroquiabaixadabanheira.org\/index.php?rest_route=\/wp\/v2\/posts"}],"about":[{"href":"https:\/\/coro.paroquiabaixadabanheira.org\/index.php?rest_route=\/wp\/v2\/types\/post"}],"author":[{"embeddable":true,"href":"https:\/\/coro.paroquiabaixadabanheira.org\/index.php?rest_route=\/wp\/v2\/users\/3"}],"replies":[{"embeddable":true,"href":"https:\/\/coro.paroquiabaixadabanheira.org\/index.php?rest_route=%2Fwp%2Fv2%2Fcomments&post=4310"}],"version-history":[{"count":2,"href":"https:\/\/coro.paroquiabaixadabanheira.org\/index.php?rest_route=\/wp\/v2\/posts\/4310\/revisions"}],"predecessor-version":[{"id":4312,"href":"https:\/\/coro.paroquiabaixadabanheira.org\/index.php?rest_route=\/wp\/v2\/posts\/4310\/revisions\/4312"}],"wp:attachment":[{"href":"https:\/\/coro.paroquiabaixadabanheira.org\/index.php?rest_route=%2Fwp%2Fv2%2Fmedia&parent=4310"}],"wp:term":[{"taxonomy":"category","embeddable":true,"href":"https:\/\/coro.paroquiabaixadabanheira.org\/index.php?rest_route=%2Fwp%2Fv2%2Fcategories&post=4310"},{"taxonomy":"post_tag","embeddable":true,"href":"https:\/\/coro.paroquiabaixadabanheira.org\/index.php?rest_route=%2Fwp%2Fv2%2Ftags&post=4310"}],"curies":[{"name":"wp","href":"https:\/\/api.w.org\/{rel}","templated":true}]}}