{"id":4316,"date":"2023-10-29T13:13:29","date_gmt":"2023-10-29T13:13:29","guid":{"rendered":"https:\/\/coro.paroquiabaixadabanheira.org\/?p=4316"},"modified":"2023-10-29T13:13:30","modified_gmt":"2023-10-29T13:13:30","slug":"solenidade-de-todos-os-santos-9","status":"publish","type":"post","link":"https:\/\/coro.paroquiabaixadabanheira.org\/?p=4316","title":{"rendered":"Solenidade de Todos os Santos"},"content":{"rendered":"<h4>Nota Hist\u00f3rica<\/h4>\n<p>&#8220;Solenidade de Todos os Santos que est\u00e3o com Cristo na gl\u00f3ria. Na mesma celebra\u00e7\u00e3o festiva, a santa Igreja, ainda peregrina sobre a terra, venera a mem\u00f3ria daqueles cuja companhia alegra os c\u00e9us, para que se estimule com o seu exemplo, se conforte com a sua prote\u00e7\u00e3o e, com eles, receba a coroa do triunfo, na vis\u00e3o eterna da divina majestade.&#8221;\u00a0 <em>In Secretariado Nacional da Liturgia<\/em><\/p>\n<p>Ensaio ser\u00e1 realizado no dia 30\/10\/2023, 2\u00ba feira, \u00e1s 21h.<\/p>\n<p><strong>C\u00e2nticos para a Solenidade de Todos os Santos \u2013 Ano A<\/strong>\u00a0(<a href=\"https:\/\/www.liturgia.pt\/santos\/santo_v.php?cod_santo=185\">Liturgia<\/a>)<\/p>\n<ul>\n<li>Entrada:\u00a0<a href=\"http:\/\/coro.paroquiabaixadabanheira.org\/reportorio\/entrada\/exultemos.de.alegria.pdf\">Exultemos de Alegria<\/a><\/li>\n<li>Acto Penitencial:\u00a0<a href=\"http:\/\/coro.paroquiabaixadabanheira.org\/reportorio\/penitencial\/senhor.tende.piedade.3.pdf\">Senhor Tende Piedade (M. Alentejana)<\/a><\/li>\n<li>Gl\u00f3ria:\u00a0<a href=\"http:\/\/coro.paroquiabaixadabanheira.org\/reportorio\/gloria\/gloria.2.vozes.pdf\">Gloria 2 Vozes<\/a><\/li>\n<li>Salmo\u00a023\u00a0<em>(24)<\/em> <a href=\"http:\/\/www.liturgia.pt\/multimedia\/mp3\/SalmosResponsoriais\/209_St_TSantos_Esta_geracaoo_dos_que_procuram.mp3\"><em>\u201d Esta \u00e9 a gera\u00e7\u00e3o dos que procuram a vossa face,\u00a0Senhor.\u201d<\/em><\/a><\/li>\n<li>Aclama\u00e7\u00e3o ao Evangelho: <a href=\"http:\/\/coro.paroquiabaixadabanheira.org\/reportorio\/aclama\/aleluia.jota.roux.pdf\">Aleluia (J. Roux )<\/a>\u00a0<strong>\u201cVinde a Mim, v\u00f3s todos os que andais cansados\u00a0e oprimidos, e Eu vos aliviarei, diz o Senhor\u201d.<\/strong><\/li>\n<li>Ora\u00e7\u00e3o dos Fi\u00e9is:\u00a0<a href=\"http:\/\/coro.paroquiabaixadabanheira.org\/reportorio\/aclamacao\/oracao.universal.pdf\">Respostas n.\u00ba38<\/a>\u00a0ou\u00a0<a href=\"http:\/\/coro.paroquiabaixadabanheira.org\/reportorio\/pascoa\/ladainhas.a.ferreira.santos.curta.pdf\">Ladainhas dos santos\u00a0<\/a><\/li>\n<li>Apresenta\u00e7\u00e3o dos Dons:\u00a0<a href=\"http:\/\/coro.paroquiabaixadabanheira.org\/reportorio\/comunhao\/louvado.seja.deus.miguel.carneiro.pdf\">Louvado\u00a0seja Deus\u00a0(Todos os Santos)<\/a><\/li>\n<li>Santo:\u00a0<a href=\"http:\/\/coro.paroquiabaixadabanheira.org\/reportorio\/santo\/santo.cartageno.pdf\">Santo cartageno<\/a><\/li>\n<li>Fra\u00e7\u00e3o do P\u00e3o: <a href=\"http:\/\/coro.paroquiabaixadabanheira.org\/reportorio\/cordeiro\/cordeiro.cartageno.pdf\">Cordeiro (A. Cartageno)<\/a><\/li>\n<li>Comunh\u00e3o:\u00a0<a href=\"http:\/\/coro.paroquiabaixadabanheira.org\/reportorio\/gracas\/bem.aventurados.j.geada.pdf\">Bem-Aventurados (J. Geada)<\/a><\/li>\n<li>Ac\u00e7\u00e3o de Gra\u00e7as:\u00a0<a href=\"http:\/\/coro.paroquiabaixadabanheira.org\/reportorio\/diversos\/com.hinos.preces.cantos.pdf\">Com hinos preces e cantos<\/a><\/li>\n<li>Final:\u00a0<a href=\"http:\/\/coro.paroquiabaixadabanheira.org\/reportorio\/diversos\/os.povos.proclamam.pdf\">Os povos proclamam<\/a><\/li>\n<\/ul>\n<p>Trazer:<\/p>\n<ul>\n<li><a href=\"http:\/\/coro.paroquiabaixadabanheira.org\/reportorio\/penitencial\/kyrie.eleison.nuno.m.almeida.pdf\">Kyrie Eleison (Nuno M. Almeida)<\/a><\/li>\n<li><a href=\"http:\/\/coro.paroquiabaixadabanheira.org\/reportorio\/diversos\/nos.te.adoramos.silvio.vicente.pdf\">N\u00f3s te adoramos, Aleluia<\/a><\/li>\n<li><a href=\"http:\/\/coro.paroquiabaixadabanheira.org\/reportorio\/aclama\/aleluia.joao.santos.pdf\">Aleluia\u00a0(Jo\u00e3o Santos)<\/a><\/li>\n<\/ul>\n","protected":false},"excerpt":{"rendered":"<p>Nota Hist\u00f3rica &#8220;Solenidade de Todos os Santos que est\u00e3o com Cristo na gl\u00f3ria. Na mesma celebra\u00e7\u00e3o festiva, a santa Igreja, ainda peregrina sobre a terra, venera a mem\u00f3ria daqueles cuja companhia alegra os c\u00e9us, para que se estimule com o &hellip;<\/p>\n<p class=\"read-more\"> <a class=\"more-link\" href=\"https:\/\/coro.paroquiabaixadabanheira.org\/?p=4316\"> <span class=\"screen-reader-text\">Solenidade de Todos os Santos<\/span> Read More &raquo;<\/a><\/p>\n","protected":false},"author":3,"featured_media":0,"comment_status":"open","ping_status":"open","sticky":false,"template":"","format":"standard","meta":{"footnotes":""},"categories":[1],"tags":[],"class_list":["post-4316","post","type-post","status-publish","format-standard","hentry","category-uncategorized"],"_links":{"self":[{"href":"https:\/\/coro.paroquiabaixadabanheira.org\/index.php?rest_route=\/wp\/v2\/posts\/4316","targetHints":{"allow":["GET"]}}],"collection":[{"href":"https:\/\/coro.paroquiabaixadabanheira.org\/index.php?rest_route=\/wp\/v2\/posts"}],"about":[{"href":"https:\/\/coro.paroquiabaixadabanheira.org\/index.php?rest_route=\/wp\/v2\/types\/post"}],"author":[{"embeddable":true,"href":"https:\/\/coro.paroquiabaixadabanheira.org\/index.php?rest_route=\/wp\/v2\/users\/3"}],"replies":[{"embeddable":true,"href":"https:\/\/coro.paroquiabaixadabanheira.org\/index.php?rest_route=%2Fwp%2Fv2%2Fcomments&post=4316"}],"version-history":[{"count":2,"href":"https:\/\/coro.paroquiabaixadabanheira.org\/index.php?rest_route=\/wp\/v2\/posts\/4316\/revisions"}],"predecessor-version":[{"id":4318,"href":"https:\/\/coro.paroquiabaixadabanheira.org\/index.php?rest_route=\/wp\/v2\/posts\/4316\/revisions\/4318"}],"wp:attachment":[{"href":"https:\/\/coro.paroquiabaixadabanheira.org\/index.php?rest_route=%2Fwp%2Fv2%2Fmedia&parent=4316"}],"wp:term":[{"taxonomy":"category","embeddable":true,"href":"https:\/\/coro.paroquiabaixadabanheira.org\/index.php?rest_route=%2Fwp%2Fv2%2Fcategories&post=4316"},{"taxonomy":"post_tag","embeddable":true,"href":"https:\/\/coro.paroquiabaixadabanheira.org\/index.php?rest_route=%2Fwp%2Fv2%2Ftags&post=4316"}],"curies":[{"name":"wp","href":"https:\/\/api.w.org\/{rel}","templated":true}]}}