{"id":4319,"date":"2023-11-02T00:02:39","date_gmt":"2023-11-02T00:02:39","guid":{"rendered":"https:\/\/coro.paroquiabaixadabanheira.org\/?p=4319"},"modified":"2023-11-02T00:02:41","modified_gmt":"2023-11-02T00:02:41","slug":"domingo-xxxi-do-tempo-comum-11","status":"publish","type":"post","link":"https:\/\/coro.paroquiabaixadabanheira.org\/?p=4319","title":{"rendered":"Domingo XXXI do Tempo Comum"},"content":{"rendered":"<p>&#8220;\u00c9 sabido que Bach assinava as suas cantatas com o acr\u00f3nimo SDG \u201cSoli Deo Gloria\u201d, \u201cGl\u00f3ria apenas para Deus\u201d. Podemos ver neste cuidado de Bach, procurar apenas a gl\u00f3ria de Deus, um eco da profecia de Malaquias quando diz: \u201cse n\u00e3o vos empenhardes em dar gl\u00f3ria ao meu nome, mandarei sobre v\u00f3s a maldi\u00e7\u00e3o\u201d. O m\u00fasico lit\u00fargico n\u00e3o \u00e9 uma estrela de palco, mas um servo da Palavra e da Beleza de Deus.&#8221; \u00a0<em>In Arquidiocese de Braga<\/em><\/p>\n<p><strong>C\u00e2nticos para o Domingo XXXI do Tempo Comum \u2013 Ano A<\/strong>\u00a0(<a href=\"https:\/\/www.liturgia.pt\/liturgiadiaria\/dia.php?data=2023-11-5\">Liturgia<\/a>)<\/p>\n<ul>\n<li>Entrada: <a href=\"http:\/\/coro.paroquiabaixadabanheira.org\/reportorio\/entrada\/nao.me.abandoneis.pdf\">N\u00e3o me Abandoneis<\/a><\/li>\n<li>Acto Penitencial:\u00a0<a href=\"http:\/\/coro.paroquiabaixadabanheira.org\/reportorio\/penitencial\/senhor.tende.piedade.3.pdf\">Senhor Tende Piedade (M. Alentejana)<\/a><\/li>\n<li>Salmo 130<em>(131)<\/em>\u00a0<a href=\"https:\/\/www.liturgia.pt\/multimedia\/mp3\/SalmosResponsoriais\/064_TC_A_31Dom-Guardai-meJunto.mp3\"><em>\u201dGuardai-me junto de V\u00f3s, na vossa paz, Senhor.\u201d<\/em><\/a><\/li>\n<li>Aclama\u00e7\u00e3o ao Evangelho:\u00a0<a href=\"http:\/\/coro.paroquiabaixadabanheira.org\/reportorio\/aclama\/aleluia.jota.roux.pdf\">Aleluia\u00a0(J. Roux )<\/a>\u00a0<strong>\u201cUm s\u00f3 \u00e9 o vosso pai, o Pai celeste;<br \/>\num s\u00f3 \u00e9 o vosso mestre, Jesus Cristo.\u201d<\/strong><\/li>\n<li>Apresenta\u00e7\u00e3o dos Dons: <a href=\"http:\/\/coro.paroquiabaixadabanheira.org\/reportorio\/ofertorio\/quem.quiser.ser.o.primeiro.pdf\">Quem quiser ser o primeiro<\/a><\/li>\n<li>Santo:\u00a0<a href=\"http:\/\/coro.paroquiabaixadabanheira.org\/reportorio\/santo\/santo.cartageno.pdf\">Santo cartageno<\/a><\/li>\n<li>Cordeiro:\u00a0<a href=\"http:\/\/coro.paroquiabaixadabanheira.org\/reportorio\/cordeiro\/cordeiro.cartageno.pdf\">Cordeiro (A. Cartageno)<\/a><\/li>\n<li>Comunh\u00e3o: <a href=\"http:\/\/coro.paroquiabaixadabanheira.org\/reportorio\/comunhao\/o.senhor.apontara.o.caminho.pdf\">O Senhor me apontar\u00e1 o caminho<\/a><\/li>\n<li>Ac\u00e7\u00e3o de Gra\u00e7as: <a href=\"http:\/\/coro.paroquiabaixadabanheira.org\/reportorio\/entrada\/so.vos.sois.o.senhor.pdf\">S\u00f3 vos sois o Senhor<\/a><\/li>\n<li>Final: <a href=\"http:\/\/coro.paroquiabaixadabanheira.org\/reportorio\/gracas\/povo.da.nova.alianca.pdf\">Povo da nova alian\u00e7a<\/a><\/li>\n<\/ul>\n<p>Trazer:<\/p>\n<ul>\n<li><a href=\"http:\/\/coro.paroquiabaixadabanheira.org\/reportorio\/diversos\/nos.te.adoramos.silvio.vicente.pdf\">N\u00f3s te adoramos, Aleluia<\/a><\/li>\n<li><a href=\"http:\/\/coro.paroquiabaixadabanheira.org\/reportorio\/aclama\/aleluia.joao.santos.pdf\">Aleluia\u00a0(Jo\u00e3o Santos)<\/a><\/li>\n<li><a href=\"http:\/\/coro.paroquiabaixadabanheira.org\/reportorio\/penitencial\/kyrie.eleison.nuno.m.almeida.pdf\">Kyrie Eleison (Nuno M. Almeida)<\/a><\/li>\n<\/ul>\n","protected":false},"excerpt":{"rendered":"<p>&#8220;\u00c9 sabido que Bach assinava as suas cantatas com o acr\u00f3nimo SDG \u201cSoli Deo Gloria\u201d, \u201cGl\u00f3ria apenas para Deus\u201d. Podemos ver neste cuidado de Bach, procurar apenas a gl\u00f3ria de Deus, um eco da profecia de Malaquias quando diz: \u201cse &hellip;<\/p>\n<p class=\"read-more\"> <a class=\"more-link\" href=\"https:\/\/coro.paroquiabaixadabanheira.org\/?p=4319\"> <span class=\"screen-reader-text\">Domingo XXXI do Tempo Comum<\/span> Read More &raquo;<\/a><\/p>\n","protected":false},"author":3,"featured_media":0,"comment_status":"open","ping_status":"open","sticky":false,"template":"","format":"standard","meta":{"footnotes":""},"categories":[1],"tags":[],"class_list":["post-4319","post","type-post","status-publish","format-standard","hentry","category-uncategorized"],"_links":{"self":[{"href":"https:\/\/coro.paroquiabaixadabanheira.org\/index.php?rest_route=\/wp\/v2\/posts\/4319","targetHints":{"allow":["GET"]}}],"collection":[{"href":"https:\/\/coro.paroquiabaixadabanheira.org\/index.php?rest_route=\/wp\/v2\/posts"}],"about":[{"href":"https:\/\/coro.paroquiabaixadabanheira.org\/index.php?rest_route=\/wp\/v2\/types\/post"}],"author":[{"embeddable":true,"href":"https:\/\/coro.paroquiabaixadabanheira.org\/index.php?rest_route=\/wp\/v2\/users\/3"}],"replies":[{"embeddable":true,"href":"https:\/\/coro.paroquiabaixadabanheira.org\/index.php?rest_route=%2Fwp%2Fv2%2Fcomments&post=4319"}],"version-history":[{"count":2,"href":"https:\/\/coro.paroquiabaixadabanheira.org\/index.php?rest_route=\/wp\/v2\/posts\/4319\/revisions"}],"predecessor-version":[{"id":4321,"href":"https:\/\/coro.paroquiabaixadabanheira.org\/index.php?rest_route=\/wp\/v2\/posts\/4319\/revisions\/4321"}],"wp:attachment":[{"href":"https:\/\/coro.paroquiabaixadabanheira.org\/index.php?rest_route=%2Fwp%2Fv2%2Fmedia&parent=4319"}],"wp:term":[{"taxonomy":"category","embeddable":true,"href":"https:\/\/coro.paroquiabaixadabanheira.org\/index.php?rest_route=%2Fwp%2Fv2%2Fcategories&post=4319"},{"taxonomy":"post_tag","embeddable":true,"href":"https:\/\/coro.paroquiabaixadabanheira.org\/index.php?rest_route=%2Fwp%2Fv2%2Ftags&post=4319"}],"curies":[{"name":"wp","href":"https:\/\/api.w.org\/{rel}","templated":true}]}}