{"id":4475,"date":"2024-05-01T22:13:20","date_gmt":"2024-05-01T22:13:20","guid":{"rendered":"https:\/\/coro.paroquiabaixadabanheira.org\/?p=4475"},"modified":"2024-05-06T22:31:50","modified_gmt":"2024-05-06T22:31:50","slug":"domingo-vi-da-pascoa-11","status":"publish","type":"post","link":"https:\/\/coro.paroquiabaixadabanheira.org\/?p=4475","title":{"rendered":"Domingo VI da P\u00e1scoa"},"content":{"rendered":"<p>&#8220;A amizade \u00e9 a fonte que completa a nossa alegria. A isso nos chama Jesus: \u00e0 amizade com Ele. Seremos amigos de Jesus se fizermos o que nos manda. Seremos eternamente alegres se cumprirmos o seu mandamento. Mas qual \u00e9 o seu mandamento? \u00c9 o mandamento do amor, se nos amarmos uns aos outros, se amarmos como Jesus nos amou. Ou seja, doando-nos todos os dias, por Jesus, na amizade que Ele nos tem, pelos gestos que cultivarmos na vida dos nossos contempor\u00e2neos. Assim, seremos alegres no amor e amigos para a vida. A amizade faz-se de dia para dia, com gestos simples, sil\u00eancios acolhedores, palavras s\u00e1bias em dias tortuosos. J\u00e1 n\u00e3o somos servos, mas amigos! Jesus, o amigo da vida, quer caminhar com as nossas alegrias, porque a sua alegria \u00e9 a nossa alegria. A alegria \u00e9 um sintoma de que estamos a caminhar bem. E, hoje, Dia da M\u00e3e, alegremo-nos, tamb\u00e9m, por todas as m\u00e3es do mundo.&#8221;\u00a0 \u00a0<i>in\u00a0 Arquidiocese de Braga<\/i><\/p>\n<p><strong>ATEN\u00c7\u00c2O:<\/strong> 6\u00bafeira o ensaio ser\u00e1 \u00e1s 22h, devido \u00e0 recita\u00e7\u00e3o do ter\u00e7o.<\/p>\n<p><strong>C\u00e2nticos para o VI Domingo da P\u00e1scoa \u2013 Ano B (<a href=\"https:\/\/www.liturgia.pt\/liturgiadiaria\/dia.php?data=2024-5-5\">liturgia)<\/a><\/strong><\/p>\n<ul>\n<li>Entrada: <a href=\"http:\/\/coro.paroquiabaixadabanheira.org\/reportorio\/pascoa\/anunciai.com.voz.de.jubilo.pdf\">Anunciai com voz de j\u00fabilo<\/a><\/li>\n<li>Acto Penitencial:\u00a0<a href=\"http:\/\/coro.paroquiabaixadabanheira.org\/reportorio\/penitencial\/kyrie.eleison.mario.soroldoni.pdf\">Kyrie Eleison (M\u00e1rio Soroldoni)<\/a><\/li>\n<li>ou Resposta antes da aspers\u00e3o:\u00a0<a href=\"http:\/\/coro.paroquiabaixadabanheira.org\/reportorio\/aclamacao\/gloria.a.vos.senhor.aclamacao.do.preconio.pdf\">Gloria a v\u00f3s senhor<\/a><\/li>\n<li>ou Aspers\u00e3o:\u00a0<a href=\"http:\/\/coro.paroquiabaixadabanheira.org\/reportorio\/baptismo\/vos.que.fostes.baptizados.pdf\">V\u00f3s que Fostes Baptizado<\/a><\/li>\n<li>Gl\u00f3ria:\u00a0<a href=\"http:\/\/coro.paroquiabaixadabanheira.org\/reportorio\/gloria\/gloria.2.vozes.pdf\">Gloria 2 Vozes<\/a><\/li>\n<li>Salmo: 97(98)<em>\u00a0<a href=\"https:\/\/www.liturgia.pt\/multimedia\/mp3\/SalmosResponsoriais\/083_Pas06BVIDom-DianteDosPovos.mp3\">\u201dDiante dos povos manifestou Deus a salva\u00e7\u00e3o.\u201d<\/a><\/em><\/li>\n<li>Aclama\u00e7\u00e3o ao Evangelho:\u00a0\u00a0<a href=\"http:\/\/coro.paroquiabaixadabanheira.org\/reportorio\/pascoa\/aleluia.pascal.pdf\">Aleluia Pascal<\/a>\u00a0<strong>\u201cSe algu\u00e9m Me ama, guardar\u00e1 a minha palavra. Meu Pai o amar\u00e1 e faremos nele a nossa morada. \u201d<\/strong><\/li>\n<li>Apresenta\u00e7\u00e3o dos Dons:\u00a0<a href=\"http:\/\/coro.paroquiabaixadabanheira.org\/reportorio\/pascoa\/ja.nao.vos.chamo.servos.m.luis.pdf\">J\u00e1 n\u00e3o vos chamo servos<\/a> ou <a href=\"http:\/\/coro.paroquiabaixadabanheira.org\/reportorio\/final\/nao.fostes.vos.que.me.escolhestes.pdf\">N\u00e3o fostes V\u00f3s que me escolhestes<\/a><\/li>\n<li>Santo:\u00a0<a href=\"http:\/\/coro.paroquiabaixadabanheira.org\/reportorio\/santo\/santo.joao.andrade.nunes.pdf\">Santo\u00a0J. A. Nunes<\/a><\/li>\n<li>Cordeiro:\u00a0<a href=\"http:\/\/coro.paroquiabaixadabanheira.org\/reportorio\/cordeiro\/cordeiro.de.deus.fernando.lapa.pdf\">Cordeiro de Deus F. Lapa<\/a>\u00a0ou\u00a0<a href=\"http:\/\/coro.paroquiabaixadabanheira.org\/reportorio\/cordeiro\/cordeiro.de.deus.mario.silva.pdf\">Cordeiro de Deus M. Silva<\/a><\/li>\n<li>Comunh\u00e3o: <a href=\"http:\/\/coro.paroquiabaixadabanheira.org\/reportorio\/comunhao\/se.cumprirdes.os.meus.mandamentos.pdf\">Se cumprirdes os meus mandamentos<\/a><\/li>\n<li>Ac\u00e7\u00e3o de Gra\u00e7as: <a href=\"http:\/\/coro.paroquiabaixadabanheira.org\/reportorio\/maria\/mae.do.povo.pdf\">M\u00e3e do Povo<\/a><\/li>\n<li>Final: <a href=\"http:\/\/coro.paroquiabaixadabanheira.org\/reportorio\/comunhao\/vos.sereis.os.meus.amigos.pdf\">V\u00f3s Sereis os Meus Amigos<\/a><\/li>\n<\/ul>\n<p>Trazer:<\/p>\n<ul>\n<li><a href=\"http:\/\/coro.paroquiabaixadabanheira.org\/reportorio\/pascoa\/acreditamos.pdf\">Acreditamos<\/a><\/li>\n<\/ul>\n","protected":false},"excerpt":{"rendered":"<p>&#8220;A amizade \u00e9 a fonte que completa a nossa alegria. A isso nos chama Jesus: \u00e0 amizade com Ele. Seremos amigos de Jesus se fizermos o que nos manda. Seremos eternamente alegres se cumprirmos o seu mandamento. Mas qual \u00e9 &hellip;<\/p>\n<p class=\"read-more\"> <a class=\"more-link\" href=\"https:\/\/coro.paroquiabaixadabanheira.org\/?p=4475\"> <span class=\"screen-reader-text\">Domingo VI da P\u00e1scoa<\/span> Read More &raquo;<\/a><\/p>\n","protected":false},"author":3,"featured_media":0,"comment_status":"open","ping_status":"open","sticky":false,"template":"","format":"standard","meta":{"footnotes":""},"categories":[1],"tags":[],"class_list":["post-4475","post","type-post","status-publish","format-standard","hentry","category-uncategorized"],"_links":{"self":[{"href":"https:\/\/coro.paroquiabaixadabanheira.org\/index.php?rest_route=\/wp\/v2\/posts\/4475","targetHints":{"allow":["GET"]}}],"collection":[{"href":"https:\/\/coro.paroquiabaixadabanheira.org\/index.php?rest_route=\/wp\/v2\/posts"}],"about":[{"href":"https:\/\/coro.paroquiabaixadabanheira.org\/index.php?rest_route=\/wp\/v2\/types\/post"}],"author":[{"embeddable":true,"href":"https:\/\/coro.paroquiabaixadabanheira.org\/index.php?rest_route=\/wp\/v2\/users\/3"}],"replies":[{"embeddable":true,"href":"https:\/\/coro.paroquiabaixadabanheira.org\/index.php?rest_route=%2Fwp%2Fv2%2Fcomments&post=4475"}],"version-history":[{"count":4,"href":"https:\/\/coro.paroquiabaixadabanheira.org\/index.php?rest_route=\/wp\/v2\/posts\/4475\/revisions"}],"predecessor-version":[{"id":4480,"href":"https:\/\/coro.paroquiabaixadabanheira.org\/index.php?rest_route=\/wp\/v2\/posts\/4475\/revisions\/4480"}],"wp:attachment":[{"href":"https:\/\/coro.paroquiabaixadabanheira.org\/index.php?rest_route=%2Fwp%2Fv2%2Fmedia&parent=4475"}],"wp:term":[{"taxonomy":"category","embeddable":true,"href":"https:\/\/coro.paroquiabaixadabanheira.org\/index.php?rest_route=%2Fwp%2Fv2%2Fcategories&post=4475"},{"taxonomy":"post_tag","embeddable":true,"href":"https:\/\/coro.paroquiabaixadabanheira.org\/index.php?rest_route=%2Fwp%2Fv2%2Ftags&post=4475"}],"curies":[{"name":"wp","href":"https:\/\/api.w.org\/{rel}","templated":true}]}}