{"id":4481,"date":"2024-05-08T22:46:10","date_gmt":"2024-05-08T22:46:10","guid":{"rendered":"https:\/\/coro.paroquiabaixadabanheira.org\/?p=4481"},"modified":"2024-05-08T22:46:11","modified_gmt":"2024-05-08T22:46:11","slug":"baptismo-do-isaac","status":"publish","type":"post","link":"https:\/\/coro.paroquiabaixadabanheira.org\/?p=4481","title":{"rendered":"Baptismo do Isaac"},"content":{"rendered":"<p>Fomos convidados para cantar na celebra\u00e7\u00e3o do Baptismo do menino Isaac no dia 11 de Maio, s\u00e1bado, pelas 11h30. O ensaio ser\u00e1 realizado na 6\u00ba feira, dia 10 de Maio, ap\u00f3s o ensaio para a liturgia dominical.<\/p>\n<p><strong>C\u00e2nticos para o Baptizado do Isaac&nbsp;<\/strong><\/p>\n<ul>\n<li>Entrada: <a title=\"Taiz\u00e9\" href=\"http:\/\/coro.paroquiabaixadabanheira.org\/reportorio\/baptismo\/tu.es.fonte.de.vida.pdf\">Tu \u00c9s Fonte de Vida<\/a><\/li>\n<li>Gl\u00f3ria:&nbsp;<a href=\"http:\/\/coro.paroquiabaixadabanheira.org\/reportorio\/gloria\/gloria.2.vozes.pdf\">Gloria 2 Vozes<\/a><\/li>\n<li>Salmo 33 (34) <a href=\"https:\/\/www.liturgia.pt\/multimedia\/mp3\/SalmosResponsoriais\/103_TC_B_19Dom-SaboreaiEVede.mp3\"><em>\u201dSaboreai e vede como o Senhor \u00e9 bom.\u201d<\/em><\/a><\/li>\n<li>Aclama\u00e7\u00e3o ao Evangelho: <a href=\"http:\/\/coro.paroquiabaixadabanheira.org\/reportorio\/pascoa\/aleluia.pascal.pdf\">Aleluia Pascal<\/a>&nbsp;<strong>\u201cEu sou o caminho, a verdade e a vida,<br \/>\ndiz o Senhor: ningu\u00e9m vai ao Pai sen\u00e3o por Mim.\u201d<\/strong><\/li>\n<li>Ladainhas:&nbsp;<a href=\"http:\/\/coro.paroquiabaixadabanheira.org\/reportorio\/pascoa\/ladainhas.a.ferreira.santos.curta.pdf\">Ladainhas dos santos \u2013 Novo<\/a><\/li>\n<li>Ap\u00f3s o Baptismo:&nbsp;<a href=\"http:\/\/coro.paroquiabaixadabanheira.org\/reportorio\/baptismo\/vos.que.fostes.baptizados.pdf\">V\u00f3s que Fostes Baptizados<\/a><\/li>\n<li>Vela acesa:&nbsp;<a title=\"Taiz\u00e9\" href=\"http:\/\/coro.paroquiabaixadabanheira.org\/reportorio\/diversos\/senhor.jesus.pdf\">Senhor Jesus, Tu \u00c9s Luz do Mundo<\/a><\/li>\n<li>Ora\u00e7\u00e3o dos Fi\u00e9is:&nbsp;<a href=\"http:\/\/coro.paroquiabaixadabanheira.org\/reportorio\/aclamacao\/oracao.universal.pdf\">Respostas&nbsp;<\/a>-1<\/li>\n<li>Apresenta\u00e7\u00e3o dos Dons:&nbsp;<a href=\"http:\/\/coro.paroquiabaixadabanheira.org\/reportorio\/pascoa\/no.baptismo.renascidos.pdf\">No baptismo renascidos<\/a><\/li>\n<li>Santo:&nbsp;<a href=\"http:\/\/coro.paroquiabaixadabanheira.org\/reportorio\/santo\/santo.cartageno.pdf\">Santo cartageno<\/a><\/li>\n<li>Cordeiro:&nbsp;<a href=\"http:\/\/coro.paroquiabaixadabanheira.org\/reportorio\/cordeiro\/cordeiro.aragues.pdf\">Cordeiro (Aragues)<\/a><\/li>\n<li>Comunh\u00e3o: <a href=\"http:\/\/coro.paroquiabaixadabanheira.org\/reportorio\/comunhao\/cordeiro.de.deus.carlos.silva.pdf\">O Cordeiro de Deus \u00e9 o nosso Pastor<\/a><\/li>\n<li>Ac\u00e7\u00e3o de Gra\u00e7as: <a href=\"http:\/\/coro.paroquiabaixadabanheira.org\/reportorio\/maria\/mae.de.misericordia.pdf\">M\u00e3e de Misericordia<\/a>&nbsp;ou&nbsp;<a href=\"http:\/\/coro.paroquiabaixadabanheira.org\/reportorio\/maria\/ave.maria.paul.decha.pdf\">Av\u00e9 Maria! Paul D\u00e9cha<\/a><\/li>\n<li>Final:&nbsp;<a title=\"Taiz\u00e9\" href=\"http:\/\/coro.paroquiabaixadabanheira.org\/reportorio\/baptismo\/aguas.das.fontes.pdf\">\u00c1guas das fontes<\/a><\/li>\n<\/ul>\n","protected":false},"excerpt":{"rendered":"<p>Fomos convidados para cantar na celebra\u00e7\u00e3o do Baptismo do menino Isaac no dia 11 de Maio, s\u00e1bado, pelas 11h30. O ensaio ser\u00e1 realizado na 6\u00ba feira, dia 10 de Maio, ap\u00f3s o ensaio para a liturgia dominical. C\u00e2nticos para o &hellip;<\/p>\n<p class=\"read-more\"> <a class=\"more-link\" href=\"https:\/\/coro.paroquiabaixadabanheira.org\/?p=4481\"> <span class=\"screen-reader-text\">Baptismo do Isaac<\/span> Read More &raquo;<\/a><\/p>\n","protected":false},"author":3,"featured_media":0,"comment_status":"open","ping_status":"open","sticky":false,"template":"","format":"standard","meta":{"footnotes":""},"categories":[1],"tags":[],"class_list":["post-4481","post","type-post","status-publish","format-standard","hentry","category-uncategorized"],"_links":{"self":[{"href":"https:\/\/coro.paroquiabaixadabanheira.org\/index.php?rest_route=\/wp\/v2\/posts\/4481","targetHints":{"allow":["GET"]}}],"collection":[{"href":"https:\/\/coro.paroquiabaixadabanheira.org\/index.php?rest_route=\/wp\/v2\/posts"}],"about":[{"href":"https:\/\/coro.paroquiabaixadabanheira.org\/index.php?rest_route=\/wp\/v2\/types\/post"}],"author":[{"embeddable":true,"href":"https:\/\/coro.paroquiabaixadabanheira.org\/index.php?rest_route=\/wp\/v2\/users\/3"}],"replies":[{"embeddable":true,"href":"https:\/\/coro.paroquiabaixadabanheira.org\/index.php?rest_route=%2Fwp%2Fv2%2Fcomments&post=4481"}],"version-history":[{"count":3,"href":"https:\/\/coro.paroquiabaixadabanheira.org\/index.php?rest_route=\/wp\/v2\/posts\/4481\/revisions"}],"predecessor-version":[{"id":4486,"href":"https:\/\/coro.paroquiabaixadabanheira.org\/index.php?rest_route=\/wp\/v2\/posts\/4481\/revisions\/4486"}],"wp:attachment":[{"href":"https:\/\/coro.paroquiabaixadabanheira.org\/index.php?rest_route=%2Fwp%2Fv2%2Fmedia&parent=4481"}],"wp:term":[{"taxonomy":"category","embeddable":true,"href":"https:\/\/coro.paroquiabaixadabanheira.org\/index.php?rest_route=%2Fwp%2Fv2%2Fcategories&post=4481"},{"taxonomy":"post_tag","embeddable":true,"href":"https:\/\/coro.paroquiabaixadabanheira.org\/index.php?rest_route=%2Fwp%2Fv2%2Ftags&post=4481"}],"curies":[{"name":"wp","href":"https:\/\/api.w.org\/{rel}","templated":true}]}}