{"id":4484,"date":"2024-05-08T22:42:11","date_gmt":"2024-05-08T22:42:11","guid":{"rendered":"https:\/\/coro.paroquiabaixadabanheira.org\/?p=4484"},"modified":"2024-05-08T22:42:12","modified_gmt":"2024-05-08T22:42:12","slug":"solenidade-da-ascensao-do-senhor-7","status":"publish","type":"post","link":"https:\/\/coro.paroquiabaixadabanheira.org\/?p=4484","title":{"rendered":"Solenidade da Ascens\u00e3o do Senhor"},"content":{"rendered":"<p>&#8220;O Salmo deste Domingo convida-nos a entoar cheios de alegria \u00ab<em>Ergue-Se Deus, o Senhor, em j\u00fabilo e ao som da trombeta<\/em>\u00bb. Parece paradoxal rejubilar e exultar porque vemos o Senhor partir. Contudo, bem sabemos que a ascens\u00e3o do Senhor n\u00e3o \u00e9 uma fuga nem um abandono porque os homens e mulheres n\u00e3o acolheram a Sua mensagem. A ascens\u00e3o do Senhor atesta a verdade da Ressurrei\u00e7\u00e3o e faz-nos compreender que Jesus vive agora na gl\u00f3ria do Pai, revelando assim o sentido pleno da P\u00e1scoa como entrada no Reino dos C\u00e9us e como participa\u00e7\u00e3o da vida nova e eterna que s\u00f3 Jesus e o Seu amor nos podem oferecer.&#8221;\u00a0 \u00a0<i>in\u00a0<\/i>Voz Portucalense<\/p>\n<p><strong style=\"font-size: 1em;\">ATEN\u00c7\u00c2O:<\/strong><span style=\"font-size: 1em;\"> 6\u00bafeira o ensaio ser\u00e1 \u00e1s 21h45, devido \u00e0 recita\u00e7\u00e3o do ter\u00e7o.<\/span><\/p>\n<p><strong>C\u00e2nticos para a Solenidade da Ascens\u00e3o do Senhor \u2013 Ano B (<a href=\"https:\/\/www.liturgia.pt\/liturgiadiaria\/dia.php?data=2024-5-12\">liturgia)<\/a><\/strong><\/p>\n<ul>\n<li>Entrada: <a href=\"http:\/\/coro.paroquiabaixadabanheira.org\/reportorio\/pascoa\/aclamai.jesus.cristo.pdf\">Aclamai Jesus cristo<\/a><\/li>\n<li>Acto Penitencial:\u00a0<a href=\"http:\/\/coro.paroquiabaixadabanheira.org\/reportorio\/penitencial\/kyrie.eleison.mario.soroldoni.pdf\">Kyrie Eleison (M\u00e1rio Soroldoni)<\/a><\/li>\n<li>ou Resposta antes da aspers\u00e3o:\u00a0<a href=\"http:\/\/coro.paroquiabaixadabanheira.org\/reportorio\/aclamacao\/gloria.a.vos.senhor.aclamacao.do.preconio.pdf\">Gloria a v\u00f3s senhor<\/a><\/li>\n<li>ou Aspers\u00e3o:\u00a0<a href=\"http:\/\/coro.paroquiabaixadabanheira.org\/reportorio\/baptismo\/vos.que.fostes.baptizados.pdf\">V\u00f3s que Fostes Baptizado<\/a><\/li>\n<li>Gl\u00f3ria:\u00a0<a href=\"http:\/\/coro.paroquiabaixadabanheira.org\/reportorio\/gloria\/gloria.2.vozes.pdf\">Gloria 2 Vozes<\/a><\/li>\n<li>Salmo: 46(47)<em>\u00a0<a href=\"https:\/\/www.liturgia.pt\/multimedia\/mp3\/SalmosResponsoriais\/033_Pas07AVIIDom-Ergue-seDeus.mp3\">\u201dErgue-Se Deus, o Senhor, em j\u00fabilo e ao som da trombeta.\u201d<\/a><\/em><\/li>\n<li>Aclama\u00e7\u00e3o ao Evangelho:\u00a0\u00a0<a href=\"http:\/\/coro.paroquiabaixadabanheira.org\/reportorio\/pascoa\/aleluia.pascal.pdf\">Aleluia Pascal<\/a>\u00a0<strong>\u201cIde e ensinai todos os povos, diz o Senhor: Eu estou sempre convosco at\u00e9 ao fim dos tempos. \u201d<\/strong><\/li>\n<li>Ora\u00e7\u00e3o dos Fi\u00e9is:\u00a0<a href=\"http:\/\/coro.paroquiabaixadabanheira.org\/reportorio\/aclamacao\/oracao.universal.pdf\">Respostas\u00a0<\/a>\u2013 33<\/li>\n<li>Apresenta\u00e7\u00e3o dos Dons: <a href=\"http:\/\/coro.paroquiabaixadabanheira.org\/reportorio\/gracas\/eu.estou.sempre.convosco.pdf\">Eu estou sempre convosco<\/a><\/li>\n<li>Santo:\u00a0<a href=\"http:\/\/coro.paroquiabaixadabanheira.org\/reportorio\/santo\/santo.joao.andrade.nunes.pdf\">Santo\u00a0J. A. Nunes<\/a><\/li>\n<li>Cordeiro:\u00a0<a href=\"http:\/\/coro.paroquiabaixadabanheira.org\/reportorio\/cordeiro\/cordeiro.de.deus.fernando.lapa.pdf\">Cordeiro de Deus F. Lapa<\/a>\u00a0ou\u00a0<a href=\"http:\/\/coro.paroquiabaixadabanheira.org\/reportorio\/cordeiro\/cordeiro.de.deus.mario.silva.pdf\">Cordeiro de Deus M. Silva<\/a><\/li>\n<li>Comunh\u00e3o: <a href=\"http:\/\/coro.paroquiabaixadabanheira.org\/reportorio\/pentecostes\/homens.da.galileia.pdf\">Homens da Galileia<\/a><\/li>\n<li>Ac\u00e7\u00e3o de Gra\u00e7as: <a href=\"http:\/\/coro.paroquiabaixadabanheira.org\/reportorio\/maria\/senhora.um.dia.descestes2.pdf\">Senhora um dia descestes<\/a><\/li>\n<li>Final: <a href=\"http:\/\/coro.paroquiabaixadabanheira.org\/reportorio\/final\/ide.e.ensinai.pdf\">Ide e Ensinai<\/a><\/li>\n<\/ul>\n<p>Trazer:<\/p>\n<ul>\n<li>CODA: <a href=\"http:\/\/coro.paroquiabaixadabanheira.org\/reportorio\/aclama\/aleluia.pascal.coda.pdf\">Aleluia Colin Mawby<\/a><\/li>\n<\/ul>\n","protected":false},"excerpt":{"rendered":"<p>&#8220;O Salmo deste Domingo convida-nos a entoar cheios de alegria \u00abErgue-Se Deus, o Senhor, em j\u00fabilo e ao som da trombeta\u00bb. Parece paradoxal rejubilar e exultar porque vemos o Senhor partir. Contudo, bem sabemos que a ascens\u00e3o do Senhor n\u00e3o &hellip;<\/p>\n<p class=\"read-more\"> <a class=\"more-link\" href=\"https:\/\/coro.paroquiabaixadabanheira.org\/?p=4484\"> <span class=\"screen-reader-text\">Solenidade da Ascens\u00e3o do Senhor<\/span> Read More &raquo;<\/a><\/p>\n","protected":false},"author":3,"featured_media":0,"comment_status":"open","ping_status":"open","sticky":false,"template":"","format":"standard","meta":{"footnotes":""},"categories":[1],"tags":[],"class_list":["post-4484","post","type-post","status-publish","format-standard","hentry","category-uncategorized"],"_links":{"self":[{"href":"https:\/\/coro.paroquiabaixadabanheira.org\/index.php?rest_route=\/wp\/v2\/posts\/4484","targetHints":{"allow":["GET"]}}],"collection":[{"href":"https:\/\/coro.paroquiabaixadabanheira.org\/index.php?rest_route=\/wp\/v2\/posts"}],"about":[{"href":"https:\/\/coro.paroquiabaixadabanheira.org\/index.php?rest_route=\/wp\/v2\/types\/post"}],"author":[{"embeddable":true,"href":"https:\/\/coro.paroquiabaixadabanheira.org\/index.php?rest_route=\/wp\/v2\/users\/3"}],"replies":[{"embeddable":true,"href":"https:\/\/coro.paroquiabaixadabanheira.org\/index.php?rest_route=%2Fwp%2Fv2%2Fcomments&post=4484"}],"version-history":[{"count":1,"href":"https:\/\/coro.paroquiabaixadabanheira.org\/index.php?rest_route=\/wp\/v2\/posts\/4484\/revisions"}],"predecessor-version":[{"id":4485,"href":"https:\/\/coro.paroquiabaixadabanheira.org\/index.php?rest_route=\/wp\/v2\/posts\/4484\/revisions\/4485"}],"wp:attachment":[{"href":"https:\/\/coro.paroquiabaixadabanheira.org\/index.php?rest_route=%2Fwp%2Fv2%2Fmedia&parent=4484"}],"wp:term":[{"taxonomy":"category","embeddable":true,"href":"https:\/\/coro.paroquiabaixadabanheira.org\/index.php?rest_route=%2Fwp%2Fv2%2Fcategories&post=4484"},{"taxonomy":"post_tag","embeddable":true,"href":"https:\/\/coro.paroquiabaixadabanheira.org\/index.php?rest_route=%2Fwp%2Fv2%2Ftags&post=4484"}],"curies":[{"name":"wp","href":"https:\/\/api.w.org\/{rel}","templated":true}]}}