{"id":4493,"date":"2024-05-15T21:13:59","date_gmt":"2024-05-15T21:13:59","guid":{"rendered":"https:\/\/coro.paroquiabaixadabanheira.org\/?p=4493"},"modified":"2024-05-15T21:14:01","modified_gmt":"2024-05-15T21:14:01","slug":"recenseamento-a-pratica-dominical-diocese-de-setubal","status":"publish","type":"post","link":"https:\/\/coro.paroquiabaixadabanheira.org\/?p=4493","title":{"rendered":"Recenseamento \u00e0 pr\u00e1tica dominical &#8211; Diocese de Set\u00fabal"},"content":{"rendered":"<p>&#8220;A Diocese de Set\u00fabal vai promover <strong>nas Missas vespertinas do pr\u00f3ximo dia 18 de maio e nas celebra\u00e7\u00f5es de dia 19<\/strong> um recenseamento \u00e0 pr\u00e1tica dominical das comunidades, com o objetivo de reconfigurar o mapa territorial\u00a0 e de adequar a resposta pastoral \u00e0s suas transforma\u00e7\u00f5es.<\/p>\n<p>O inqu\u00e9rito ser\u00e1 respondido por todos os presentes nas eucaristias <strong>a partir dos 6 anos<\/strong> de idade, e n\u00e3o ser\u00e1 poss\u00edvel responder fora desse momento, precisamente para permitir mapear o censo da participa\u00e7\u00e3o dominical na eucaristia.&#8221;<\/p>\n<p>&#8220;O inqu\u00e9rito, de nove perguntas, poder\u00e1 ser respondido pelos fi\u00e9is que participem nas eucaristias do pr\u00f3ximo fim-de-semana, e \u00abpermitir\u00e1 tra\u00e7ar o perfil de cada comunidade e de quem a comp\u00f5e.&#8221; <em>in Di\u00e1rio do Distrito<\/em><\/p>\n<p>\u201cN\u00f3s quisemos conhecer melhor a nossa popula\u00e7\u00e3o e da\u00ed termos acrescentado tamb\u00e9m quest\u00f5es sobre a origem de onde \u00e9 que as pessoas v\u00eam, onde \u00e9 que as pessoas vivem aqui dentro da Diocese e onde \u00e9 que elas, de facto, v\u00e3o, qual \u00e9 o seu local preferencial onde elas v\u00e3o \u00e0 missa\u201d, indicou N\u00e9lia Vicente, soci\u00f3loga, em entrevista \u00e0 Ag\u00eancia ECCLESIA.&#8221; <em>in Ecclesia<\/em><\/p>\n<p>Para mais informa\u00e7\u00f5es consulte este <a href=\"https:\/\/agencia.ecclesia.pt\/portal\/setubal-diocese-promove-recenseamento-a-pratica-dominical-para-reconfigurar-mapa-territorial\/\">link<\/a><\/p>\n<h4><strong>Participe neste recenseamento!<\/strong><\/h4>\n","protected":false},"excerpt":{"rendered":"<p>&#8220;A Diocese de Set\u00fabal vai promover nas Missas vespertinas do pr\u00f3ximo dia 18 de maio e nas celebra\u00e7\u00f5es de dia 19 um recenseamento \u00e0 pr\u00e1tica dominical das comunidades, com o objetivo de reconfigurar o mapa territorial\u00a0 e de adequar a &hellip;<\/p>\n<p class=\"read-more\"> <a class=\"more-link\" href=\"https:\/\/coro.paroquiabaixadabanheira.org\/?p=4493\"> <span class=\"screen-reader-text\">Recenseamento \u00e0 pr\u00e1tica dominical &#8211; Diocese de Set\u00fabal<\/span> Read More &raquo;<\/a><\/p>\n","protected":false},"author":3,"featured_media":0,"comment_status":"open","ping_status":"open","sticky":false,"template":"","format":"standard","meta":{"footnotes":""},"categories":[1],"tags":[],"class_list":["post-4493","post","type-post","status-publish","format-standard","hentry","category-uncategorized"],"_links":{"self":[{"href":"https:\/\/coro.paroquiabaixadabanheira.org\/index.php?rest_route=\/wp\/v2\/posts\/4493","targetHints":{"allow":["GET"]}}],"collection":[{"href":"https:\/\/coro.paroquiabaixadabanheira.org\/index.php?rest_route=\/wp\/v2\/posts"}],"about":[{"href":"https:\/\/coro.paroquiabaixadabanheira.org\/index.php?rest_route=\/wp\/v2\/types\/post"}],"author":[{"embeddable":true,"href":"https:\/\/coro.paroquiabaixadabanheira.org\/index.php?rest_route=\/wp\/v2\/users\/3"}],"replies":[{"embeddable":true,"href":"https:\/\/coro.paroquiabaixadabanheira.org\/index.php?rest_route=%2Fwp%2Fv2%2Fcomments&post=4493"}],"version-history":[{"count":2,"href":"https:\/\/coro.paroquiabaixadabanheira.org\/index.php?rest_route=\/wp\/v2\/posts\/4493\/revisions"}],"predecessor-version":[{"id":4495,"href":"https:\/\/coro.paroquiabaixadabanheira.org\/index.php?rest_route=\/wp\/v2\/posts\/4493\/revisions\/4495"}],"wp:attachment":[{"href":"https:\/\/coro.paroquiabaixadabanheira.org\/index.php?rest_route=%2Fwp%2Fv2%2Fmedia&parent=4493"}],"wp:term":[{"taxonomy":"category","embeddable":true,"href":"https:\/\/coro.paroquiabaixadabanheira.org\/index.php?rest_route=%2Fwp%2Fv2%2Fcategories&post=4493"},{"taxonomy":"post_tag","embeddable":true,"href":"https:\/\/coro.paroquiabaixadabanheira.org\/index.php?rest_route=%2Fwp%2Fv2%2Ftags&post=4493"}],"curies":[{"name":"wp","href":"https:\/\/api.w.org\/{rel}","templated":true}]}}