{"id":4496,"date":"2024-05-15T23:01:41","date_gmt":"2024-05-15T23:01:41","guid":{"rendered":"https:\/\/coro.paroquiabaixadabanheira.org\/?p=4496"},"modified":"2024-07-15T22:55:49","modified_gmt":"2024-07-15T22:55:49","slug":"novo-missal","status":"publish","type":"post","link":"https:\/\/coro.paroquiabaixadabanheira.org\/?p=4496","title":{"rendered":"Novo Missal"},"content":{"rendered":"<p><span lang=\"PT\">A 14 de abril de 2022 entrou em vigor o novo Missal Portugu\u00eas. Destaco aqui 2 altera\u00e7\u00f5es que a comunidade deve estar atenta para melhor participa\u00e7\u00e3o na Eucaristia.&nbsp;<\/span><\/p>\n<p><i><span lang=\"PT\">&#8220;1.&nbsp;&nbsp;&nbsp;&nbsp; <\/span><\/i><i><span lang=\"PT\">Voltar a bater tr\u00eas vezes no peito<\/span><\/i><\/p>\n<p>Uma particularidade do Ato Penitencial \u00e9 a de retomar (numa das suas modalidades), na recita\u00e7\u00e3o comum da ora\u00e7\u00e3o \u00ab<i>Confesso a Deus todo poderoso\u2026<\/i>\u00bb, a pr\u00e1tica tradicional de&nbsp;<b>bater tr\u00eas vezes no peito<\/b>, enquanto se dizem as palavras: <strong>\u00ab<i>por minha culpa, minha culpa, minha t\u00e3o grande culpa<\/i>\u00bb<\/strong>. Mais do que uma simples nostalgia hist\u00f3rica, esta f\u00f3rmula tem ra\u00edzes b\u00edblicas e rituais. Basta lembrar-se da tr\u00edplice nega\u00e7\u00e3o de Pedro e, tamb\u00e9m, das tr\u00eas vezes em que o Ap\u00f3stolo afirma o seu amor ao Senhor; ou das tr\u00eas imers\u00f5es\/ infus\u00f5es batismais invocando as tr\u00eas pessoas da Sant\u00edssima Trindade.<\/p>\n<p class=\"Estilo10\"><i><span lang=\"PT\">2.&nbsp;&nbsp;&nbsp;&nbsp; <\/span><\/i><i><span lang=\"PT\">A conclus\u00e3o das ora\u00e7\u00f5es<\/span><\/i><\/p>\n<p class=\"Estilo10\"><span lang=\"PT\">Outra novidade \u00e9 o \u00ab<i>retomar da tradicional conclus\u00e3o plena da Ora\u00e7\u00e3o coleta: \u00abPor nosso Senhor Jesus Cristo, vosso Filho, que \u00e9 Deus e convosco vive e reina, na unidade do Esp\u00edrito Santo, por todos os s\u00e9culos dos s\u00e9culos\u00bb. Para as restantes ora\u00e7\u00f5es introduz-se a cl\u00e1usula mais breve, tornando-as mais fluentes: \u00abPor Cristo, nosso Senhor<\/i>\u00bb.<a title=\"\" href=\"https:\/\/www.cliturgica.org\/portal\/artigo.php?id=3291#_ftn4\" name=\"_ftnref4\"><sup>[4]<\/sup><\/a><\/span><\/p>\n<p class=\"Estilo10\"><span lang=\"PT\">Os bispos portugueses salientam a vantagem de retomar esta forma tradicional, n\u00e3o s\u00f3 por uma maior unidade com a&nbsp;<i>editio typica<\/i>&nbsp;latina, mas tamb\u00e9m pela sua riqueza mistag\u00f3gica: \u00ab<i>Estas conclus\u00f5es, s\u00edntese feliz e doxol\u00f3gica da f\u00e9 da Igreja, laboriosamente formulada nos quatro primeiros Conc\u00edlios Ecum\u00e9nicos, s\u00e3o escola da ora\u00e7\u00e3o. Nelas se modela a regra e din\u00e2mica trinit\u00e1ria, cristol\u00f3gica e pneumatol\u00f3gica: ao Pai, por Cristo, no Esp\u00edrito Santo. A express\u00e3o final \u2013 \u00abpelos s\u00e9culos dos s\u00e9culos\u00bb \u2013, de sabor b\u00edblico, reaparece no Missal, nas coletas e na doxologia final da Ora\u00e7\u00e3o Eucar\u00edstica, a reclamar o \u00abAmen\u00bb da ades\u00e3o e profiss\u00e3o de f\u00e9 da comunidade crente e orante\u00bb&#8221;&nbsp; &nbsp;<\/i><em>in Voz Portucalense<\/em><\/span><\/p>\n","protected":false},"excerpt":{"rendered":"<p>A 14 de abril de 2022 entrou em vigor o novo Missal Portugu\u00eas. Destaco aqui 2 altera\u00e7\u00f5es que a comunidade deve estar atenta para melhor participa\u00e7\u00e3o na Eucaristia.&nbsp; &#8220;1.&nbsp;&nbsp;&nbsp;&nbsp; Voltar a bater tr\u00eas vezes no peito Uma particularidade do Ato &hellip;<\/p>\n<p class=\"read-more\"> <a class=\"more-link\" href=\"https:\/\/coro.paroquiabaixadabanheira.org\/?p=4496\"> <span class=\"screen-reader-text\">Novo Missal<\/span> Read More &raquo;<\/a><\/p>\n","protected":false},"author":3,"featured_media":0,"comment_status":"open","ping_status":"open","sticky":false,"template":"","format":"standard","meta":{"footnotes":""},"categories":[4],"tags":[],"class_list":["post-4496","post","type-post","status-publish","format-standard","hentry","category-noticias"],"_links":{"self":[{"href":"https:\/\/coro.paroquiabaixadabanheira.org\/index.php?rest_route=\/wp\/v2\/posts\/4496","targetHints":{"allow":["GET"]}}],"collection":[{"href":"https:\/\/coro.paroquiabaixadabanheira.org\/index.php?rest_route=\/wp\/v2\/posts"}],"about":[{"href":"https:\/\/coro.paroquiabaixadabanheira.org\/index.php?rest_route=\/wp\/v2\/types\/post"}],"author":[{"embeddable":true,"href":"https:\/\/coro.paroquiabaixadabanheira.org\/index.php?rest_route=\/wp\/v2\/users\/3"}],"replies":[{"embeddable":true,"href":"https:\/\/coro.paroquiabaixadabanheira.org\/index.php?rest_route=%2Fwp%2Fv2%2Fcomments&post=4496"}],"version-history":[{"count":4,"href":"https:\/\/coro.paroquiabaixadabanheira.org\/index.php?rest_route=\/wp\/v2\/posts\/4496\/revisions"}],"predecessor-version":[{"id":4554,"href":"https:\/\/coro.paroquiabaixadabanheira.org\/index.php?rest_route=\/wp\/v2\/posts\/4496\/revisions\/4554"}],"wp:attachment":[{"href":"https:\/\/coro.paroquiabaixadabanheira.org\/index.php?rest_route=%2Fwp%2Fv2%2Fmedia&parent=4496"}],"wp:term":[{"taxonomy":"category","embeddable":true,"href":"https:\/\/coro.paroquiabaixadabanheira.org\/index.php?rest_route=%2Fwp%2Fv2%2Fcategories&post=4496"},{"taxonomy":"post_tag","embeddable":true,"href":"https:\/\/coro.paroquiabaixadabanheira.org\/index.php?rest_route=%2Fwp%2Fv2%2Ftags&post=4496"}],"curies":[{"name":"wp","href":"https:\/\/api.w.org\/{rel}","templated":true}]}}