{"id":4503,"date":"2024-05-22T21:48:47","date_gmt":"2024-05-22T21:48:47","guid":{"rendered":"https:\/\/coro.paroquiabaixadabanheira.org\/?p=4503"},"modified":"2024-05-22T21:48:48","modified_gmt":"2024-05-22T21:48:48","slug":"solenidade-da-santissima-trindade-9","status":"publish","type":"post","link":"https:\/\/coro.paroquiabaixadabanheira.org\/?p=4503","title":{"rendered":"Solenidade da Sant\u00edssima Trindade"},"content":{"rendered":"<p>&#8220;No Domingo da Sant\u00edssima Trindade somos convidados pela liturgia a viver como art\u00edfices da comunh\u00e3o e da unidade. A Igreja \u00e9 Povo de Deus reunido na unidade do Pai, Filho e Esp\u00edrito Santo (LG 4) e, por isso, chamada a testemunhar esta comunh\u00e3o de amor. Deste modo, ao celebrar esta solenidade, cada fam\u00edlia e cada comunidade crist\u00e3 s\u00e3o desafiadas a renovar o seu compromisso de ser testemunhas da alegria da comunh\u00e3o e da beleza de caminhar juntos. No contexto desta celebra\u00e7\u00e3o, podem ser apresentadas alguns desafios concretos e ac\u00e7\u00f5es de sa\u00edda mission\u00e1ria que em fam\u00edlia ou em comunidade se podem levar a cabo para que a comunh\u00e3o e unidade que somos chamados a testemunhar n\u00e3o sejam apenas um conjunto de boas inten\u00e7\u00f5es, mas uma realidade concreta na vida e na miss\u00e3o de cada baptizado.&#8221;\u00a0 \u00a0 <i>in\u00a0<\/i><em>Voz Portucalense<\/em><\/p>\n<p><strong>C\u00e2nticos para a Solenidade da Sant\u00edssima Trindade \u2013 Ano B<\/strong>\u00a0(<a href=\"https:\/\/www.liturgia.pt\/liturgiadiaria\/dia.php?data=2024-5-26\">Liturgia<\/a>)<\/p>\n<ul>\n<li>Entrada:\u00a0<a href=\"http:\/\/coro.paroquiabaixadabanheira.org\/reportorio\/diversos\/pai.filho.espirito.santo.pdf\">Pai, Filho, Esp\u00edrito\u00a0Santo<\/a><\/li>\n<li>Acto Penitencial:\u00a0<a href=\"http:\/\/coro.paroquiabaixadabanheira.org\/reportorio\/penitencial\/senhor.tende.piedade.3.pdf\">Senhor Tende Piedade (M. Alentejana)<\/a><\/li>\n<li>Gl\u00f3ria:\u00a0<a href=\"http:\/\/coro.paroquiabaixadabanheira.org\/reportorio\/gloria\/gloria.2.vozes.pdf\">Gloria 2 Vozes<\/a><\/li>\n<li>Salmo: 32 (33) <a href=\"https:\/\/www.liturgia.pt\/multimedia\/mp3\/SalmosResponsoriais\/117_TC_B_35SSTrindade-FelizOPovo.mp3\"><em>\u201dFeliz o povo que o Senhor escolheu para sua heran\u00e7a.\u201d<\/em><\/a><\/li>\n<li>Aclama\u00e7\u00e3o ao Evangelho:\u00a0<a href=\"http:\/\/coro.paroquiabaixadabanheira.org\/reportorio\/aclama\/aleluia.janmichaeljoncas.pdf\">Aleluia (Jan Joncas)<\/a>\u00a0<strong>\u201cGl\u00f3ria ao Pai e ao Filho e ao Esp\u00edrito Santo, ao Deus que \u00e9, que era e que h\u00e1-de vir.\u201d<\/strong><\/li>\n<li>Ora\u00e7\u00e3o dos Fi\u00e9is:\u00a0<a href=\"http:\/\/coro.paroquiabaixadabanheira.org\/reportorio\/aclamacao\/oracao.universal.pdf\">Respostas\u00a0<\/a>-21<\/li>\n<li>Apresenta\u00e7\u00e3o dos Dons:\u00a0<a href=\"http:\/\/coro.paroquiabaixadabanheira.org\/reportorio\/diversos\/unidos.com.toda.igreja.pdf\">Unidos com toda a Igreja<\/a><\/li>\n<li>Santo:\u00a0<a href=\"http:\/\/coro.paroquiabaixadabanheira.org\/reportorio\/santo\/santo.carlos.silva2.pdf\">Santo Carlos Silva 2<\/a><\/li>\n<li>Cordeiro:\u00a0<a href=\"http:\/\/coro.paroquiabaixadabanheira.org\/reportorio\/cordeiro\/cordeiro.cartageno2.pdf\">Cordeiro\u00a02 Cartageno<\/a><\/li>\n<li>Comunh\u00e3o:\u00a0<a href=\"http:\/\/coro.paroquiabaixadabanheira.org\/reportorio\/diversos\/porque.somos.filhos.de.deus.pdf\">Porque somos filhos de Deus<\/a><\/li>\n<li>Ac\u00e7\u00e3o de Gra\u00e7as:\u00a0<a href=\"http:\/\/coro.paroquiabaixadabanheira.org\/reportorio\/pentecostes\/gloria.ao.pai.que.nos.criou.pdf\">Gloria ao pai que nos criou<\/a><\/li>\n<li>Final:\u00a0<a href=\"http:\/\/coro.paroquiabaixadabanheira.org\/reportorio\/diversos\/santissima.trindade.pdf\">Sant\u00edssima Trindade<\/a><\/li>\n<\/ul>\n<p>Trazer:<\/p>\n<ul>\n<li>Sequ\u00eancia:\u00a0<a href=\"http:\/\/coro.paroquiabaixadabanheira.org\/reportorio\/diversos\/terra.exulta.de.alegria.sequencia.pdf\">Terra, exulta de alegria<\/a><\/li>\n<\/ul>\n","protected":false},"excerpt":{"rendered":"<p>&#8220;No Domingo da Sant\u00edssima Trindade somos convidados pela liturgia a viver como art\u00edfices da comunh\u00e3o e da unidade. A Igreja \u00e9 Povo de Deus reunido na unidade do Pai, Filho e Esp\u00edrito Santo (LG 4) e, por isso, chamada a &hellip;<\/p>\n<p class=\"read-more\"> <a class=\"more-link\" href=\"https:\/\/coro.paroquiabaixadabanheira.org\/?p=4503\"> <span class=\"screen-reader-text\">Solenidade da Sant\u00edssima Trindade<\/span> Read More &raquo;<\/a><\/p>\n","protected":false},"author":3,"featured_media":0,"comment_status":"open","ping_status":"open","sticky":false,"template":"","format":"standard","meta":{"footnotes":""},"categories":[1],"tags":[],"class_list":["post-4503","post","type-post","status-publish","format-standard","hentry","category-uncategorized"],"_links":{"self":[{"href":"https:\/\/coro.paroquiabaixadabanheira.org\/index.php?rest_route=\/wp\/v2\/posts\/4503","targetHints":{"allow":["GET"]}}],"collection":[{"href":"https:\/\/coro.paroquiabaixadabanheira.org\/index.php?rest_route=\/wp\/v2\/posts"}],"about":[{"href":"https:\/\/coro.paroquiabaixadabanheira.org\/index.php?rest_route=\/wp\/v2\/types\/post"}],"author":[{"embeddable":true,"href":"https:\/\/coro.paroquiabaixadabanheira.org\/index.php?rest_route=\/wp\/v2\/users\/3"}],"replies":[{"embeddable":true,"href":"https:\/\/coro.paroquiabaixadabanheira.org\/index.php?rest_route=%2Fwp%2Fv2%2Fcomments&post=4503"}],"version-history":[{"count":3,"href":"https:\/\/coro.paroquiabaixadabanheira.org\/index.php?rest_route=\/wp\/v2\/posts\/4503\/revisions"}],"predecessor-version":[{"id":4506,"href":"https:\/\/coro.paroquiabaixadabanheira.org\/index.php?rest_route=\/wp\/v2\/posts\/4503\/revisions\/4506"}],"wp:attachment":[{"href":"https:\/\/coro.paroquiabaixadabanheira.org\/index.php?rest_route=%2Fwp%2Fv2%2Fmedia&parent=4503"}],"wp:term":[{"taxonomy":"category","embeddable":true,"href":"https:\/\/coro.paroquiabaixadabanheira.org\/index.php?rest_route=%2Fwp%2Fv2%2Fcategories&post=4503"},{"taxonomy":"post_tag","embeddable":true,"href":"https:\/\/coro.paroquiabaixadabanheira.org\/index.php?rest_route=%2Fwp%2Fv2%2Ftags&post=4503"}],"curies":[{"name":"wp","href":"https:\/\/api.w.org\/{rel}","templated":true}]}}