{"id":4512,"date":"2024-05-27T23:24:39","date_gmt":"2024-05-27T23:24:39","guid":{"rendered":"https:\/\/coro.paroquiabaixadabanheira.org\/?p=4512"},"modified":"2024-05-27T23:29:48","modified_gmt":"2024-05-27T23:29:48","slug":"terco-de-31-de-maio","status":"publish","type":"post","link":"https:\/\/coro.paroquiabaixadabanheira.org\/?p=4512","title":{"rendered":"Ter\u00e7o de 30 de Maio"},"content":{"rendered":"<p>Ordem das musicas para a recita\u00e7\u00e3o do ter\u00e7o desta quinta-feira, dia 30 de Maio:<\/p>\n<ul>\n<li>Inicio: <a href=\"http:\/\/coro.paroquiabaixadabanheira.org\/reportorio\/maria\/ave.theotokos.pdf\">Ave Theotokos<\/a> (1\u00ba estrofe)<\/li>\n<li>1\u00ba Mist\u00e9rio: <a href=\"http:\/\/coro.paroquiabaixadabanheira.org\/reportorio\/maria\/ave.theotokos.pdf\">Ave Theotokos<\/a> (2\u00ba estrofe)<\/li>\n<li>2\u00ba Mist\u00e9rio: <a href=\"http:\/\/coro.paroquiabaixadabanheira.org\/reportorio\/maria\/ave.theotokos.pdf\">Ave Theotokos<\/a>\u00a0(3\u00ba estrofe)<\/li>\n<li>3\u00ba Mist\u00e9rio: <a href=\"http:\/\/coro.paroquiabaixadabanheira.org\/reportorio\/maria\/ave.theotokos.pdf\">Ave Theotokos<\/a> (4\u00ba estrofe)<\/li>\n<li>4\u00ba Mist\u00e9rio: <a href=\"http:\/\/coro.paroquiabaixadabanheira.org\/reportorio\/maria\/ave.theotokos.pdf\">Ave Theotokos<\/a> (7\u00ba estrofe)<\/li>\n<li>5\u00ba Mist\u00e9rio: <a href=\"http:\/\/coro.paroquiabaixadabanheira.org\/reportorio\/maria\/ave.theotokos.pdf\">Ave Theotokos<\/a> (8\u00ba estrofe)<\/li>\n<li>Final: <a href=\"http:\/\/coro.paroquiabaixadabanheira.org\/reportorio\/maria\/a.treze.de.maio.pdf\">A treze de Maio<\/a>\u00a0(5\u00ba e 11\u00ba estrofe)<\/li>\n<\/ul>\n","protected":false},"excerpt":{"rendered":"<p>Ordem das musicas para a recita\u00e7\u00e3o do ter\u00e7o desta quinta-feira, dia 30 de Maio: Inicio: Ave Theotokos (1\u00ba estrofe) 1\u00ba Mist\u00e9rio: Ave Theotokos (2\u00ba estrofe) 2\u00ba Mist\u00e9rio: Ave Theotokos\u00a0(3\u00ba estrofe) 3\u00ba Mist\u00e9rio: Ave Theotokos (4\u00ba estrofe) 4\u00ba Mist\u00e9rio: Ave Theotokos &hellip;<\/p>\n<p class=\"read-more\"> <a class=\"more-link\" href=\"https:\/\/coro.paroquiabaixadabanheira.org\/?p=4512\"> <span class=\"screen-reader-text\">Ter\u00e7o de 30 de Maio<\/span> Read More &raquo;<\/a><\/p>\n","protected":false},"author":3,"featured_media":0,"comment_status":"open","ping_status":"open","sticky":false,"template":"","format":"standard","meta":{"footnotes":""},"categories":[1],"tags":[],"class_list":["post-4512","post","type-post","status-publish","format-standard","hentry","category-uncategorized"],"_links":{"self":[{"href":"https:\/\/coro.paroquiabaixadabanheira.org\/index.php?rest_route=\/wp\/v2\/posts\/4512","targetHints":{"allow":["GET"]}}],"collection":[{"href":"https:\/\/coro.paroquiabaixadabanheira.org\/index.php?rest_route=\/wp\/v2\/posts"}],"about":[{"href":"https:\/\/coro.paroquiabaixadabanheira.org\/index.php?rest_route=\/wp\/v2\/types\/post"}],"author":[{"embeddable":true,"href":"https:\/\/coro.paroquiabaixadabanheira.org\/index.php?rest_route=\/wp\/v2\/users\/3"}],"replies":[{"embeddable":true,"href":"https:\/\/coro.paroquiabaixadabanheira.org\/index.php?rest_route=%2Fwp%2Fv2%2Fcomments&post=4512"}],"version-history":[{"count":3,"href":"https:\/\/coro.paroquiabaixadabanheira.org\/index.php?rest_route=\/wp\/v2\/posts\/4512\/revisions"}],"predecessor-version":[{"id":4518,"href":"https:\/\/coro.paroquiabaixadabanheira.org\/index.php?rest_route=\/wp\/v2\/posts\/4512\/revisions\/4518"}],"wp:attachment":[{"href":"https:\/\/coro.paroquiabaixadabanheira.org\/index.php?rest_route=%2Fwp%2Fv2%2Fmedia&parent=4512"}],"wp:term":[{"taxonomy":"category","embeddable":true,"href":"https:\/\/coro.paroquiabaixadabanheira.org\/index.php?rest_route=%2Fwp%2Fv2%2Fcategories&post=4512"},{"taxonomy":"post_tag","embeddable":true,"href":"https:\/\/coro.paroquiabaixadabanheira.org\/index.php?rest_route=%2Fwp%2Fv2%2Ftags&post=4512"}],"curies":[{"name":"wp","href":"https:\/\/api.w.org\/{rel}","templated":true}]}}