{"id":4551,"date":"2024-07-15T22:55:26","date_gmt":"2024-07-15T22:55:26","guid":{"rendered":"https:\/\/coro.paroquiabaixadabanheira.org\/?p=4551"},"modified":"2024-07-15T22:55:28","modified_gmt":"2024-07-15T22:55:28","slug":"domingo-xvi-do-tempo-comum-16","status":"publish","type":"post","link":"https:\/\/coro.paroquiabaixadabanheira.org\/?p=4551","title":{"rendered":"Domingo XVI do Tempo Comum"},"content":{"rendered":"<p>&#8220;\u00ab<em>Vinde comigo para um lugar isolado e descansai um pouco<\/em>\u00bb. As palavras de Jesus no Evangelho deste Domingo s\u00e3o um bom mote para este per\u00edodo estival em que muitas fam\u00edlias aproveitam para gozar um tempo de f\u00e9rias e descanso. Que as merecidas f\u00e9rias do trabalho e do frenesim di\u00e1rio n\u00e3o permitam um tempo de f\u00e9rias para a f\u00e9 e para a nossa rela\u00e7\u00e3o com Cristo. Pelo contr\u00e1rio, que este tempo possa ser uma ocasi\u00e3o privilegiada para um renovado encontro com Cristo quer a n\u00edvel pessoal, quer em fam\u00edlia e em comunidade. Descansar com Jesus, encontrar Nele descanso e como os disc\u00edpulos aproveitar esse tempo para lhe dizer \u00ab<em>tudo o que tinham feito e ensinado<\/em>\u00bb: eis um bom programa para f\u00e9rias que em nada diminui o lazer e o descanso mas que oferece novo sentido ao tempo. Que possa ser um tempo de reler a vida com Jesus e ganhar um novo folgo e entusiasmo para o regresso ao trabalho e aos afazeres quotidianos.&#8221;\u00a0 \u00a0 <i>in\u00a0<\/i><em>Voz Portucalense<\/em><\/p>\n<p><strong>C\u00e2nticos para o Domingo XVI do Tempo Comum \u2013 Ano B (<\/strong><a href=\"https:\/\/www.liturgia.pt\/liturgiadiaria\/dia.php?data=2024-7-21\"><strong>liturgia<\/strong><\/a><strong>)<\/strong><\/p>\n<ul>\n<li>Entrada: <a href=\"http:\/\/coro.paroquiabaixadabanheira.org\/reportorio\/entrada\/deus.vem.em.meu.aux%C3%ADlio.pdf\">Deus vem em meu auxilio<\/a><\/li>\n<li>Acto Penitencial:\u00a0<a href=\"http:\/\/coro.paroquiabaixadabanheira.org\/reportorio\/penitencial\/senhor.tem.piedade.de.nos.pdf\">Somos o Teu Povo Pecador<\/a><\/li>\n<li>Salmo: 22 <em>(23)<\/em>\u00a0<em><a href=\"https:\/\/www.liturgia.pt\/multimedia\/mp3\/SalmosResponsoriais\/100_TC_B_16Dom-OSenhorEMeuPastor.mp3\">\u201d O Senhor \u00e9 meu pastor: nada me faltar\u00e1.\u201d<\/a><\/em><\/li>\n<li>Aclama\u00e7\u00e3o ao Evangelho:\u00a0<a href=\"http:\/\/coro.paroquiabaixadabanheira.org\/reportorio\/aclama\/aleluia.carlos.silva1.pdf\">Aleluia (Carlos Silva)<\/a><a href=\"http:\/\/coro.paroquiabaixadabanheira.org\/reportorio\/aclama\/aleluia.janmichaeljoncas.pdf\">\u00a0<\/a><strong>\u201cAs minhas ovelhas escutam a minha voz, diz o Senhor; Eu conhe\u00e7o as minhas ovelhas e elas seguem-Me.\u201d<\/strong><\/li>\n<li>Apresenta\u00e7\u00e3o dos Dons: <a href=\"http:\/\/coro.paroquiabaixadabanheira.org\/reportorio\/ofertorio\/vinde.a.mim.todos.vos.pdf\">Vinde a mim, todos v\u00f3s<\/a><\/li>\n<li>Santo:\u00a0<a href=\"http:\/\/coro.paroquiabaixadabanheira.org\/reportorio\/santo\/santo.cartageno2.pdf\">Santo Cartageno 2<\/a><\/li>\n<li>Fra\u00e7\u00e3o do P\u00e3o: <a href=\"http:\/\/coro.paroquiabaixadabanheira.org\/reportorio\/cordeiro\/cordeiro.de.deus.azevedo.pdf\">Cordeiro (Azevedo Oliveira)<\/a><\/li>\n<li>Comunh\u00e3o: <a href=\"http:\/\/coro.paroquiabaixadabanheira.org\/reportorio\/comunhao\/cordeiro.de.deus.carlos.silva.pdf\">O Cordeiro de Deus \u00e9 o nosso Pastor<\/a><\/li>\n<li>Ac\u00e7\u00e3o de Gra\u00e7as:\u00a0<a href=\"https:\/\/coro.paroquiabaixadabanheira.org\/reportorio\/gracas\/meu.canto.e.para.ti.pdf\">Meu canto \u00e9 para ti<\/a><\/li>\n<li>Final: <a href=\"http:\/\/coro.paroquiabaixadabanheira.org\/reportorio\/final\/os.povos.vos.louvem.pdf\">Os povos vos louvem\u00a0<\/a><\/li>\n<\/ul>\n<p>(Isabel)<\/p>\n","protected":false},"excerpt":{"rendered":"<p>&#8220;\u00abVinde comigo para um lugar isolado e descansai um pouco\u00bb. As palavras de Jesus no Evangelho deste Domingo s\u00e3o um bom mote para este per\u00edodo estival em que muitas fam\u00edlias aproveitam para gozar um tempo de f\u00e9rias e descanso. Que &hellip;<\/p>\n<p class=\"read-more\"> <a class=\"more-link\" href=\"https:\/\/coro.paroquiabaixadabanheira.org\/?p=4551\"> <span class=\"screen-reader-text\">Domingo XVI do Tempo Comum<\/span> Read More &raquo;<\/a><\/p>\n","protected":false},"author":3,"featured_media":0,"comment_status":"open","ping_status":"open","sticky":false,"template":"","format":"standard","meta":{"footnotes":""},"categories":[1],"tags":[],"class_list":["post-4551","post","type-post","status-publish","format-standard","hentry","category-uncategorized"],"_links":{"self":[{"href":"https:\/\/coro.paroquiabaixadabanheira.org\/index.php?rest_route=\/wp\/v2\/posts\/4551","targetHints":{"allow":["GET"]}}],"collection":[{"href":"https:\/\/coro.paroquiabaixadabanheira.org\/index.php?rest_route=\/wp\/v2\/posts"}],"about":[{"href":"https:\/\/coro.paroquiabaixadabanheira.org\/index.php?rest_route=\/wp\/v2\/types\/post"}],"author":[{"embeddable":true,"href":"https:\/\/coro.paroquiabaixadabanheira.org\/index.php?rest_route=\/wp\/v2\/users\/3"}],"replies":[{"embeddable":true,"href":"https:\/\/coro.paroquiabaixadabanheira.org\/index.php?rest_route=%2Fwp%2Fv2%2Fcomments&post=4551"}],"version-history":[{"count":2,"href":"https:\/\/coro.paroquiabaixadabanheira.org\/index.php?rest_route=\/wp\/v2\/posts\/4551\/revisions"}],"predecessor-version":[{"id":4553,"href":"https:\/\/coro.paroquiabaixadabanheira.org\/index.php?rest_route=\/wp\/v2\/posts\/4551\/revisions\/4553"}],"wp:attachment":[{"href":"https:\/\/coro.paroquiabaixadabanheira.org\/index.php?rest_route=%2Fwp%2Fv2%2Fmedia&parent=4551"}],"wp:term":[{"taxonomy":"category","embeddable":true,"href":"https:\/\/coro.paroquiabaixadabanheira.org\/index.php?rest_route=%2Fwp%2Fv2%2Fcategories&post=4551"},{"taxonomy":"post_tag","embeddable":true,"href":"https:\/\/coro.paroquiabaixadabanheira.org\/index.php?rest_route=%2Fwp%2Fv2%2Ftags&post=4551"}],"curies":[{"name":"wp","href":"https:\/\/api.w.org\/{rel}","templated":true}]}}