{"id":4559,"date":"2024-09-04T23:00:26","date_gmt":"2024-09-04T23:00:26","guid":{"rendered":"https:\/\/coro.paroquiabaixadabanheira.org\/?p=4559"},"modified":"2024-09-04T23:00:28","modified_gmt":"2024-09-04T23:00:28","slug":"domingo-xxiii-do-tempo-comum-15","status":"publish","type":"post","link":"https:\/\/coro.paroquiabaixadabanheira.org\/?p=4559","title":{"rendered":"Domingo XXIII do Tempo Comum"},"content":{"rendered":"<p>Inicio dos ensaios do novo Ano Pastoral 2024\/2025 \u2013 dia<strong> 6 de Setembro \u00e0s 21h.<\/strong><\/p>\n<p>Os ensaios e as Eucaristia at\u00e9 ao final do <strong>m\u00eas de Setembro<\/strong> <strong>v\u00e3o se realizar na Cripta<\/strong> por motivo da substitui\u00e7\u00e3o do altar da Igreja.<\/p>\n<p><strong>C\u00e2nticos para o Domingo XXIII do Tempo Comum \u2013 Ano B (<\/strong><a href=\"https:\/\/www.liturgia.pt\/liturgiadiaria\/dia.php?data=2024-9-8\"><strong>liturgia<\/strong><\/a><strong>)<\/strong><\/p>\n<ul>\n<li>Entrada: <a href=\"http:\/\/coro.paroquiabaixadabanheira.org\/reportorio\/entrada\/meu.senhor.eu.vos.amo.pdf\">Meu Senhor Eu Vos Amo<\/a><\/li>\n<li>Acto Penitencial: <a href=\"http:\/\/coro.paroquiabaixadabanheira.org\/reportorio\/penitencial\/senhor.tende.piedade.3.pdf\">Senhor Tende Piedade (M. Alentejana)<\/a>\u00a0ou\u00a0<a href=\"http:\/\/coro.paroquiabaixadabanheira.org\/reportorio\/penitencial\/senhor.misericordia.cartageno.pdf\">Senhor, Miseric\u00f3rdia (A.Cartageno)<\/a><\/li>\n<li>Salmo: 145 <em>(146)<\/em>\u00a0<em><a href=\"https:\/\/www.liturgia.pt\/multimedia\/mp3\/SalmosResponsoriais\/105_TC_B_23Dom-OMinhaAlma.mp3\">\u201d \u00d3 minha alma, louva o Senhor.\u201d<\/a><\/em><\/li>\n<li>Aclama\u00e7\u00e3o ao Evangelho: <a href=\"http:\/\/coro.paroquiabaixadabanheira.org\/reportorio\/aclama\/aleluia.manuel.simoes.pdf\">Aleluia (Manuel Sim\u00f5es)<\/a> <strong>\u201cJesus pregava o Evangelho do reino e curava todas as enfermidades entre o povo.\u201d<\/strong><\/li>\n<li>Apresenta\u00e7\u00e3o dos Dons: S\u00e3o grandes as obras do Senhor (Salmo p\u00e1g.476)<\/li>\n<li>Santo: <a href=\"http:\/\/coro.paroquiabaixadabanheira.org\/reportorio\/santo\/santo.ferreira.santos.pdf\">Santo Ferreira dos Santos<\/a><\/li>\n<li>Fra\u00e7\u00e3o do P\u00e3o: <a href=\"http:\/\/coro.paroquiabaixadabanheira.org\/reportorio\/cordeiro\/cordeiro.aragues.pdf\">Cordeiro (Aragues)<\/a><\/li>\n<li>Comunh\u00e3o: <a href=\"http:\/\/coro.paroquiabaixadabanheira.org\/reportorio\/comunhao\/como.suspira.o.veado.pdf\">Como suspira o veado\u00a0<\/a><\/li>\n<li>Ac\u00e7\u00e3o de Gra\u00e7as: <a href=\"http:\/\/coro.paroquiabaixadabanheira.org\/reportorio\/ofertorio\/dai.gracas.ao.senhor.pdf\">Dai gra\u00e7as ao senhor porque \u00e9 eterna<\/a><\/li>\n<li>Final: <a href=\"http:\/\/coro.paroquiabaixadabanheira.org\/reportorio\/final\/exulta.de.alegria.pdf\">Exulta de alegria no Senhor<\/a><\/li>\n<\/ul>\n","protected":false},"excerpt":{"rendered":"<p>Inicio dos ensaios do novo Ano Pastoral 2024\/2025 \u2013 dia 6 de Setembro \u00e0s 21h. Os ensaios e as Eucaristia at\u00e9 ao final do m\u00eas de Setembro v\u00e3o se realizar na Cripta por motivo da substitui\u00e7\u00e3o do altar da Igreja. &hellip;<\/p>\n<p class=\"read-more\"> <a class=\"more-link\" href=\"https:\/\/coro.paroquiabaixadabanheira.org\/?p=4559\"> <span class=\"screen-reader-text\">Domingo XXIII do Tempo Comum<\/span> Read More &raquo;<\/a><\/p>\n","protected":false},"author":3,"featured_media":0,"comment_status":"open","ping_status":"open","sticky":false,"template":"","format":"standard","meta":{"footnotes":""},"categories":[1],"tags":[],"class_list":["post-4559","post","type-post","status-publish","format-standard","hentry","category-uncategorized"],"_links":{"self":[{"href":"https:\/\/coro.paroquiabaixadabanheira.org\/index.php?rest_route=\/wp\/v2\/posts\/4559","targetHints":{"allow":["GET"]}}],"collection":[{"href":"https:\/\/coro.paroquiabaixadabanheira.org\/index.php?rest_route=\/wp\/v2\/posts"}],"about":[{"href":"https:\/\/coro.paroquiabaixadabanheira.org\/index.php?rest_route=\/wp\/v2\/types\/post"}],"author":[{"embeddable":true,"href":"https:\/\/coro.paroquiabaixadabanheira.org\/index.php?rest_route=\/wp\/v2\/users\/3"}],"replies":[{"embeddable":true,"href":"https:\/\/coro.paroquiabaixadabanheira.org\/index.php?rest_route=%2Fwp%2Fv2%2Fcomments&post=4559"}],"version-history":[{"count":2,"href":"https:\/\/coro.paroquiabaixadabanheira.org\/index.php?rest_route=\/wp\/v2\/posts\/4559\/revisions"}],"predecessor-version":[{"id":4561,"href":"https:\/\/coro.paroquiabaixadabanheira.org\/index.php?rest_route=\/wp\/v2\/posts\/4559\/revisions\/4561"}],"wp:attachment":[{"href":"https:\/\/coro.paroquiabaixadabanheira.org\/index.php?rest_route=%2Fwp%2Fv2%2Fmedia&parent=4559"}],"wp:term":[{"taxonomy":"category","embeddable":true,"href":"https:\/\/coro.paroquiabaixadabanheira.org\/index.php?rest_route=%2Fwp%2Fv2%2Fcategories&post=4559"},{"taxonomy":"post_tag","embeddable":true,"href":"https:\/\/coro.paroquiabaixadabanheira.org\/index.php?rest_route=%2Fwp%2Fv2%2Ftags&post=4559"}],"curies":[{"name":"wp","href":"https:\/\/api.w.org\/{rel}","templated":true}]}}