{"id":4565,"date":"2024-09-18T22:56:05","date_gmt":"2024-09-18T22:56:05","guid":{"rendered":"https:\/\/coro.paroquiabaixadabanheira.org\/?p=4565"},"modified":"2024-09-18T23:00:37","modified_gmt":"2024-09-18T23:00:37","slug":"domingo-xxv-do-tempo-comum-15","status":"publish","type":"post","link":"https:\/\/coro.paroquiabaixadabanheira.org\/?p=4565","title":{"rendered":"Domingo XXV do Tempo Comum"},"content":{"rendered":"<p>&#8220;Na prociss\u00e3o de entrada na Eucaristia, o sacerdote caminha em dire\u00e7\u00e3o ao altar para celebrar o santo sacrif\u00edcio, assim como Jesus foi em dire\u00e7\u00e3o a Jerusal\u00e9m, para se entregar a si pr\u00f3prio, morrendo na Cruz por n\u00f3s. Por isso, ela n\u00e3o deve ser uma entrada de pompa e aparato, mas deve ilustrar as palavras do Evangelho: \u201cquem quiser ser o primeiro ser\u00e1 o \u00faltimo de todos e o servo de todos\u201d. Assim, o presidente vai em \u00faltimo lugar, n\u00e3o por ser \u201co mais importante\u201d, mas por ser o servo de todos. Todavia, quem vai mesmo em \u00faltimo lugar \u00e9 um dos di\u00e1conos que, quando outro leva o Evangeli\u00e1rio, vai ao lado do celebrante e ligeiramente atr\u00e1s, para estar mais atento e dispon\u00edvel para o servi\u00e7o que lhe seja solicitado.&#8221;\u00a0 \u00a0<i>in\u00a0<\/i><em>Arquidiocese de Braga<\/em><\/p>\n<p><strong>C\u00e2nticos para o Domingo XXV do Tempo Comum \u2013 Ano B (<\/strong><a href=\"https:\/\/www.liturgia.pt\/liturgiadiaria\/dia.php?data=2024-9-22\"><strong>liturgia<\/strong><\/a><strong>)<\/strong><\/p>\n<ul>\n<li>Entrada: <a href=\"http:\/\/coro.paroquiabaixadabanheira.org\/reportorio\/entrada\/eu.darei.ao.meu.povo.pdf\">Eu darei ao meu povo<\/a><\/li>\n<li>Acto Penitencial:\u00a0<a href=\"http:\/\/coro.paroquiabaixadabanheira.org\/reportorio\/penitencial\/senhor.tende.piedade.3.pdf\">Senhor Tende Piedade (M. Alentejana)<\/a>\u00a0ou\u00a0<a href=\"http:\/\/coro.paroquiabaixadabanheira.org\/reportorio\/penitencial\/senhor.misericordia.cartageno.pdf\">Senhor, Miseric\u00f3rdia (A.Cartageno)<\/a><\/li>\n<li>Salmo: 53<em>(54)<\/em>\u00a0<em><a href=\"https:\/\/www.liturgia.pt\/multimedia\/mp3\/SalmosResponsoriais\/107_TC_B_25Dom-OSenhorRecebera.mp3\">\u201d O Senhor sustenta a minha vida.\u201d<\/a><\/em><\/li>\n<li>Aclama\u00e7\u00e3o ao Evangelho:\u00a0<a href=\"http:\/\/coro.paroquiabaixadabanheira.org\/reportorio\/aclama\/aleluia.manuel.simoes.pdf\">Aleluia (Manuel Sim\u00f5es)<\/a>\u00a0<strong>\u201cDeus chamou-nos por meio do Evangelho, para alcan\u00e7armos a gl\u00f3ria de Nosso Senhor Jesus Cristo.\u201d<\/strong><\/li>\n<li>Apresenta\u00e7\u00e3o dos Dons: <a href=\"http:\/\/coro.paroquiabaixadabanheira.org\/reportorio\/ofertorio\/quem.quiser.ser.o.primeiro.pdf\">Quem quiser ser o primeiro<\/a><\/li>\n<li>Santo:\u00a0<a href=\"http:\/\/coro.paroquiabaixadabanheira.org\/reportorio\/santo\/santo.ferreira.santos.pdf\">Santo Ferreira dos Santos<\/a><\/li>\n<li>Fra\u00e7\u00e3o do P\u00e3o:\u00a0<a href=\"http:\/\/coro.paroquiabaixadabanheira.org\/reportorio\/cordeiro\/cordeiro.aragues.pdf\">Cordeiro (Aragues)<\/a><\/li>\n<li>Comunh\u00e3o: <a href=\"http:\/\/coro.paroquiabaixadabanheira.org\/reportorio\/comunhao\/eucaristia.corpo.de.jesus.pdf\">Eucaristia corpo de Jesus<\/a><\/li>\n<li>Ac\u00e7\u00e3o de Gra\u00e7as: <a href=\"http:\/\/coro.paroquiabaixadabanheira.org\/reportorio\/gracas\/senhor.trazeinos.a.paz.pdf\">Senhor trazei-nos a paz<\/a><\/li>\n<li>Final: <a href=\"http:\/\/coro.paroquiabaixadabanheira.org\/reportorio\/final\/os.povos.vos.louvem.pdf\">Os povos vos louvem\u00a0<\/a><\/li>\n<\/ul>\n","protected":false},"excerpt":{"rendered":"<p>&#8220;Na prociss\u00e3o de entrada na Eucaristia, o sacerdote caminha em dire\u00e7\u00e3o ao altar para celebrar o santo sacrif\u00edcio, assim como Jesus foi em dire\u00e7\u00e3o a Jerusal\u00e9m, para se entregar a si pr\u00f3prio, morrendo na Cruz por n\u00f3s. Por isso, ela &hellip;<\/p>\n<p class=\"read-more\"> <a class=\"more-link\" href=\"https:\/\/coro.paroquiabaixadabanheira.org\/?p=4565\"> <span class=\"screen-reader-text\">Domingo XXV do Tempo Comum<\/span> Read More &raquo;<\/a><\/p>\n","protected":false},"author":3,"featured_media":0,"comment_status":"open","ping_status":"open","sticky":false,"template":"","format":"standard","meta":{"footnotes":""},"categories":[1],"tags":[],"class_list":["post-4565","post","type-post","status-publish","format-standard","hentry","category-uncategorized"],"_links":{"self":[{"href":"https:\/\/coro.paroquiabaixadabanheira.org\/index.php?rest_route=\/wp\/v2\/posts\/4565","targetHints":{"allow":["GET"]}}],"collection":[{"href":"https:\/\/coro.paroquiabaixadabanheira.org\/index.php?rest_route=\/wp\/v2\/posts"}],"about":[{"href":"https:\/\/coro.paroquiabaixadabanheira.org\/index.php?rest_route=\/wp\/v2\/types\/post"}],"author":[{"embeddable":true,"href":"https:\/\/coro.paroquiabaixadabanheira.org\/index.php?rest_route=\/wp\/v2\/users\/3"}],"replies":[{"embeddable":true,"href":"https:\/\/coro.paroquiabaixadabanheira.org\/index.php?rest_route=%2Fwp%2Fv2%2Fcomments&post=4565"}],"version-history":[{"count":2,"href":"https:\/\/coro.paroquiabaixadabanheira.org\/index.php?rest_route=\/wp\/v2\/posts\/4565\/revisions"}],"predecessor-version":[{"id":4569,"href":"https:\/\/coro.paroquiabaixadabanheira.org\/index.php?rest_route=\/wp\/v2\/posts\/4565\/revisions\/4569"}],"wp:attachment":[{"href":"https:\/\/coro.paroquiabaixadabanheira.org\/index.php?rest_route=%2Fwp%2Fv2%2Fmedia&parent=4565"}],"wp:term":[{"taxonomy":"category","embeddable":true,"href":"https:\/\/coro.paroquiabaixadabanheira.org\/index.php?rest_route=%2Fwp%2Fv2%2Fcategories&post=4565"},{"taxonomy":"post_tag","embeddable":true,"href":"https:\/\/coro.paroquiabaixadabanheira.org\/index.php?rest_route=%2Fwp%2Fv2%2Ftags&post=4565"}],"curies":[{"name":"wp","href":"https:\/\/api.w.org\/{rel}","templated":true}]}}