{"id":4618,"date":"2024-12-05T00:14:24","date_gmt":"2024-12-05T00:14:24","guid":{"rendered":"https:\/\/coro.paroquiabaixadabanheira.org\/?p=4618"},"modified":"2024-12-12T00:40:44","modified_gmt":"2024-12-12T00:40:44","slug":"solenidade-imaculada-conceicao-da-virgem-santa-maria-domingo-ii-do-advento","status":"publish","type":"post","link":"https:\/\/coro.paroquiabaixadabanheira.org\/?p=4618","title":{"rendered":"Solenidade Imaculada Concei\u00e7\u00e3o da Virgem Santa Maria &#8211; Domingo II do Advento"},"content":{"rendered":"<p>&#8220;Percorrendo o itiner\u00e1rio de Advento, somos convidados a colocar o nosso olhar em Maria, a Imaculada Concei\u00e7\u00e3o. Apesar dos Domingos do Advento terem preced\u00eancia sobre todas as solenidades, dado o significado desta solenidade para Portugal, celebramos, neste segundo Domingo de Advento, a Imaculada Concei\u00e7\u00e3o da Virgem Santa Maria.<\/p>\n<p>Celebrar esta solenidade n\u00e3o significa fazer uma pausa no Tempo de Advento, mas viver este tempo ao jeito de Maria que, visitada por Deus, se deixa surpreender pelas maravilhas do Seu amor e se disponibiliza totalmente para aquilo que Deus quer realizar nela. Este tempo lit\u00fargico que nos prepara para a celebra\u00e7\u00e3o do Natal do Senhor \u00e9 o tempo da espera alegre e confiante do Deus que em Jesus Cristo nos visita e que nos convida a ser instrumentos do Seu amor e da Sua gra\u00e7a para que Ele possa continuar a escrever em cada tempo e em cada lugar a hist\u00f3ria da salva\u00e7\u00e3&#8221;\u00a0 <em>In Voz Portucalense<\/em><\/p>\n<p>&#8220;A Imaculada Concei\u00e7\u00e3o, a Cheia de Gra\u00e7a, pode, com justi\u00e7a, ser considerada um \u00edcone da Eucaristia. De facto, gra\u00e7as \u00e0 confian\u00e7a na palavra de Deus, pelo poder do Esp\u00edrito Santo, o Verbo de Deus encarna no seio da Virgem Santa Maria. Do mesmo modo, a Igreja invoca o Esp\u00edrito sobre o p\u00e3o e o vinho que, pela for\u00e7a das palavras de Jesus, se tornam Corpo e Sangue daquele que \u00e9 chamado \u201cFilho do Alt\u00edssimo\u201d, porque a Deus nada \u00e9 imposs\u00edvel. Maria \u00e9 assim um ser eucar\u00edstico. Ela acolhe a for\u00e7a infinita de Deus na f\u00e9 que gera o Verbo que vem ao mundo, para que o mundo tenha a vida e a tenha em abund\u00e2ncia. Pela Eucaristia, tamb\u00e9m n\u00f3s, tendo recebido o Verbo encarnado, somos chamados a lev\u00e1-l\u2019O ao mundo.&#8221;\u00a0 <em>In Arquidiocese de Braga<\/em><\/p>\n<p><strong>C\u00e2nticos para a Solenidade da Imaculada Concei\u00e7\u00e3o \u2013 Domingo II do Advento &#8211; Ano C<\/strong><strong>\u00a0<\/strong>(<a href=\"https:\/\/www.liturgia.pt\/liturgiadiaria\/dia.php?data=2024-12-8\">Liturgia<\/a>)<\/p>\n<ul>\n<li>Entrada:\u00a0<a href=\"http:\/\/coro.paroquiabaixadabanheira.org\/reportorio\/maria\/exulto.de.alegria.no.senhor.pdf\">Exulto de Alegria no Senhor<\/a><\/li>\n<li>Acto Penitencial: \u00a0<a href=\"http:\/\/coro.paroquiabaixadabanheira.org\/reportorio\/penitencial\/kyrie.eleison.nuno.m.almeida.pdf\">Kyrie Eleison (Nuno M. Almeida)<\/a>\u00a0ou\u00a0<a href=\"http:\/\/coro.paroquiabaixadabanheira.org\/reportorio\/penitencial\/kyrie.eleison.jacques.berthier.pdf\">kyrie Eleison J.Berthier<\/a><\/li>\n<li>Gl\u00f3ria:\u00a0<a href=\"http:\/\/coro.paroquiabaixadabanheira.org\/reportorio\/gloria\/gloria.2.vozes.pdf\">Gloria 2 Vozes<\/a><\/li>\n<li>Coroa do Advento:\u00a0<a href=\"http:\/\/coro.paroquiabaixadabanheira.org\/reportorio\/advento\/vinde.vinde.jesus.pdf\">Vinde! Vinde, jesus! \u2013 2\u00baestrofe<\/a><\/li>\n<li>Salmo\u00a097(98)\u00a0<a href=\"https:\/\/www.liturgia.pt\/multimedia\/mp3\/SalmosResponsoriais\/215_St_Imaculada_Cantai_um_cantico_novo.mp3\"><em>\u201dCantai ao Senhor um c\u00e2ntico novo! O\u00a0Senhor fez maravilhas.\u00a0<\/em><\/a>\u201c<\/li>\n<li>Aclama\u00e7\u00e3o ao Evangelho:\u00a0<a href=\"http:\/\/coro.paroquiabaixadabanheira.org\/reportorio\/maria\/aleluia.imaculada.conceicao.pdf\">Aleluia Imaculada Concei\u00e7\u00e3o<\/a><\/li>\n<li>Ladainhas:\u00a0<a href=\"http:\/\/coro.paroquiabaixadabanheira.org\/reportorio\/pascoa\/ladainhas.a.ferreira.santos.curta.pdf\">Ladainhas dos santos <\/a><a href=\"http:\/\/coro.paroquiabaixadabanheira.org\/reportorio\/maria\/ladainha.da.virgem.maria.pdf\">\u00a0 \u00a0letra(Virgem Maria)<\/a><\/li>\n<li>Ora\u00e7\u00e3o dos Fi\u00e9is:\u00a0<a href=\"http:\/\/coro.paroquiabaixadabanheira.org\/reportorio\/aclamacao\/oracao.universal.pdf\">Respostas<\/a>\u00a0(numero 28)<\/li>\n<li>Apresenta\u00e7\u00e3o dos Dons:\u00a0<a href=\"http:\/\/coro.paroquiabaixadabanheira.org\/reportorio\/advento\/ave.maria.cheia.de.graca.cartageno.pdf\">Av\u00e9 Maria, Cheia de Gra\u00e7a<\/a> ou <a href=\"http:\/\/coro.paroquiabaixadabanheira.org\/reportorio\/maria\/gloria.da.humanidade.pdf\">Gl\u00f3ria da Humanidade<\/a><\/li>\n<li>Santo: <a href=\"https:\/\/coro.paroquiabaixadabanheira.org\/reportorio\/santo\/santo.carlos.silva.pdf\">Santo (Carlos Silva)<\/a><\/li>\n<li>Fra\u00e7\u00e3o do P\u00e3o:\u00a0<a href=\"http:\/\/coro.paroquiabaixadabanheira.org\/reportorio\/cordeiro\/cordeiro.olindo.marques.pdf\">Cordeiro (Olindo Marques)<\/a><\/li>\n<li>Comunh\u00e3o:\u00a0<a href=\"http:\/\/coro.paroquiabaixadabanheira.org\/reportorio\/advento\/e.celebrada.a.vossa.gloria.pdf\">\u00c9 celebrada a vossa gl\u00f3ria<\/a><\/li>\n<li>Ac\u00e7\u00e3o de Gra\u00e7as:\u00a0<a href=\"http:\/\/coro.paroquiabaixadabanheira.org\/reportorio\/advento\/magnificat.terreiro.pdf\">Magnificat (Bernardo Terreiro)<\/a><\/li>\n<li>Final:\u00a0<a href=\"http:\/\/coro.paroquiabaixadabanheira.org\/reportorio\/maria\/tu.es.a.gloria.de.jerusalem.m.luis.pdf\">Tu \u00e9s a gloria de Jerusal\u00e9m\u00a0<\/a><\/li>\n<\/ul>\n<p>Trazer:<\/p>\n<ul>\n<li><a href=\"http:\/\/coro.paroquiabaixadabanheira.org\/reportorio\/diversos\/peregrinos.de.esperanca.hino.do.jubileu.2025.pdf\">Peregrinos da Esperan\u00e7a \u2013 Hino Jubileu 2025<\/a><\/li>\n<li><a href=\"http:\/\/coro.paroquiabaixadabanheira.org\/reportorio\/advento\/maria.fonte.de.esperanca.pdf\">Maria fonte da esperan\u00e7a<\/a><\/li>\n<li><a href=\"http:\/\/coro.paroquiabaixadabanheira.org\/reportorio\/maria\/a.virgem.cheia.de.graca.pdf\">\u00c0\u00a0Virgem cheia de gra\u00e7a<\/a><\/li>\n<li><a href=\"http:\/\/coro.paroquiabaixadabanheira.org\/reportorio\/maria\/nossa.senhora.do.sim.pdf\">Nossa Senhora do Sim<\/a><\/li>\n<\/ul>\n\n\n<p><\/p>\n","protected":false},"excerpt":{"rendered":"<p>&#8220;Percorrendo o itiner\u00e1rio de Advento, somos convidados a colocar o nosso olhar em Maria, a Imaculada Concei\u00e7\u00e3o. Apesar dos Domingos do Advento terem preced\u00eancia sobre todas as solenidades, dado o significado desta solenidade para Portugal, celebramos, neste segundo Domingo de &hellip;<\/p>\n<p class=\"read-more\"> <a class=\"more-link\" href=\"https:\/\/coro.paroquiabaixadabanheira.org\/?p=4618\"> <span class=\"screen-reader-text\">Solenidade Imaculada Concei\u00e7\u00e3o da Virgem Santa Maria &#8211; Domingo II do Advento<\/span> Read More &raquo;<\/a><\/p>\n","protected":false},"author":3,"featured_media":0,"comment_status":"open","ping_status":"open","sticky":false,"template":"","format":"standard","meta":{"footnotes":""},"categories":[1],"tags":[],"class_list":["post-4618","post","type-post","status-publish","format-standard","hentry","category-uncategorized"],"_links":{"self":[{"href":"https:\/\/coro.paroquiabaixadabanheira.org\/index.php?rest_route=\/wp\/v2\/posts\/4618","targetHints":{"allow":["GET"]}}],"collection":[{"href":"https:\/\/coro.paroquiabaixadabanheira.org\/index.php?rest_route=\/wp\/v2\/posts"}],"about":[{"href":"https:\/\/coro.paroquiabaixadabanheira.org\/index.php?rest_route=\/wp\/v2\/types\/post"}],"author":[{"embeddable":true,"href":"https:\/\/coro.paroquiabaixadabanheira.org\/index.php?rest_route=\/wp\/v2\/users\/3"}],"replies":[{"embeddable":true,"href":"https:\/\/coro.paroquiabaixadabanheira.org\/index.php?rest_route=%2Fwp%2Fv2%2Fcomments&post=4618"}],"version-history":[{"count":4,"href":"https:\/\/coro.paroquiabaixadabanheira.org\/index.php?rest_route=\/wp\/v2\/posts\/4618\/revisions"}],"predecessor-version":[{"id":4627,"href":"https:\/\/coro.paroquiabaixadabanheira.org\/index.php?rest_route=\/wp\/v2\/posts\/4618\/revisions\/4627"}],"wp:attachment":[{"href":"https:\/\/coro.paroquiabaixadabanheira.org\/index.php?rest_route=%2Fwp%2Fv2%2Fmedia&parent=4618"}],"wp:term":[{"taxonomy":"category","embeddable":true,"href":"https:\/\/coro.paroquiabaixadabanheira.org\/index.php?rest_route=%2Fwp%2Fv2%2Fcategories&post=4618"},{"taxonomy":"post_tag","embeddable":true,"href":"https:\/\/coro.paroquiabaixadabanheira.org\/index.php?rest_route=%2Fwp%2Fv2%2Ftags&post=4618"}],"curies":[{"name":"wp","href":"https:\/\/api.w.org\/{rel}","templated":true}]}}