{"id":4623,"date":"2024-12-12T00:36:45","date_gmt":"2024-12-12T00:36:45","guid":{"rendered":"https:\/\/coro.paroquiabaixadabanheira.org\/?p=4623"},"modified":"2024-12-12T00:36:45","modified_gmt":"2024-12-12T00:36:45","slug":"domingo-iii-do-advento-16","status":"publish","type":"post","link":"https:\/\/coro.paroquiabaixadabanheira.org\/?p=4623","title":{"rendered":"Domingo III do Advento"},"content":{"rendered":"<p>&#8221;\u00a0\u00ab<em>Alegrai-vos sempre no Senhor. Novamente vos digo: alegrai-vos<\/em>\u00bb. Inspirados\u00a0por estas palavras que comp\u00f5e a ant\u00edfona de entrada deste dia, este Domingo \u00e9 designado como Domingo\u00a0<em>Gaudete,\u00a0<\/em>isto \u00e9, Domingo da Alegria e, assim, a Liturgia da Palavra, as ora\u00e7\u00f5es e a simbologia deste Domingo est\u00e3o repletas de um convite \u00e0 alegria e \u00e0 esperan\u00e7a. A palavra alegria aparece 16 vezes na Liturgia da Palavra e nas ora\u00e7\u00f5es da missa deste dia. E se contarmos palavras relacionadas com o convite \u00e0 alegria como rejubilai e exultai, ent\u00e3o o n\u00famero sobre para 24 ocorr\u00eancias. Mas esta alegria n\u00e3o \u00e9 apenas um mero contentamento, nem um sentimento fugaz e ef\u00e9mero de bem-estar e bom humor. \u00c9 alegria que nasce do Evangelho, a alegria dos que reconhecem que a sua vida se abre a um bem maior e que n\u00e3o se contentam com menos que Deus e o Seu amor, revelado em Jesus Cristo como um servi\u00e7o concreto aos irm\u00e3os.<span style=\"font-size: 1em;\"> &#8221; <em>In Voz Portucalense<\/em><\/span><\/p>\n<p><strong>C\u00e2nticos para o III Domingo do Advento \u2013 Ano C <\/strong>\u00a0(<a href=\"https:\/\/www.liturgia.pt\/liturgiadiaria\/dia.php?data=2024-12-15\">Liturgia<\/a>)<\/p>\n<ul>\n<li>Entrada:\u00a0<a href=\"http:\/\/coro.paroquiabaixadabanheira.org\/reportorio\/advento\/alegraivos.sempre.pdf\">Alegrai-vos Sempre<\/a><\/li>\n<li>Acto Penitencial: <a href=\"http:\/\/coro.paroquiabaixadabanheira.org\/reportorio\/penitencial\/kyrie.eleison.nuno.m.almeida.pdf\">Kyrie Eleison (Nuno M. Almeida)<\/a>\u00a0ou\u00a0<a href=\"http:\/\/coro.paroquiabaixadabanheira.org\/reportorio\/penitencial\/kyrie.eleison.jacques.berthier.pdf\">kyrie Eleison J.Berthier<\/a><a href=\"http:\/\/coro.paroquiabaixadabanheira.org\/reportorio\/penitencial\/kyrie.eleison.jacques.berthier.pdf\">\u00a0\u2013 Ver preces abaixo<\/a><\/li>\n<li>Coroa do Advento:\u00a0<a href=\"http:\/\/coro.paroquiabaixadabanheira.org\/reportorio\/advento\/ide.por.todo.mundo.pdf\">Ide por todo o mundo<\/a> ou <a href=\"http:\/\/coro.paroquiabaixadabanheira.org\/reportorio\/advento\/vinde.vinde.jesus.pdf\">Vinde! Vinde, jesus! \u2013 3\u00baestrofe<\/a><\/li>\n<li>Salmo Is 12\u00a0<a href=\"https:\/\/www.liturgia.pt\/multimedia\/mp3\/SalmosResponsoriais\/122_Adv03CIIIDom-PovoDoSenhor.mp3\"><em>\u201d Povo do Senhor, exulta e canta de alegria.\u201d<\/em><\/a><\/li>\n<li>Aclama\u00e7\u00e3o ao Evangelho: <a href=\"http:\/\/coro.paroquiabaixadabanheira.org\/reportorio\/advento\/aleluia.advento.bruno.ferreira.pdf\">Aleluia (Advento)<\/a><\/li>\n<li>Apresenta\u00e7\u00e3o dos Dons:\u00a0<a href=\"http:\/\/coro.paroquiabaixadabanheira.org\/reportorio\/advento\/descei.sr.jesus.pdf\">Descei, Senhor Jesus (Excelso Criador)<\/a><\/li>\n<li>Santo:\u00a0<a href=\"https:\/\/coro.paroquiabaixadabanheira.org\/reportorio\/santo\/santo.carlos.silva.pdf\">Santo (Carlos Silva)<\/a><\/li>\n<li>Cordeiro:\u00a0<a href=\"http:\/\/coro.paroquiabaixadabanheira.org\/reportorio\/cordeiro\/cordeiro.olindo.marques.pdf\">Cordeiro\u00a0(Olindo Marques)<\/a><\/li>\n<li>Comunh\u00e3o:\u00a0<a href=\"http:\/\/coro.paroquiabaixadabanheira.org\/reportorio\/advento\/dizei.aos.desanimados.pdf\">Dizei aos Desanimados<\/a><\/li>\n<li>Ac\u00e7\u00e3o de Gra\u00e7as:\u00a0<a href=\"http:\/\/coro.paroquiabaixadabanheira.org\/reportorio\/advento\/maria.fonte.de.esperanca.pdf\">Maria fonte da esperan\u00e7a<\/a><\/li>\n<li>Final:\u00a0<a href=\"http:\/\/coro.paroquiabaixadabanheira.org\/reportorio\/diversos\/o.profeta.pdf\">O Profeta<\/a><\/li>\n<\/ul>\n<p><strong>Preces:<\/strong><\/p>\n<p>Senhor, alegria de Jerusal\u00e9m e seu poderoso salvador.<\/p>\n<p>Cristo, alegria que brota das fontes da salva\u00e7\u00e3o.<\/p>\n<p>Senhor, alegria da boa-nova que Jo\u00e3o anunciou.<\/p>\n<p><strong>Trazer:<\/strong><\/p>\n<ul class=\"wp-block-list\">\n<li><a href=\"http:\/\/coro.paroquiabaixadabanheira.org\/reportorio\/diversos\/peregrinos.de.esperanca.hino.do.jubileu.2025.pdf\">Peregrinos da Esperan\u00e7a \u2013 Hino Jubileu 2025<\/a><\/li>\n<li><a href=\"http:\/\/coro.paroquiabaixadabanheira.org\/reportorio\/aclama\/aleluia.vitor.pereira.pdf\">Aleluia (Vitor Pereira)<\/a><\/li>\n<\/ul>\n\n\n<p><\/p>\n","protected":false},"excerpt":{"rendered":"<p>&#8221;\u00a0\u00abAlegrai-vos sempre no Senhor. Novamente vos digo: alegrai-vos\u00bb. Inspirados\u00a0por estas palavras que comp\u00f5e a ant\u00edfona de entrada deste dia, este Domingo \u00e9 designado como Domingo\u00a0Gaudete,\u00a0isto \u00e9, Domingo da Alegria e, assim, a Liturgia da Palavra, as ora\u00e7\u00f5es e a simbologia &hellip;<\/p>\n<p class=\"read-more\"> <a class=\"more-link\" href=\"https:\/\/coro.paroquiabaixadabanheira.org\/?p=4623\"> <span class=\"screen-reader-text\">Domingo III do Advento<\/span> Read More &raquo;<\/a><\/p>\n","protected":false},"author":3,"featured_media":0,"comment_status":"open","ping_status":"open","sticky":false,"template":"","format":"standard","meta":{"footnotes":""},"categories":[1],"tags":[],"class_list":["post-4623","post","type-post","status-publish","format-standard","hentry","category-uncategorized"],"_links":{"self":[{"href":"https:\/\/coro.paroquiabaixadabanheira.org\/index.php?rest_route=\/wp\/v2\/posts\/4623","targetHints":{"allow":["GET"]}}],"collection":[{"href":"https:\/\/coro.paroquiabaixadabanheira.org\/index.php?rest_route=\/wp\/v2\/posts"}],"about":[{"href":"https:\/\/coro.paroquiabaixadabanheira.org\/index.php?rest_route=\/wp\/v2\/types\/post"}],"author":[{"embeddable":true,"href":"https:\/\/coro.paroquiabaixadabanheira.org\/index.php?rest_route=\/wp\/v2\/users\/3"}],"replies":[{"embeddable":true,"href":"https:\/\/coro.paroquiabaixadabanheira.org\/index.php?rest_route=%2Fwp%2Fv2%2Fcomments&post=4623"}],"version-history":[{"count":3,"href":"https:\/\/coro.paroquiabaixadabanheira.org\/index.php?rest_route=\/wp\/v2\/posts\/4623\/revisions"}],"predecessor-version":[{"id":4626,"href":"https:\/\/coro.paroquiabaixadabanheira.org\/index.php?rest_route=\/wp\/v2\/posts\/4623\/revisions\/4626"}],"wp:attachment":[{"href":"https:\/\/coro.paroquiabaixadabanheira.org\/index.php?rest_route=%2Fwp%2Fv2%2Fmedia&parent=4623"}],"wp:term":[{"taxonomy":"category","embeddable":true,"href":"https:\/\/coro.paroquiabaixadabanheira.org\/index.php?rest_route=%2Fwp%2Fv2%2Fcategories&post=4623"},{"taxonomy":"post_tag","embeddable":true,"href":"https:\/\/coro.paroquiabaixadabanheira.org\/index.php?rest_route=%2Fwp%2Fv2%2Ftags&post=4623"}],"curies":[{"name":"wp","href":"https:\/\/api.w.org\/{rel}","templated":true}]}}