{"id":4633,"date":"2024-12-19T00:36:21","date_gmt":"2024-12-19T00:36:21","guid":{"rendered":"https:\/\/coro.paroquiabaixadabanheira.org\/?p=4633"},"modified":"2024-12-19T00:39:42","modified_gmt":"2024-12-19T00:39:42","slug":"domingo-iv-do-advento-14","status":"publish","type":"post","link":"https:\/\/coro.paroquiabaixadabanheira.org\/?p=4633","title":{"rendered":"Domingo IV do Advento"},"content":{"rendered":"<p>&#8220;O epis\u00f3dio da Visita\u00e7\u00e3o pode ser, quase palavra por palavra, aplicado ao rito da Comunh\u00e3o na Eucaristia. Como Maria, tamb\u00e9m o celebrante se p\u00f5e a caminho em dire\u00e7\u00e3o aos comungantes, \u201csa\u00fada\u201d o comungante com as palavras \u201co corpo de Cristo\u201d, o comungante exulta de alegria, gratid\u00e3o e humildade no seu \u00edntimo ao ouvir tais palavras, que testemunham da presen\u00e7a do Salvador, e pode exclamar a bem-aventuran\u00e7a daquele que acredita que Deus cumpre sempre a sua Palavra, em particular as palavras da Consagra\u00e7\u00e3o do P\u00e3o e do Vinho. Como Maria, o celebrante \u00e9 tamb\u00e9m um te\u00f3foro, algu\u00e9m que leva Deus. Isto aplica-se tamb\u00e9m aos Ministros Extraordin\u00e1rios da Comunh\u00e3o, em particular levando a Comunh\u00e3o aos doentes.&#8221;\u00a0 \u00a0<em>In Arquidiocese de Braga<\/em><\/p>\n<p><strong>C\u00e2nticos para o IV Domingo do Advento \u2013 Ano C <\/strong>\u00a0(<a href=\"https:\/\/www.liturgia.pt\/liturgiadiaria\/dia.php?data=2024-12-22\">Liturgia<\/a>)<\/p>\n<ul>\n<li>Entrada: <a href=\"http:\/\/coro.paroquiabaixadabanheira.org\/reportorio\/advento\/quando.o.profeta.chegar.pdf\">Quando o Profeta Chegar<\/a><\/li>\n<li>Acto Penitencial: <a href=\"http:\/\/coro.paroquiabaixadabanheira.org\/reportorio\/penitencial\/kyrie.eleison.jacques.berthier.pdf\">kyrie Eleison J.Berthier<\/a><a href=\"http:\/\/coro.paroquiabaixadabanheira.org\/reportorio\/penitencial\/kyrie.eleison.jacques.berthier.pdf\">\u00a0\u2013 Ver preces abaixo<\/a><\/li>\n<li>Coroa do Advento:\u00a0<a href=\"http:\/\/coro.paroquiabaixadabanheira.org\/reportorio\/advento\/fala.senhor.pela.biblia.pdf\">Fala Senhor pela Biblia<\/a>\u00a0ou\u00a0<a href=\"http:\/\/coro.paroquiabaixadabanheira.org\/reportorio\/advento\/vinde.vinde.jesus.pdf\">Vinde! Vinde, jesus! \u2013 4\u00baestrofe<\/a><\/li>\n<li>Salmo 79 (80) <a href=\"https:\/\/www.liturgia.pt\/multimedia\/mp3\/SalmosResponsoriais\/123_Adv04CIVDom-SenhorNossoDeus.mp3\"><em>\u201d Senhor nosso Deus, fazei-nos voltar, mostrai-nos o vosso rosto e seremos salvos.\u201d<\/em><\/a><\/li>\n<li>Aclama\u00e7\u00e3o ao Evangelho:\u00a0<a href=\"http:\/\/coro.paroquiabaixadabanheira.org\/reportorio\/advento\/aleluia.advento.bruno.ferreira.pdf\">Aleluia (Advento)<\/a><\/li>\n<li>Apresenta\u00e7\u00e3o dos Dons: <a href=\"http:\/\/coro.paroquiabaixadabanheira.org\/reportorio\/advento\/virgem.fiel.pdf\">Virgem fiel<\/a><\/li>\n<li>Santo:\u00a0<a href=\"https:\/\/coro.paroquiabaixadabanheira.org\/reportorio\/santo\/santo.carlos.silva.pdf\">Santo (Carlos Silva)<\/a><\/li>\n<li>Cordeiro:\u00a0<a href=\"http:\/\/coro.paroquiabaixadabanheira.org\/reportorio\/cordeiro\/cordeiro.olindo.marques.pdf\">Cordeiro\u00a0(Olindo Marques)<\/a><\/li>\n<li>Comunh\u00e3o: <a href=\"http:\/\/coro.paroquiabaixadabanheira.org\/reportorio\/advento\/a.virgem.concebera.pdf\">A Virgem Conceber\u00e1<\/a><\/li>\n<li>Ac\u00e7\u00e3o de Gra\u00e7as: <a href=\"http:\/\/coro.paroquiabaixadabanheira.org\/reportorio\/maria\/queres.tu.maria.pdf\">Queres Tu Maria<\/a><\/li>\n<li>Final: <a href=\"http:\/\/coro.paroquiabaixadabanheira.org\/reportorio\/advento\/o.nuvens.chovei.do.alto.pdf\">\u00d3 nuvens, chovei do alto<\/a><\/li>\n<\/ul>\n<p><strong>Preces:<\/strong><\/p>\n<p>Senhor, anunciado desde os dias mais antigos como rei nascido no mundo.<\/p>\n<p>Cristo, Deus dos ex\u00e9rcitos e pastor de Israel.<\/p>\n<p>Senhor, fruto bendito nascido no ventre da Virgem Santa Maria..<\/p>\n<p><strong>Trazer:<\/strong><\/p>\n<ul class=\"wp-block-list\">\n<li><a href=\"http:\/\/coro.paroquiabaixadabanheira.org\/reportorio\/diversos\/peregrinos.de.esperanca.hino.do.jubileu.2025.pdf\">Peregrinos da Esperan\u00e7a \u2013 Hino Jubileu 2025<\/a><\/li>\n<li>Todas as musicas para o Natal<\/li>\n<\/ul>\n\n\n<p><\/p>\n","protected":false},"excerpt":{"rendered":"<p>&#8220;O epis\u00f3dio da Visita\u00e7\u00e3o pode ser, quase palavra por palavra, aplicado ao rito da Comunh\u00e3o na Eucaristia. Como Maria, tamb\u00e9m o celebrante se p\u00f5e a caminho em dire\u00e7\u00e3o aos comungantes, \u201csa\u00fada\u201d o comungante com as palavras \u201co corpo de Cristo\u201d, &hellip;<\/p>\n<p class=\"read-more\"> <a class=\"more-link\" href=\"https:\/\/coro.paroquiabaixadabanheira.org\/?p=4633\"> <span class=\"screen-reader-text\">Domingo IV do Advento<\/span> Read More &raquo;<\/a><\/p>\n","protected":false},"author":3,"featured_media":0,"comment_status":"open","ping_status":"open","sticky":false,"template":"","format":"standard","meta":{"footnotes":""},"categories":[1],"tags":[],"class_list":["post-4633","post","type-post","status-publish","format-standard","hentry","category-uncategorized"],"_links":{"self":[{"href":"https:\/\/coro.paroquiabaixadabanheira.org\/index.php?rest_route=\/wp\/v2\/posts\/4633","targetHints":{"allow":["GET"]}}],"collection":[{"href":"https:\/\/coro.paroquiabaixadabanheira.org\/index.php?rest_route=\/wp\/v2\/posts"}],"about":[{"href":"https:\/\/coro.paroquiabaixadabanheira.org\/index.php?rest_route=\/wp\/v2\/types\/post"}],"author":[{"embeddable":true,"href":"https:\/\/coro.paroquiabaixadabanheira.org\/index.php?rest_route=\/wp\/v2\/users\/3"}],"replies":[{"embeddable":true,"href":"https:\/\/coro.paroquiabaixadabanheira.org\/index.php?rest_route=%2Fwp%2Fv2%2Fcomments&post=4633"}],"version-history":[{"count":4,"href":"https:\/\/coro.paroquiabaixadabanheira.org\/index.php?rest_route=\/wp\/v2\/posts\/4633\/revisions"}],"predecessor-version":[{"id":4638,"href":"https:\/\/coro.paroquiabaixadabanheira.org\/index.php?rest_route=\/wp\/v2\/posts\/4633\/revisions\/4638"}],"wp:attachment":[{"href":"https:\/\/coro.paroquiabaixadabanheira.org\/index.php?rest_route=%2Fwp%2Fv2%2Fmedia&parent=4633"}],"wp:term":[{"taxonomy":"category","embeddable":true,"href":"https:\/\/coro.paroquiabaixadabanheira.org\/index.php?rest_route=%2Fwp%2Fv2%2Fcategories&post=4633"},{"taxonomy":"post_tag","embeddable":true,"href":"https:\/\/coro.paroquiabaixadabanheira.org\/index.php?rest_route=%2Fwp%2Fv2%2Ftags&post=4633"}],"curies":[{"name":"wp","href":"https:\/\/api.w.org\/{rel}","templated":true}]}}