{"id":4640,"date":"2024-12-22T23:13:22","date_gmt":"2024-12-22T23:13:22","guid":{"rendered":"https:\/\/coro.paroquiabaixadabanheira.org\/?p=4640"},"modified":"2024-12-24T01:00:57","modified_gmt":"2024-12-24T01:00:57","slug":"natal-do-senhor-missa-da-noite-7","status":"publish","type":"post","link":"https:\/\/coro.paroquiabaixadabanheira.org\/?p=4640","title":{"rendered":"Natal do Senhor \u2013 Missa da Noite"},"content":{"rendered":"<p>&#8220;No Natal, em muitas igrejas, se montam pres\u00e9pios representando o nascimento de Jesus, rodeado de cenas da vida humana do quotidiano. Jesus assume a nossa humanidade n\u00e3o s\u00f3 assumindo um corpo, mas assumindo tamb\u00e9m o quadro de qualquer vida humana. Todavia, o verdadeiro pres\u00e9pio das igrejas \u00e9 o altar. No pres\u00e9pio \u00e9 colocada uma imagem de Jesus, no altar, Jesus torna-se presente como esteve na manjedoura ou na cruz do Calv\u00e1rio. Jesus nasce em Bel\u00e9m, que significa \u201cCasa do P\u00e3o\u201d, e o corpo do Menino-Deus \u00e9 colocado numa manjedoura, objecto que serve para alimentar os animais. Na Eucaristia, o altar torna-se \u201cCasa do P\u00e3o\u201d e o lugar onde a Igreja, rebanho do Senhor, recebe o seu Pastor, feito P\u00e3o para a vida eterna.&#8221;\u00a0 \u00a0 \u00a0 \u00a0 \u00a0 <em>In Arquidiocese de Braga<\/em><\/p>\n<p><strong>C\u00e2nticos para o Natal do Senhor \u2013 Missa da noite\u2013 Ano C<\/strong><strong>\u00a0(<a href=\"https:\/\/www.liturgia.pt\/liturgiadiaria\/dia.php?data=2024-12-25\">Liturgia)<\/a><\/strong><\/p>\n<ul>\n<li>Entrada:\u00a0<a href=\"http:\/\/coro.paroquiabaixadabanheira.org\/reportorio\/natal\/oh.noite.favorecida.pdf\">Oh! Noite Favorecida<\/a>\u00a0(1\u00ba estrofe e refr\u00e3o)<\/li>\n<li>Calenda de Natal:\u00a0<a href=\"http:\/\/coro.paroquiabaixadabanheira.org\/reportorio\/natal\/calenda.natal.pdf\">Calenda do Natal<\/a>\u00a0\u00a0\u00a0\u00a0<a href=\"http:\/\/pilulasliturgicas.blogspot.com\/2015\/12\/o-canto-da-kalenda-na-noite-de-natal.html\">(Significado)<\/a><\/li>\n<li>Invitat\u00f3rio:\u00a0<a href=\"http:\/\/coro.paroquiabaixadabanheira.org\/reportorio\/natal\/cristo.nasceu.pdf\">Cristo nasceu<\/a> com estas <a href=\"http:\/\/coro.paroquiabaixadabanheira.org\/reportorio\/natal\/cristo.nasceu.estrofes.natal.pdf\">Estrofes<\/a><\/li>\n<li>Gl\u00f3ria:\u00a0<a href=\"http:\/\/coro.paroquiabaixadabanheira.org\/reportorio\/gloria\/gloria.a.deus.a.cartageno.pdf\">Gloria Cartageno<\/a><\/li>\n<li>Salmo:\u00a0<em>95 (96)\u00a0<a href=\"https:\/\/www.liturgia.pt\/multimedia\/mp3\/SalmosResponsoriais\/006_ABC_02NatMeiaNoite-HojeNasceu.mp3\">\u201cHoje nasceu o nosso salvador, Jesus Cristo Senhor. Hoje nasceu o nosso salvador.\u201d<\/a><\/em><\/li>\n<li>Aclama\u00e7\u00e3o ao Evangelho:\u00a0<a href=\"http:\/\/coro.paroquiabaixadabanheira.org\/reportorio\/aclama\/aleluia.vitor.pereira.pdf\">Aleluia (Vitor Pereira)<\/a>\u00a0\u201c<strong>Anuncio-vos uma grande alegria:\u00a0<\/strong><strong>Hoje nasceu o nosso salvador, Jesus Cristo, Senhor\u201d<\/strong><\/li>\n<li>Ora\u00e7\u00e3o dos Fi\u00e9is:\u00a0<a href=\"http:\/\/coro.paroquiabaixadabanheira.org\/reportorio\/aclamacao\/oracao.universal.pdf\">Respostas<\/a>\u00a0(numero 29)<\/li>\n<li>Apresenta\u00e7\u00e3o dos Dons: <a href=\"http:\/\/coro.paroquiabaixadabanheira.org\/reportorio\/natal\/exultemos.de.alegria.pdf\">Exultemos de alegria<\/a>\u00a0<\/li>\n<li>Santo:\u00a0<a href=\"http:\/\/coro.paroquiabaixadabanheira.org\/reportorio\/santo\/santo.marco.frisina.pdf\">Santo Marco Frisina<\/a><\/li>\n<li>Pai Nosso: <a href=\"http:\/\/coro.paroquiabaixadabanheira.org\/reportorio\/painosso\/pai.nosso.2.vozes.pdf\">Pai Nosso 2 vozes<\/a>\u00a0ou\u00a0<a href=\"http:\/\/coro.paroquiabaixadabanheira.org\/reportorio\/painosso\/pai.nosso.melodia.oficial.gregoriano.pdf\">Pai Nosso (gregoriano)<\/a><\/li>\n<li>Fra\u00e7\u00e3o do P\u00e3o: <a href=\"http:\/\/coro.paroquiabaixadabanheira.org\/reportorio\/cordeiro\/agnus.dei.silvio.vicente.pdf\">Agnus Dei (S\u00edlvio Vicente)<\/a><\/li>\n<li>Comunh\u00e3o:\u00a0<a href=\"http:\/\/coro.paroquiabaixadabanheira.org\/reportorio\/natal\/a.vida.que.estava.junto.do.pai.pdf\">A vida que estava junto do Pai<\/a><\/li>\n<li>Ac\u00e7\u00e3o de Gra\u00e7as: <a href=\"http:\/\/coro.paroquiabaixadabanheira.org\/reportorio\/natal\/um.anjo.belo.pdf\">Um Anjo Belo<\/a><\/li>\n<li>Venera\u00e7\u00e3o\u00a0\u00e0 Imagem do Menino:<a href=\"http:\/\/coro.paroquiabaixadabanheira.org\/reportorio\/pentecostes\/espirito.de.amor.pdf\">\u00a0<\/a><a href=\"http:\/\/coro.paroquiabaixadabanheira.org\/reportorio\/natal\/natal.cristo.nasceu.pdf\">\u00c9 natal Cristo nasceu<\/a><\/li>\n<li>Venera\u00e7\u00e3o \u00e0 Imagem do Menino:\u00a0<a href=\"http:\/\/coro.paroquiabaixadabanheira.org\/reportorio\/natal\/hoje.na.terra.pdf\">Hoje na Terra<\/a><\/li>\n<\/ul>\n<p>Suplentes:<\/p>\n<ul>\n<li><a href=\"http:\/\/coro.paroquiabaixadabanheira.org\/reportorio\/natal\/oh.que.noite.tao.serena.pdf\">Oh, Que Noite t\u00e3o Serena<\/a><\/li>\n<li><a href=\"http:\/\/coro.paroquiabaixadabanheira.org\/reportorio\/natal\/alegremse.os.ceus.pdf\">Alegrem-se os C\u00e9us e a Terra<\/a><\/li>\n<li><a href=\"http:\/\/coro.paroquiabaixadabanheira.org\/reportorio\/natal\/correi.pressurosos.pdf\">Correi Pressurosos a Bel\u00e9m<\/a><\/li>\n<li><a href=\"http:\/\/coro.paroquiabaixadabanheira.org\/reportorio\/natal\/aleluia.do.natal.pdf\">Aleluia do Natal<\/a><\/li>\n<\/ul>\n\n\n<p><\/p>\n","protected":false},"excerpt":{"rendered":"<p>&#8220;No Natal, em muitas igrejas, se montam pres\u00e9pios representando o nascimento de Jesus, rodeado de cenas da vida humana do quotidiano. Jesus assume a nossa humanidade n\u00e3o s\u00f3 assumindo um corpo, mas assumindo tamb\u00e9m o quadro de qualquer vida humana. &hellip;<\/p>\n<p class=\"read-more\"> <a class=\"more-link\" href=\"https:\/\/coro.paroquiabaixadabanheira.org\/?p=4640\"> <span class=\"screen-reader-text\">Natal do Senhor \u2013 Missa da Noite<\/span> Read More &raquo;<\/a><\/p>\n","protected":false},"author":3,"featured_media":0,"comment_status":"open","ping_status":"open","sticky":false,"template":"","format":"standard","meta":{"footnotes":""},"categories":[1],"tags":[],"class_list":["post-4640","post","type-post","status-publish","format-standard","hentry","category-uncategorized"],"_links":{"self":[{"href":"https:\/\/coro.paroquiabaixadabanheira.org\/index.php?rest_route=\/wp\/v2\/posts\/4640","targetHints":{"allow":["GET"]}}],"collection":[{"href":"https:\/\/coro.paroquiabaixadabanheira.org\/index.php?rest_route=\/wp\/v2\/posts"}],"about":[{"href":"https:\/\/coro.paroquiabaixadabanheira.org\/index.php?rest_route=\/wp\/v2\/types\/post"}],"author":[{"embeddable":true,"href":"https:\/\/coro.paroquiabaixadabanheira.org\/index.php?rest_route=\/wp\/v2\/users\/3"}],"replies":[{"embeddable":true,"href":"https:\/\/coro.paroquiabaixadabanheira.org\/index.php?rest_route=%2Fwp%2Fv2%2Fcomments&post=4640"}],"version-history":[{"count":2,"href":"https:\/\/coro.paroquiabaixadabanheira.org\/index.php?rest_route=\/wp\/v2\/posts\/4640\/revisions"}],"predecessor-version":[{"id":4644,"href":"https:\/\/coro.paroquiabaixadabanheira.org\/index.php?rest_route=\/wp\/v2\/posts\/4640\/revisions\/4644"}],"wp:attachment":[{"href":"https:\/\/coro.paroquiabaixadabanheira.org\/index.php?rest_route=%2Fwp%2Fv2%2Fmedia&parent=4640"}],"wp:term":[{"taxonomy":"category","embeddable":true,"href":"https:\/\/coro.paroquiabaixadabanheira.org\/index.php?rest_route=%2Fwp%2Fv2%2Fcategories&post=4640"},{"taxonomy":"post_tag","embeddable":true,"href":"https:\/\/coro.paroquiabaixadabanheira.org\/index.php?rest_route=%2Fwp%2Fv2%2Ftags&post=4640"}],"curies":[{"name":"wp","href":"https:\/\/api.w.org\/{rel}","templated":true}]}}