{"id":4655,"date":"2024-12-25T23:26:28","date_gmt":"2024-12-25T23:26:28","guid":{"rendered":"https:\/\/coro.paroquiabaixadabanheira.org\/?p=4655"},"modified":"2024-12-25T23:26:29","modified_gmt":"2024-12-25T23:26:29","slug":"festa-da-sagrada-familia-de-jesus-maria-e-jose-8","status":"publish","type":"post","link":"https:\/\/coro.paroquiabaixadabanheira.org\/?p=4655","title":{"rendered":"Festa da Sagrada Fam\u00edlia de Jesus, Maria e Jos\u00e9"},"content":{"rendered":"<p>&#8220;No domingo a seguir \u00e0 Solenidade do Natal do Senhor, somos sempre convidados a contemplar Jesus, Maria e Jos\u00e9, como a sagrada fam\u00edlia de Nazar\u00e9. \u201cFilho, porque procedeste assim connosco? Teu pai e eu and\u00e1vamos aflitos \u00e0 tua procura\u201d. Procurar Jesus! Esta \u00e9 a miss\u00e3o da fam\u00edlia. Juntos, sem imposi\u00e7\u00f5es, mas em liberdade, que cada um possa procurar Jesus. E esta procura deve ser feita sem opress\u00e3o. Jos\u00e9 e Maria estavam aflitos, porque procuravam Jesus, segundo os seus crit\u00e9rios humanos. E Jesus procedia segundo os crit\u00e9rios de Deus Pai. Que em cada fam\u00edlia crist\u00e3 haja o clima para que cada membro possa ser estimulado na sua procura de Jesus. Que seja o lugar onde n\u00e3o se \u201c\u00e9\u201d por imposi\u00e7\u00e3o, mas segundo os crit\u00e9rios divinos, na liberdade dos filhos de Deus. Procurar Jesus, em fam\u00edlia, \u00e9 permitir que Deus Pai se revele e modele cada membro, ajudando-o a alcan\u00e7ar a sua plena realiza\u00e7\u00e3o humana.&#8221;\u00a0 \u00a0 \u00a0<em>in secretariado diocesano da Pastoral lit\u00fargica de Viseu<\/em><\/p>\n<p><strong>C\u00e2nticos para a Sagrada Fam\u00edlia de Jesus, Maria e Jos\u00e9 \u2013 Ano C (<\/strong><a href=\"https:\/\/www.liturgia.pt\/liturgiadiaria\/dia.php?data=2024-12-29\"><strong>liturgia<\/strong><\/a><strong>)<\/strong><\/p>\n<ul>\n<li>Entrada:\u00a0<a href=\"http:\/\/coro.paroquiabaixadabanheira.org\/reportorio\/natal\/sou.um.pobre.pastorinho.pdf\">Sou um Pobre Pastorinho<\/a>\u00a0ou\u00a0<a href=\"http:\/\/coro.paroquiabaixadabanheira.org\/reportorio\/casamento\/deus.da.familia.pdf\">Deus da Fam\u00edlia<\/a><\/li>\n<li>Acto Penitencial:\u00a0<a href=\"http:\/\/coro.paroquiabaixadabanheira.org\/reportorio\/penitencial\/kyrie.eleison.manuel.simoes.pdf\">Kyrie Eleison (Manuel Sim\u00f5es)\u00a0<\/a><\/li>\n<li>Gl\u00f3ria: <a href=\"http:\/\/coro.paroquiabaixadabanheira.org\/reportorio\/gloria\/gloria.2.vozes.pdf\">Gloria 2 Vozes<\/a><\/li>\n<li>Salmo: \u00a0127(128)<em><a href=\"http:\/\/www.liturgia.pt\/multimedia\/mp3\/SalmosResponsoriais\/010_ABC_06NatSagFam-DitososOsQueTemem.mp3\">\u00a0\u201cDitosos os que temem o Senhor, ditosos os que seguem os seus caminhos\u201d<\/a><\/em><\/li>\n<li>Aclama\u00e7\u00e3o ao Evangelho:\u00a0<a href=\"http:\/\/coro.paroquiabaixadabanheira.org\/reportorio\/aclama\/aleluia.vitor.pereira.pdf\">Aleluia (Vitor Pereira)<\/a> ou\u00a0<a href=\"http:\/\/coro.paroquiabaixadabanheira.org\/reportorio\/natal\/aleluia.do.natal.pdf\">Aleluia do Natal<\/a> <strong>\u201cReine em vossos cora\u00e7\u00f5es a paz de Cristo, habite em v\u00f3s a sua palavra<\/strong><strong>\u201d<\/strong><\/li>\n<li>Ladainhas:\u00a0<a href=\"http:\/\/coro.paroquiabaixadabanheira.org\/reportorio\/pascoa\/ladainhas.a.ferreira.santos.curta.pdf\">Ladainhas dos santos <\/a>letra:\u00a0<a href=\"http:\/\/coro.paroquiabaixadabanheira.org\/reportorio\/natal\/ladainha.da.sagrada.familia.2.pdf\">(Sagrada Fam\u00edlia)<\/a><\/li>\n<li>Ora\u00e7\u00e3o dos Fi\u00e9is:\u00a0<a href=\"http:\/\/coro.paroquiabaixadabanheira.org\/reportorio\/aclamacao\/oracao.universal.pdf\">Respostas<\/a>\u00a0(numero 14)<\/li>\n<li>B\u00ean\u00e7\u00e3o das Fam\u00edlias:\u00a0<a href=\"http:\/\/coro.paroquiabaixadabanheira.org\/reportorio\/natal\/iluminai.nos.senhor.csilva.pdf\">Iluminai-nos Senhor<\/a><\/li>\n<li>Apresenta\u00e7\u00e3o dos Dons:\u00a0<a href=\"http:\/\/coro.paroquiabaixadabanheira.org\/reportorio\/diversos\/peregrinos.de.esperanca.hino.do.jubileu.2025.pdf\">Peregrinos da Esperan\u00e7a \u2013 Hino Jubileu 2025<\/a> ou <a href=\"http:\/\/coro.paroquiabaixadabanheira.org\/reportorio\/natal\/exultemos.de.alegria.pdf\">Exultemos de alegria<\/a>\u00a0com estrofe:\u00a0<strong>Assim come\u00e7a a nova humanidade\/Na sagrada fam\u00edlia em Nazar\u00e9\/Ali encontrar\u00e1s a tua imagem\/Povo de Deus, Igreja Universal!<\/strong><\/li>\n<li>Santo:\u00a0<a href=\"http:\/\/coro.paroquiabaixadabanheira.org\/reportorio\/santo\/santo.marco.frisina.pdf\">Santo Marco Frisina<\/a><\/li>\n<li>Pai Nosso: <a href=\"http:\/\/coro.paroquiabaixadabanheira.org\/reportorio\/painosso\/pai.nosso.melodia.oficial.gregoriano.pdf\">Pai Nosso (gregoriano)<\/a><\/li>\n<li>Frac\u00e7\u00e3o do P\u00e3o: <a href=\"http:\/\/coro.paroquiabaixadabanheira.org\/reportorio\/cordeiro\/agnus.dei.silvio.vicente.pdf\">Agnus Dei (S\u00edlvio Vicente)<\/a><\/li>\n<li>Comunh\u00e3o:\u00a0<a href=\"http:\/\/coro.paroquiabaixadabanheira.org\/reportorio\/natal\/a.vida.que.estava.junto.do.pai.pdf\">A vida que estava junto do Pai<\/a><\/li>\n<li>Ac\u00e7\u00e3o de Gra\u00e7as:\u00a0<a href=\"http:\/\/coro.paroquiabaixadabanheira.org\/reportorio\/diversos\/familia.crista.pdf\">Familia Crist\u00e3<\/a><\/li>\n<li>Venera\u00e7\u00e3o \u00e0 Imagem do Menino:\u00a0<a href=\"http:\/\/coro.paroquiabaixadabanheira.org\/reportorio\/natal\/natal.cristo.nasceu.pdf\">\u00c9 natal Cristo nasceu<\/a><\/li>\n<li>Venera\u00e7\u00e3o \u00e0 Imagem do Menino:\u00a0<a href=\"http:\/\/coro.paroquiabaixadabanheira.org\/reportorio\/natal\/hoje.na.terra.pdf\">Hoje na Terra<\/a><\/li>\n<li>Venera\u00e7\u00e3o \u00e0 Imagem do Menino:\u00a0<a href=\"http:\/\/coro.paroquiabaixadabanheira.org\/reportorio\/natal\/correi.pressurosos.pdf\">Correi Pressurosos a Bel\u00e9m<\/a><\/li>\n<\/ul>\n\n\n<p><\/p>\n","protected":false},"excerpt":{"rendered":"<p>&#8220;No domingo a seguir \u00e0 Solenidade do Natal do Senhor, somos sempre convidados a contemplar Jesus, Maria e Jos\u00e9, como a sagrada fam\u00edlia de Nazar\u00e9. \u201cFilho, porque procedeste assim connosco? Teu pai e eu and\u00e1vamos aflitos \u00e0 tua procura\u201d. Procurar &hellip;<\/p>\n<p class=\"read-more\"> <a class=\"more-link\" href=\"https:\/\/coro.paroquiabaixadabanheira.org\/?p=4655\"> <span class=\"screen-reader-text\">Festa da Sagrada Fam\u00edlia de Jesus, Maria e Jos\u00e9<\/span> Read More &raquo;<\/a><\/p>\n","protected":false},"author":3,"featured_media":0,"comment_status":"open","ping_status":"open","sticky":false,"template":"","format":"standard","meta":{"footnotes":""},"categories":[1],"tags":[],"class_list":["post-4655","post","type-post","status-publish","format-standard","hentry","category-uncategorized"],"_links":{"self":[{"href":"https:\/\/coro.paroquiabaixadabanheira.org\/index.php?rest_route=\/wp\/v2\/posts\/4655","targetHints":{"allow":["GET"]}}],"collection":[{"href":"https:\/\/coro.paroquiabaixadabanheira.org\/index.php?rest_route=\/wp\/v2\/posts"}],"about":[{"href":"https:\/\/coro.paroquiabaixadabanheira.org\/index.php?rest_route=\/wp\/v2\/types\/post"}],"author":[{"embeddable":true,"href":"https:\/\/coro.paroquiabaixadabanheira.org\/index.php?rest_route=\/wp\/v2\/users\/3"}],"replies":[{"embeddable":true,"href":"https:\/\/coro.paroquiabaixadabanheira.org\/index.php?rest_route=%2Fwp%2Fv2%2Fcomments&post=4655"}],"version-history":[{"count":1,"href":"https:\/\/coro.paroquiabaixadabanheira.org\/index.php?rest_route=\/wp\/v2\/posts\/4655\/revisions"}],"predecessor-version":[{"id":4656,"href":"https:\/\/coro.paroquiabaixadabanheira.org\/index.php?rest_route=\/wp\/v2\/posts\/4655\/revisions\/4656"}],"wp:attachment":[{"href":"https:\/\/coro.paroquiabaixadabanheira.org\/index.php?rest_route=%2Fwp%2Fv2%2Fmedia&parent=4655"}],"wp:term":[{"taxonomy":"category","embeddable":true,"href":"https:\/\/coro.paroquiabaixadabanheira.org\/index.php?rest_route=%2Fwp%2Fv2%2Fcategories&post=4655"},{"taxonomy":"post_tag","embeddable":true,"href":"https:\/\/coro.paroquiabaixadabanheira.org\/index.php?rest_route=%2Fwp%2Fv2%2Ftags&post=4655"}],"curies":[{"name":"wp","href":"https:\/\/api.w.org\/{rel}","templated":true}]}}