{"id":4657,"date":"2024-12-25T23:44:34","date_gmt":"2024-12-25T23:44:34","guid":{"rendered":"https:\/\/coro.paroquiabaixadabanheira.org\/?p=4657"},"modified":"2024-12-25T23:44:34","modified_gmt":"2024-12-25T23:44:34","slug":"solenidade-de-santa-maria-mae-de-deus-dia-mundial-da-paz-9","status":"publish","type":"post","link":"https:\/\/coro.paroquiabaixadabanheira.org\/?p=4657","title":{"rendered":"Solenidade de Santa Maria M\u00e3e de Deus (Dia Mundial da Paz)"},"content":{"rendered":"<p>\u201cPerdoai-nos as nossas ofensas: dai-nos a Vossa Paz\u201d \u00e9 o tema escolhido pelo Papa para o pr\u00f3ximo Dia Mundial da Paz de 2025. O t\u00edtulo da Mensagem para o 58\u00ba Dia Mundial da Paz, que ser\u00e1 celebrado em 1\u00ba de janeiro de 2025 \u2014 conforme explica uma nota do Dicast\u00e9rio para o Servi\u00e7o do Desenvolvimento Humano Integral, \u2014 manifesta uma conson\u00e2ncia natural com o sentido b\u00edblico e eclesial do ano jubilar e se inspira, em particular, nas enc\u00edclicas Laudato Si\u2019 e Fratelli Tutti, especialmente em torno dos conceitos de Esperan\u00e7a e Perd\u00e3o, que s\u00e3o o cora\u00e7\u00e3o do Jubileu: um chamado \u00e0 convers\u00e3o que n\u00e3o visa condenar, mas sim reconciliar e pacificar.\u00a0 Somente mediante uma verdadeira convers\u00e3o, pessoal, comunit\u00e1ria e internacional, poder\u00e1 florescer uma paz aut\u00eantica, que n\u00e3o se manifeste apenas na conclus\u00e3o dos conflitos, mas em uma nova realidade onde as feridas sejam curadas e cada pessoa tenha reconhecida a sua pr\u00f3pria dignidade, conclui a nota do Dicast\u00e9rio para o Servi\u00e7o do Desenvolvimento Humano Integral.\u201d\u00a0 \u00a0 \u00a0<em>In Vatican News<\/em><\/p>\n<ul>\n<li><a href=\"https:\/\/www.vatican.va\/content\/francesco\/pt\/messages\/peace\/documents\/20241208-messaggio-58giornatamondiale-pace2025.html\">Mensagem do Papa Francisco para o 58\u00ba Dia Mundial da Paz<\/a><\/li>\n<li><a href=\"https:\/\/agencia.ecclesia.pt\/portal\/dia-mundial-da-paz-2025-papa-denuncia-ameaca-real-a-existencia-de-toda-a-humanidade\/\">Resumo da mensagem do Dia Mundial da Paz do Papa Francisco<\/a><\/li>\n<\/ul>\n<p><strong>O ensaio ser\u00e1 realizado no dia 27 de Dezembro \u00e1s 21h, juntamente com o ensaio para a Eucaristia da Festa da Sagrada Fam\u00edlia<\/strong><\/p>\n<p><strong>C\u00e2nticos para a Solenidade de Santa Maria M\u00e3e de Deus \u2013 Ano C (<\/strong><a href=\"https:\/\/www.liturgia.pt\/santos\/santo_v.php?cod_santo=7\">liturgia<\/a><strong>)<\/strong><\/p>\n<ul>\n<li>Entrada:\u00a0<a href=\"http:\/\/coro.paroquiabaixadabanheira.org\/reportorio\/maria\/mae.do.povo.pdf\">M\u00e3e do Povo<\/a><\/li>\n<li>Acto Penitencial:\u00a0<a href=\"http:\/\/coro.paroquiabaixadabanheira.org\/reportorio\/penitencial\/senhor.tende.piedade.2.pdf\">Senhor, Tende Piedade\u00a0T.Aragues<\/a><\/li>\n<li>Gl\u00f3ria:\u00a0<a href=\"http:\/\/coro.paroquiabaixadabanheira.org\/reportorio\/gloria\/gloria.2.vozes.pdf\">Gloria 2 Vozes<\/a><\/li>\n<li>Salmo:\u00a0<em>66 (67)<\/em>\u00a0<a href=\"https:\/\/www.liturgia.pt\/multimedia\/mp3\/SalmosResponsoriais\/011_ABC_07Nat1Jan-DeusTenhaCompaixao.mp3\"><em>\u201cDeus Se compade\u00e7a de n\u00f3s e nos d\u00ea a sua b\u00ean\u00e7\u00e3o\u201d<\/em><\/a><\/li>\n<li>Aclama\u00e7\u00e3o ao Evangelho:\u00a0<a href=\"http:\/\/coro.paroquiabaixadabanheira.org\/reportorio\/natal\/aleluia.do.natal.pdf\">Aleluia do Natal<\/a><\/li>\n<li>Ora\u00e7\u00e3o dos Fi\u00e9is:\u00a0<a href=\"http:\/\/coro.paroquiabaixadabanheira.org\/reportorio\/aclamacao\/oracao.universal.pdf\">Respostas<\/a>\u00a0(numero 24) ou\u00a0<a href=\"http:\/\/coro.paroquiabaixadabanheira.org\/reportorio\/pascoa\/ladainhas.a.ferreira.santos.curta.pdf\">Ladainhas dos santos <\/a>\u00a0<strong>Letra<\/strong>\u00a0(<a href=\"http:\/\/coro.paroquiabaixadabanheira.org\/reportorio\/natal\/oracao.universal.pdf\">Nossa Senhora)<\/a><\/li>\n<li>Apresenta\u00e7\u00e3o dos Dons:\u00a0<a href=\"http:\/\/coro.paroquiabaixadabanheira.org\/reportorio\/maria\/bendita.seja.virgem.maria.pdf\">Bendita Seja Virgem Maria<\/a><\/li>\n<li>Santo:\u00a0<a href=\"http:\/\/coro.paroquiabaixadabanheira.org\/reportorio\/santo\/santo.marco.frisina.pdf\">Santo Marco Frisina<\/a>\u00a0ou\u00a0<a href=\"http:\/\/coro.paroquiabaixadabanheira.org\/reportorio\/santo\/santo.f.silva.pdf\">Santo (F. Silva)<\/a><\/li>\n<li>Fra\u00e7\u00e3o do P\u00e3o: <a href=\"http:\/\/coro.paroquiabaixadabanheira.org\/reportorio\/cordeiro\/agnus.dei.silvio.vicente.pdf\">Agnus Dei (S\u00edlvio Vicente)<\/a> ou <a href=\"http:\/\/coro.paroquiabaixadabanheira.org\/reportorio\/cordeiro\/cordeiro.aragues.pdf\">Cordeiro (Aragues)<\/a><\/li>\n<li>Comunh\u00e3o:\u00a0<a href=\"http:\/\/coro.paroquiabaixadabanheira.org\/reportorio\/final\/jesus.cristo.ontem.hoje.pdf\">Jesus Cristo, Ontem e Hoje<\/a><\/li>\n<li>Ac\u00e7\u00e3o de Gra\u00e7as:\u00a0<a href=\"http:\/\/coro.paroquiabaixadabanheira.org\/reportorio\/natal\/maria.es.arvore.da.vida.pdf\">Maria \u00e9s a \u00c1rvore da Vida<\/a><\/li>\n<li>Venera\u00e7\u00e3o \u00e0 Imagem do Menino:\u00a0<a href=\"http:\/\/coro.paroquiabaixadabanheira.org\/reportorio\/maria\/nossa.senhora.da.paz.pdf\">Nossa Senhora da Paz<\/a><\/li>\n<li>Venera\u00e7\u00e3o\u00a0\u00e0 Imagem do Menino:\u00a0<a href=\"http:\/\/coro.paroquiabaixadabanheira.org\/reportorio\/natal\/correi.pressurosos.pdf\">Correi Pressurosos a Bel\u00e9m<\/a><\/li>\n<li>Venera\u00e7\u00e3o \u00e0 Imagem do Menino:\u00a0<a href=\"http:\/\/coro.paroquiabaixadabanheira.org\/reportorio\/natal\/alegremse.os.ceus.pdf\">Alegrem-se os C\u00e9us e a Terra<\/a><\/li>\n<\/ul>\n<p>Trazer<\/p>\n<ul>\n<li><a href=\"http:\/\/coro.paroquiabaixadabanheira.org\/reportorio\/maria\/a.virgem.cheia.de.graca.pdf\">\u00c0\u00a0Virgem cheia de gra\u00e7a<\/a><\/li>\n<\/ul>\n","protected":false},"excerpt":{"rendered":"<p>\u201cPerdoai-nos as nossas ofensas: dai-nos a Vossa Paz\u201d \u00e9 o tema escolhido pelo Papa para o pr\u00f3ximo Dia Mundial da Paz de 2025. O t\u00edtulo da Mensagem para o 58\u00ba Dia Mundial da Paz, que ser\u00e1 celebrado em 1\u00ba de &hellip;<\/p>\n<p class=\"read-more\"> <a class=\"more-link\" href=\"https:\/\/coro.paroquiabaixadabanheira.org\/?p=4657\"> <span class=\"screen-reader-text\">Solenidade de Santa Maria M\u00e3e de Deus (Dia Mundial da Paz)<\/span> Read More &raquo;<\/a><\/p>\n","protected":false},"author":3,"featured_media":0,"comment_status":"open","ping_status":"open","sticky":false,"template":"","format":"standard","meta":{"footnotes":""},"categories":[1],"tags":[],"class_list":["post-4657","post","type-post","status-publish","format-standard","hentry","category-uncategorized"],"_links":{"self":[{"href":"https:\/\/coro.paroquiabaixadabanheira.org\/index.php?rest_route=\/wp\/v2\/posts\/4657","targetHints":{"allow":["GET"]}}],"collection":[{"href":"https:\/\/coro.paroquiabaixadabanheira.org\/index.php?rest_route=\/wp\/v2\/posts"}],"about":[{"href":"https:\/\/coro.paroquiabaixadabanheira.org\/index.php?rest_route=\/wp\/v2\/types\/post"}],"author":[{"embeddable":true,"href":"https:\/\/coro.paroquiabaixadabanheira.org\/index.php?rest_route=\/wp\/v2\/users\/3"}],"replies":[{"embeddable":true,"href":"https:\/\/coro.paroquiabaixadabanheira.org\/index.php?rest_route=%2Fwp%2Fv2%2Fcomments&post=4657"}],"version-history":[{"count":1,"href":"https:\/\/coro.paroquiabaixadabanheira.org\/index.php?rest_route=\/wp\/v2\/posts\/4657\/revisions"}],"predecessor-version":[{"id":4658,"href":"https:\/\/coro.paroquiabaixadabanheira.org\/index.php?rest_route=\/wp\/v2\/posts\/4657\/revisions\/4658"}],"wp:attachment":[{"href":"https:\/\/coro.paroquiabaixadabanheira.org\/index.php?rest_route=%2Fwp%2Fv2%2Fmedia&parent=4657"}],"wp:term":[{"taxonomy":"category","embeddable":true,"href":"https:\/\/coro.paroquiabaixadabanheira.org\/index.php?rest_route=%2Fwp%2Fv2%2Fcategories&post=4657"},{"taxonomy":"post_tag","embeddable":true,"href":"https:\/\/coro.paroquiabaixadabanheira.org\/index.php?rest_route=%2Fwp%2Fv2%2Ftags&post=4657"}],"curies":[{"name":"wp","href":"https:\/\/api.w.org\/{rel}","templated":true}]}}