{"id":4672,"date":"2025-01-23T00:04:31","date_gmt":"2025-01-23T00:04:31","guid":{"rendered":"https:\/\/coro.paroquiabaixadabanheira.org\/?p=4672"},"modified":"2025-01-23T00:04:32","modified_gmt":"2025-01-23T00:04:32","slug":"domingo-iii-do-tempo-comum-domingo-da-palavra-de-deus-6","status":"publish","type":"post","link":"https:\/\/coro.paroquiabaixadabanheira.org\/?p=4672","title":{"rendered":"Domingo III do Tempo Comum (Domingo da Palavra de Deus)"},"content":{"rendered":"<p>&#8220;A Liturgia da Palavra deste Domingo \u00e9 um forte apelo \u00e0 reflex\u00e3o sobre a corresponsabilidade de todos os batizados, na certeza de que a unidade se constr\u00f3i na diversidade de dons, minist\u00e9rios e servi\u00e7os que concorrem para a edifica\u00e7\u00e3o do \u00fanico Corpo de Cristo. Pelo batismo, cada crist\u00e3o torna-se um disc\u00edpulo mission\u00e1rio que se coloca ao servi\u00e7o da edifica\u00e7\u00e3o do Povo Santo de Deus, sabendo que a nossa comunh\u00e3o e unidade se constituem como testemunho mission\u00e1rio da beleza de viver em Igreja. Por isso, a reflex\u00e3o e medita\u00e7\u00e3o da Liturgia deste Domingo poder\u00e1 ser acompanhada do convite \u00e0 participa\u00e7\u00e3o de todos na vida da Igreja na totalidade dos seus \u00e2mbitos, n\u00e3o s\u00f3 nos minist\u00e9rios e servi\u00e7os da comunidade paroquial, mas tamb\u00e9m no testemunho crist\u00e3o no mundo, lugar fundamental de corresponsabilidade e miss\u00e3o.&#8221;\u00a0 \u00a0<em>In Voz Portucalense<\/em><\/p>\n<p><strong>C\u00e2nticos para o Domingo III do Tempo Comum ( Oitav\u00e1rio de Ora\u00e7\u00e3o pela Unidade dos Crist\u00e3os e Domingo da Palavra de Deus) \u2013 Ano C (<a href=\"https:\/\/www.liturgia.pt\/liturgiadiaria\/dia.php?data=2025-1-26\">liturgia<\/a>)<\/strong><\/p>\n<ul>\n<li>Entrada: <a href=\"http:\/\/coro.paroquiabaixadabanheira.org\/reportorio\/entrada\/cantai.ao.senhor.pdf\">Cantai ao Senhor um c\u00e2ntico novo<\/a><\/li>\n<li>Acto Penitencial:\u00a0<a href=\"http:\/\/coro.paroquiabaixadabanheira.org\/reportorio\/penitencial\/kyrie.VIII.jan.pdf\">Kyrie Eleison (Jan)<\/a>\u00a0ou\u00a0<a href=\"http:\/\/coro.paroquiabaixadabanheira.org\/reportorio\/penitencial\/senhor.misericordia.missal.pdf\">Senhor miseric\u00f3rdia (melodia do missal)<\/a><\/li>\n<li>Salmo: 18B\u00a0<em>(19) \u201c<a href=\"https:\/\/www.liturgia.pt\/multimedia\/mp3\/SalmosResponsoriais\/137_TC_C_3Dom-AsVossasPalavras.mp3\">As vossas palavras, Senhor, s\u00e3o espirito e vida<\/a>\u201d<\/em><\/li>\n<li>Aclama\u00e7\u00e3o ao Evangelho:\u00a0<a href=\"http:\/\/coro.paroquiabaixadabanheira.org\/reportorio\/aclama\/aleluia.vitor.pereira.pdf\">Aleluia (Vitor Pereira)<\/a> <strong>\u201cO Senhor enviou-me a anunciar a boa nova aos pobres, a proclamar aos cativos a reden\u00e7\u00e3o. \u201d<\/strong><\/li>\n<li>Apresenta\u00e7\u00e3o dos Dons: <a href=\"http:\/\/coro.paroquiabaixadabanheira.org\/reportorio\/ofertorio\/o.senhor.me.enviou.pdf\">O Senhor me enviou<\/a>\u00a0<\/li>\n<li>Santo:\u00a0<a href=\"http:\/\/coro.paroquiabaixadabanheira.org\/reportorio\/santo\/santo.cartageno2.pdf\">Santo Cartageno 2<\/a><\/li>\n<li>Fra\u00e7\u00e3o do P\u00e3o:\u00a0<a href=\"http:\/\/coro.paroquiabaixadabanheira.org\/reportorio\/cordeiro\/cordeiro.de.deus.fernande.silva.pdf\">Cordeiro (Fernandes Silva)<\/a><\/li>\n<li>Comunh\u00e3o: <a href=\"http:\/\/coro.paroquiabaixadabanheira.org\/reportorio\/comunhao\/aproximai.vos.do.senhor.pdf\">Aproximai-vos do Senhor<\/a><\/li>\n<li>Ac\u00e7\u00e3o de Gra\u00e7as: <a href=\"http:\/\/coro.paroquiabaixadabanheira.org\/reportorio\/diversos\/peregrinos.de.esperanca.hino.do.jubileu.2025.pdf\">Peregrinos da Esperan\u00e7a \u2013 Hino Jubileu 2025<\/a> ou \u00a0<a href=\"http:\/\/coro.paroquiabaixadabanheira.org\/reportorio\/final\/a.palavra.de.deus.esteja.sempre.pdf\">A palavra de Deus esteja sempre<\/a><\/li>\n<li>Final: <a title=\"Taiz\u00e9\" href=\"http:\/\/coro.paroquiabaixadabanheira.org\/reportorio\/palavra\/a.tua.palavra.senhor.pdf\">A tua palavra Senhor<\/a><\/li>\n<\/ul>\n<p>Trazer:<\/p>\n<ul>\n<li><a href=\"http:\/\/coro.paroquiabaixadabanheira.org\/reportorio\/santo\/santo.f.silva.jan.pdf\">Santo F. Silva 2<\/a><\/li>\n<\/ul>\n\n\n<p><\/p>\n","protected":false},"excerpt":{"rendered":"<p>&#8220;A Liturgia da Palavra deste Domingo \u00e9 um forte apelo \u00e0 reflex\u00e3o sobre a corresponsabilidade de todos os batizados, na certeza de que a unidade se constr\u00f3i na diversidade de dons, minist\u00e9rios e servi\u00e7os que concorrem para a edifica\u00e7\u00e3o do &hellip;<\/p>\n<p class=\"read-more\"> <a class=\"more-link\" href=\"https:\/\/coro.paroquiabaixadabanheira.org\/?p=4672\"> <span class=\"screen-reader-text\">Domingo III do Tempo Comum (Domingo da Palavra de Deus)<\/span> Read More &raquo;<\/a><\/p>\n","protected":false},"author":3,"featured_media":0,"comment_status":"open","ping_status":"open","sticky":false,"template":"","format":"standard","meta":{"footnotes":""},"categories":[1],"tags":[],"class_list":["post-4672","post","type-post","status-publish","format-standard","hentry","category-uncategorized"],"_links":{"self":[{"href":"https:\/\/coro.paroquiabaixadabanheira.org\/index.php?rest_route=\/wp\/v2\/posts\/4672","targetHints":{"allow":["GET"]}}],"collection":[{"href":"https:\/\/coro.paroquiabaixadabanheira.org\/index.php?rest_route=\/wp\/v2\/posts"}],"about":[{"href":"https:\/\/coro.paroquiabaixadabanheira.org\/index.php?rest_route=\/wp\/v2\/types\/post"}],"author":[{"embeddable":true,"href":"https:\/\/coro.paroquiabaixadabanheira.org\/index.php?rest_route=\/wp\/v2\/users\/3"}],"replies":[{"embeddable":true,"href":"https:\/\/coro.paroquiabaixadabanheira.org\/index.php?rest_route=%2Fwp%2Fv2%2Fcomments&post=4672"}],"version-history":[{"count":2,"href":"https:\/\/coro.paroquiabaixadabanheira.org\/index.php?rest_route=\/wp\/v2\/posts\/4672\/revisions"}],"predecessor-version":[{"id":4674,"href":"https:\/\/coro.paroquiabaixadabanheira.org\/index.php?rest_route=\/wp\/v2\/posts\/4672\/revisions\/4674"}],"wp:attachment":[{"href":"https:\/\/coro.paroquiabaixadabanheira.org\/index.php?rest_route=%2Fwp%2Fv2%2Fmedia&parent=4672"}],"wp:term":[{"taxonomy":"category","embeddable":true,"href":"https:\/\/coro.paroquiabaixadabanheira.org\/index.php?rest_route=%2Fwp%2Fv2%2Fcategories&post=4672"},{"taxonomy":"post_tag","embeddable":true,"href":"https:\/\/coro.paroquiabaixadabanheira.org\/index.php?rest_route=%2Fwp%2Fv2%2Ftags&post=4672"}],"curies":[{"name":"wp","href":"https:\/\/api.w.org\/{rel}","templated":true}]}}