{"id":4696,"date":"2025-02-27T00:14:59","date_gmt":"2025-02-27T00:14:59","guid":{"rendered":"https:\/\/coro.paroquiabaixadabanheira.org\/?p=4696"},"modified":"2025-02-27T00:14:59","modified_gmt":"2025-02-27T00:14:59","slug":"domingo-viii-do-tempo-comum-6","status":"publish","type":"post","link":"https:\/\/coro.paroquiabaixadabanheira.org\/?p=4696","title":{"rendered":"Domingo VIII do Tempo Comum"},"content":{"rendered":"<p>&#8220;A Liturgia da Palavra deste Domingo \u00e9 o convite a olhar com realismo a nossa vida, eliminando a presun\u00e7\u00e3o que nos impede de ver os nossos defeitos e fraquezas, mas tamb\u00e9m o pessimismo que nos impede de ver o bem que as nossas vidas podem gerar. Portanto, \u00e9 necess\u00e1rio treinar o olhar, isto \u00e9, aprender a ver a realidade com o olhar de Jesus, para que a nossa vida, iluminada por este olhar transformador se liberte dos argueiros e traves que nos impedem de caminhar com seguran\u00e7a.&#8221;\u00a0 <em>In Voz Portucalense<\/em><\/p>\n<p><strong>ATEN\u00c7\u00c3O:<\/strong> O ensaio ser\u00e1 s\u00e1bado, dia 1 de Mar\u00e7o \u00e1s 21h.<\/p>\n<p><strong>C\u00e2nticos para o Domingo VIII do Tempo Comum \u2013 Ano C (<\/strong><a href=\"https:\/\/www.liturgia.pt\/liturgiadiaria\/dia.php?data=2025-3-2\"><strong>liturgia<\/strong><\/a><strong>)<\/strong><\/p>\n<ul>\n<li>Entrada: <a href=\"http:\/\/coro.paroquiabaixadabanheira.org\/reportorio\/entrada\/meu.senhor.eu.vos.amo.pdf\">Meu Senhor Eu Vos Amo<\/a><\/li>\n<li>Acto Penitencial:\u00a0<a href=\"http:\/\/coro.paroquiabaixadabanheira.org\/reportorio\/penitencial\/kyrie.VIII.jan.pdf\">Kyrie Eleison (Jan)<\/a>\u00a0ou\u00a0<a href=\"http:\/\/coro.paroquiabaixadabanheira.org\/reportorio\/penitencial\/senhor.misericordia.missal.pdf\">Senhor miseric\u00f3rdia (melodia do missal)<\/a><\/li>\n<li>Salmo: 91 <em>(92) <a href=\"https:\/\/www.liturgia.pt\/multimedia\/mp3\/SalmosResponsoriais\/142_TC_C_8Dom-EBomLouvar-vos.mp3\">\u201c\u00c9 bom louvar-Vos, Senhor\u201d<\/a><\/em><\/li>\n<li>Aclama\u00e7\u00e3o ao Evangelho:\u00a0<a href=\"http:\/\/coro.paroquiabaixadabanheira.org\/reportorio\/aclama\/aleluia.manuel.simoes.pdf\">Aleluia (Manuel Sim\u00f5es)<\/a>\u00a0<strong>\u201cV\u00f3s brilhais como estrelas no mundo, ostentando a palavra da vida.\u201d<\/strong><\/li>\n<li>Apresenta\u00e7\u00e3o dos Dons: Salmo 36(37) A boca do Justo proclama a sabedoria. P\u00e1g.428<\/li>\n<li>Santo:\u00a0<a href=\"http:\/\/coro.paroquiabaixadabanheira.org\/reportorio\/santo\/santo.cartageno2.pdf\">Santo Cartageno 2<\/a><\/li>\n<li>Fra\u00e7\u00e3o do P\u00e3o:\u00a0<a href=\"http:\/\/coro.paroquiabaixadabanheira.org\/reportorio\/cordeiro\/cordeiro.de.deus.fernande.silva.pdf\">Cordeiro (Fernandes Silva)<\/a><\/li>\n<li>Comunh\u00e3o: <a href=\"http:\/\/coro.paroquiabaixadabanheira.org\/reportorio\/comunhao\/cantarei.ao.senhor.pelos.bens.pdf\">Cantarei ao Senhor pelos bens<\/a><\/li>\n<li>Ac\u00e7\u00e3o de Gra\u00e7as: <a style=\"font-size: 1em;\" href=\"http:\/\/coro.paroquiabaixadabanheira.org\/reportorio\/diversos\/peregrinos.de.esperanca.hino.do.jubileu.2025.pdf\">Peregrinos da Esperan\u00e7a \u2013 Hino Jubileu 2025<\/a><\/li>\n<li><a href=\"http:\/\/coro.paroquiabaixadabanheira.org\/reportorio\/gracas\/onde.a.caridade.e.amor.pdf\">\u00a0<\/a>Final: <a href=\"http:\/\/coro.paroquiabaixadabanheira.org\/reportorio\/final\/em.todo.tempo.lugar.pdf\">Em todo o tempo e lugar eu bendirei<\/a><\/li>\n<\/ul>\n<p>Trazer:<\/p>\n<ul>\n<li><a href=\"http:\/\/coro.paroquiabaixadabanheira.org\/reportorio\/ofertorio\/dai.gracas.ao.senhor.pdf\">Dai gra\u00e7as ao senhor porque \u00e9 eterna<\/a><\/li>\n<li><a href=\"http:\/\/coro.paroquiabaixadabanheira.org\/reportorio\/santo\/santo.f.silva.jan.pdf\">Santo F. Silva 2<\/a><\/li>\n<\/ul>\n","protected":false},"excerpt":{"rendered":"<p>&#8220;A Liturgia da Palavra deste Domingo \u00e9 o convite a olhar com realismo a nossa vida, eliminando a presun\u00e7\u00e3o que nos impede de ver os nossos defeitos e fraquezas, mas tamb\u00e9m o pessimismo que nos impede de ver o bem &hellip;<\/p>\n<p class=\"read-more\"> <a class=\"more-link\" href=\"https:\/\/coro.paroquiabaixadabanheira.org\/?p=4696\"> <span class=\"screen-reader-text\">Domingo VIII do Tempo Comum<\/span> Read More &raquo;<\/a><\/p>\n","protected":false},"author":3,"featured_media":0,"comment_status":"open","ping_status":"open","sticky":false,"template":"","format":"standard","meta":{"footnotes":""},"categories":[1],"tags":[],"class_list":["post-4696","post","type-post","status-publish","format-standard","hentry","category-uncategorized"],"_links":{"self":[{"href":"https:\/\/coro.paroquiabaixadabanheira.org\/index.php?rest_route=\/wp\/v2\/posts\/4696","targetHints":{"allow":["GET"]}}],"collection":[{"href":"https:\/\/coro.paroquiabaixadabanheira.org\/index.php?rest_route=\/wp\/v2\/posts"}],"about":[{"href":"https:\/\/coro.paroquiabaixadabanheira.org\/index.php?rest_route=\/wp\/v2\/types\/post"}],"author":[{"embeddable":true,"href":"https:\/\/coro.paroquiabaixadabanheira.org\/index.php?rest_route=\/wp\/v2\/users\/3"}],"replies":[{"embeddable":true,"href":"https:\/\/coro.paroquiabaixadabanheira.org\/index.php?rest_route=%2Fwp%2Fv2%2Fcomments&post=4696"}],"version-history":[{"count":1,"href":"https:\/\/coro.paroquiabaixadabanheira.org\/index.php?rest_route=\/wp\/v2\/posts\/4696\/revisions"}],"predecessor-version":[{"id":4697,"href":"https:\/\/coro.paroquiabaixadabanheira.org\/index.php?rest_route=\/wp\/v2\/posts\/4696\/revisions\/4697"}],"wp:attachment":[{"href":"https:\/\/coro.paroquiabaixadabanheira.org\/index.php?rest_route=%2Fwp%2Fv2%2Fmedia&parent=4696"}],"wp:term":[{"taxonomy":"category","embeddable":true,"href":"https:\/\/coro.paroquiabaixadabanheira.org\/index.php?rest_route=%2Fwp%2Fv2%2Fcategories&post=4696"},{"taxonomy":"post_tag","embeddable":true,"href":"https:\/\/coro.paroquiabaixadabanheira.org\/index.php?rest_route=%2Fwp%2Fv2%2Ftags&post=4696"}],"curies":[{"name":"wp","href":"https:\/\/api.w.org\/{rel}","templated":true}]}}