{"id":4698,"date":"2025-02-27T01:30:36","date_gmt":"2025-02-27T01:30:36","guid":{"rendered":"https:\/\/coro.paroquiabaixadabanheira.org\/?p=4698"},"modified":"2025-02-27T01:30:37","modified_gmt":"2025-02-27T01:30:37","slug":"quarta-feira-de-cinzas-inicio-da-quaresma-8","status":"publish","type":"post","link":"https:\/\/coro.paroquiabaixadabanheira.org\/?p=4698","title":{"rendered":"Quarta-Feira de Cinzas \u2013 In\u00edcio da Quaresma"},"content":{"rendered":"<p>O ensaio para a liturgia de Quarta-Feira de Cinzas ser\u00e1 s\u00e1bado, dia 1 de Mar\u00e7o \u00e0 mesma hora.<\/p>\n<p><em>Na mensagem para a Quaresma deste ano intitulada <\/em><strong><em>&#8220;Caminhemos juntos na esperan\u00e7a&#8221;, Francisco recorda que &#8220;caminhar juntos, ser sinodal, \u00e9 esta a voca\u00e7\u00e3o da Igreja. Os crist\u00e3os s\u00e3o chamados a percorrer o caminho em conjunto, jamais como viajantes solit\u00e1rios. O Esp\u00edrito Santo impele-nos a sair de n\u00f3s mesmos para ir ao encontro de Deus e dos nossos irm\u00e3os, e nunca a fechar-nos em n\u00f3s mesmos&#8221;. <\/em><\/strong><em>in Vaticannews<\/em><\/p>\n<p class=\"p1\"><span class=\"s1\">&#8220;O Papa Francisco apresentou a mensagem para a Quaresma deste ano, escrita antes do seu internamento, em que prop\u00f5e um exame de consci\u00eancia baseado em tr\u00eas etapas fundamentais:<\/span><span id=\"more-8173\"><\/span><\/p>\n<p class=\"p3\"><span class=\"s1\">1.\u00a0<\/span><span class=\"s2\">Caminhar<\/span><span class=\"s1\">\u00a0\u2013 Cada pessoa deve questionar-se sobre o seu percurso de vida: est\u00e1 realmente em movimento ou permanece estagnada? \u00c9 um convite a sair da zona de conforto e a procurar liberta\u00e7\u00e3o das situa\u00e7\u00f5es de pecado e indignidade. O Papa sugere que nos confrontemos com a realidade dos migrantes e peregrinos para melhor compreendermos o que Deus nos pede.<\/span><\/p>\n<p class=\"p3\"><span class=\"s1\">2.\u00a0<\/span><span class=\"s2\">Caminhar juntos<\/span><span class=\"s1\">\u00a0\u2013 A reflex\u00e3o passa para a dimens\u00e3o comunit\u00e1ria: somos capazes de escutar os outros, colaborar e acolher aqueles que se aproximam de n\u00f3s? O desafio \u00e9 evitar o ego\u00edsmo e promover um esp\u00edrito de comunh\u00e3o nas fam\u00edlias, locais de trabalho e comunidades religiosas.<\/span><\/p>\n<p class=\"p3\"><span class=\"s1\">3.\u00a0<\/span><span class=\"s2\">Caminhar juntos na esperan\u00e7a<\/span><span class=\"s1\">\u00a0\u2013 O Papa questiona a nossa rela\u00e7\u00e3o com Deus: acreditamos verdadeiramente no Seu perd\u00e3o e na salva\u00e7\u00e3o? A esperan\u00e7a deve traduzir-se num compromisso concreto com a justi\u00e7a, a fraternidade e o cuidado da cria\u00e7\u00e3o, garantindo que ningu\u00e9m seja exclu\u00eddo.<\/span><\/p>\n<p class=\"p3\"><span class=\"s1\">Esta mensagem apresenta-se como uma proposta clara e incisiva para um tempo de reflex\u00e3o e renova\u00e7\u00e3o espiritual durante a Quaresma.&#8221; <em>in Diocese da Guarda<\/em><\/span><\/p>\n<p>Deixo-vos aqui o link da mensagem completa do Papa Francisco para a Quaresma \u2013\u00a0<a href=\"https:\/\/www.vatican.va\/content\/francesco\/pt\/messages\/lent\/documents\/20250206-messaggio-quaresima2025.html\">Ler mais<\/a><\/p>\n<p>Breve coment\u00e1rio e escrutino da mensagem da Quaresma do Papa \u2013\u00a0<a href=\"https:\/\/www.vaticannews.va\/pt\/papa\/news\/2024-02\/papa-francisco-mensagem-quaresma-2024-tempo-conversao-liberdade.html\">Ler mais<\/a><\/p>\n<p>\u201cCaducidade: eis o que significa a cinza. A nossa caducidade, n\u00e3o a dos outros. A nossa; a minha! Do meu passamento \u00e9 que ela me fala, quando o sacerdote no in\u00edcio da Quaresma, com a cinza dos ramos, um dia frescos e verdes do \u00faltimo Domingo de Ramos, me desenha na fronte o sinal da cruz, dizendo\u00a0<em>\u201clembra-te, \u00f3 homem, que \u00e9s p\u00f3 e em p\u00f3 te h\u00e1s de tornar\u201d<\/em>.Tudo se torna cinza. A minha casa, a minha roupa, os meus m\u00f3veis, o meu dinheiro; campos, prados, bosques. O c\u00e3o que me acompanha e o animal que est\u00e1 no curral. A m\u00e3o com que escrevo, o olho que l\u00ea, e todo o meu corpo. As pessoas que amei; aquelas que odiei e as que temi. O que me pareceu grande sobre a terra, o que me pareceu pequeno, o que considerei desprez\u00edvel \u2013 tudo cinza, tudo\u2026\u201d\u00a0 \u00a0<em>In Arquidiocese de Braga<\/em><\/p>\n<p><strong>C\u00e2nticos para a Quarta-Feira de Cinzas \u2013 Ano C (<\/strong><a href=\"https:\/\/www.liturgia.pt\/liturgiadiaria\/dia.php?data=2025-3-5\"><strong>liturgia<\/strong><\/a><strong>)<\/strong><\/p>\n<ul>\n<li>Entrada:\u00a0<a href=\"http:\/\/coro.paroquiabaixadabanheira.org\/reportorio\/quaresma\/olhai.para.mim.senhor.pdf\">Olhai para mim Senhor<\/a><\/li>\n<li>Salmo: 50<em>\u00a0(51)<\/em>\u00a0<a href=\"http:\/\/www.liturgia.pt\/multimedia\/mp3\/SalmosResponsoriais\/014_ABC_Cinzas.mp3\"><em>\u201cPec\u00e1mos, Senhor: tende compaix\u00e3o de n\u00f3s.\u201d<\/em><\/a><\/li>\n<li>Aclama\u00e7\u00e3o ao Evangelho:\u00a0<a href=\"http:\/\/coro.paroquiabaixadabanheira.org\/reportorio\/aclama\/louvor.a.vos.m.luis.pdf\">Louvor a V\u00f3s (M.Luis)<\/a>\u00a0\u00a0<strong>\u201cSe hoje ouvirdes a voz do Senhor,\u00a0n\u00e3o fecheis os vossos cora\u00e7\u00f5es.\u201d<\/strong><\/li>\n<li>S\u00faplica de Perd\u00e3o: <a href=\"http:\/\/coro.paroquiabaixadabanheira.org\/reportorio\/penitencial\/senhor.tende.piedade.2.pdf\">Senhor, Tende Piedade\u00a0(Tom\u00e1s de Aragues)<\/a><\/li>\n<li>Imposi\u00e7\u00e3o das Cinzas:\u00a0<a href=\"http:\/\/coro.paroquiabaixadabanheira.org\/reportorio\/penitencial\/tende.compaixao.pdf\">Tende Compaix\u00e3o<\/a><\/li>\n<li>Imposi\u00e7\u00e3o das Cinzas:\u00a0<a href=\"http:\/\/coro.paroquiabaixadabanheira.org\/reportorio\/quaresma\/convertei.vos.ao.senhor.pdf\">Convertei-vos ao Senhor<\/a><\/li>\n<li>Imposi\u00e7\u00e3o das Cinzas:\u00a0<a href=\"http:\/\/coro.paroquiabaixadabanheira.org\/reportorio\/quaresma\/perdoa.o.teu.povo.az.oliveira.pdf\">Perdoa o teu povo<\/a><\/li>\n<li>Ora\u00e7\u00e3o dos Fi\u00e9is:\u00a0<a href=\"http:\/\/coro.paroquiabaixadabanheira.org\/reportorio\/aclamacao\/oracao.universal.pdf\">Respostas<\/a>\u00a0(numero 14)<\/li>\n<li>Apresenta\u00e7\u00e3o dos Dons:\u00a0<a href=\"http:\/\/coro.paroquiabaixadabanheira.org\/reportorio\/quaresma\/chegaram.os.dias.pdf\">Chegaram os dias de penit\u00eancia<\/a><\/li>\n<li>Santo:\u00a0<a href=\"http:\/\/coro.paroquiabaixadabanheira.org\/reportorio\/santo\/santo.a.l.webber.pdf\">Santo\u00a0(A. Webber)<\/a><\/li>\n<li>Cordeiro:\u00a0<a href=\"http:\/\/coro.paroquiabaixadabanheira.org\/reportorio\/cordeiro\/cordeiro.aragues.pdf\">Cordeiro (Aragues)<\/a><\/li>\n<li>Comunh\u00e3o:\u00a0<a href=\"http:\/\/coro.paroquiabaixadabanheira.org\/reportorio\/quaresma\/aquele.que.meditar.pdf\">Aquele que meditar dia e noite<\/a><\/li>\n<li>Ac\u00e7\u00e3o de Gra\u00e7as:\u00a0<a href=\"http:\/\/coro.paroquiabaixadabanheira.org\/reportorio\/quaresma\/do.abismo.em.que.vivo.pdf\">Do abismo em que vivo<\/a>\u00a0ou\u00a0<a href=\"http:\/\/coro.paroquiabaixadabanheira.org\/reportorio\/quaresma\/senhor.atendei.o.nosso.clamor.pdf\">Senhor atendei o nosso clamor<\/a><\/li>\n<li>Final:\u00a0<a href=\"http:\/\/coro.paroquiabaixadabanheira.org\/reportorio\/quaresma\/irmaos.convertei.pdf\">Irm\u00e3os, Convertei<\/a><\/li>\n<\/ul>\n\n\n<p><\/p>\n","protected":false},"excerpt":{"rendered":"<p>O ensaio para a liturgia de Quarta-Feira de Cinzas ser\u00e1 s\u00e1bado, dia 1 de Mar\u00e7o \u00e0 mesma hora. Na mensagem para a Quaresma deste ano intitulada &#8220;Caminhemos juntos na esperan\u00e7a&#8221;, Francisco recorda que &#8220;caminhar juntos, ser sinodal, \u00e9 esta a &hellip;<\/p>\n<p class=\"read-more\"> <a class=\"more-link\" href=\"https:\/\/coro.paroquiabaixadabanheira.org\/?p=4698\"> <span class=\"screen-reader-text\">Quarta-Feira de Cinzas \u2013 In\u00edcio da Quaresma<\/span> Read More &raquo;<\/a><\/p>\n","protected":false},"author":3,"featured_media":0,"comment_status":"open","ping_status":"open","sticky":false,"template":"","format":"standard","meta":{"footnotes":""},"categories":[1],"tags":[],"class_list":["post-4698","post","type-post","status-publish","format-standard","hentry","category-uncategorized"],"_links":{"self":[{"href":"https:\/\/coro.paroquiabaixadabanheira.org\/index.php?rest_route=\/wp\/v2\/posts\/4698","targetHints":{"allow":["GET"]}}],"collection":[{"href":"https:\/\/coro.paroquiabaixadabanheira.org\/index.php?rest_route=\/wp\/v2\/posts"}],"about":[{"href":"https:\/\/coro.paroquiabaixadabanheira.org\/index.php?rest_route=\/wp\/v2\/types\/post"}],"author":[{"embeddable":true,"href":"https:\/\/coro.paroquiabaixadabanheira.org\/index.php?rest_route=\/wp\/v2\/users\/3"}],"replies":[{"embeddable":true,"href":"https:\/\/coro.paroquiabaixadabanheira.org\/index.php?rest_route=%2Fwp%2Fv2%2Fcomments&post=4698"}],"version-history":[{"count":2,"href":"https:\/\/coro.paroquiabaixadabanheira.org\/index.php?rest_route=\/wp\/v2\/posts\/4698\/revisions"}],"predecessor-version":[{"id":4700,"href":"https:\/\/coro.paroquiabaixadabanheira.org\/index.php?rest_route=\/wp\/v2\/posts\/4698\/revisions\/4700"}],"wp:attachment":[{"href":"https:\/\/coro.paroquiabaixadabanheira.org\/index.php?rest_route=%2Fwp%2Fv2%2Fmedia&parent=4698"}],"wp:term":[{"taxonomy":"category","embeddable":true,"href":"https:\/\/coro.paroquiabaixadabanheira.org\/index.php?rest_route=%2Fwp%2Fv2%2Fcategories&post=4698"},{"taxonomy":"post_tag","embeddable":true,"href":"https:\/\/coro.paroquiabaixadabanheira.org\/index.php?rest_route=%2Fwp%2Fv2%2Ftags&post=4698"}],"curies":[{"name":"wp","href":"https:\/\/api.w.org\/{rel}","templated":true}]}}