{"id":4701,"date":"2025-03-05T22:59:00","date_gmt":"2025-03-05T22:59:00","guid":{"rendered":"https:\/\/coro.paroquiabaixadabanheira.org\/?p=4701"},"modified":"2025-03-05T22:59:00","modified_gmt":"2025-03-05T22:59:00","slug":"domingo-i-da-quaresma-15","status":"publish","type":"post","link":"https:\/\/coro.paroquiabaixadabanheira.org\/?p=4701","title":{"rendered":"Domingo I da Quaresma"},"content":{"rendered":"<p>&#8220;Outra vez Quaresma. Outra vez o jejum, a ora\u00e7\u00e3o e a esmola. A Quaresma \u00e9 um tempo de suspens\u00e3o, que nos permite recentrar no n\u00facleo fundamental da f\u00e9 crist\u00e3. Assim, Quaresma \u00e9 uma hip\u00f3tese, \u00e9 uma possibilidade, que nos permite reconfigurar com Cristo que \u00e9 pobre, puro de cora\u00e7\u00e3o e obediente ao Pai. Por isso, n\u00e3o entendemos a Quaresma apenas como uma repeti\u00e7\u00e3o, mas como uma possibilidade que nos permite colocar perguntas-chaves que v\u00e3o favorecer o renascimento do que somos, reorientando os nossos passos: da incerteza \u00e0 docilidade ao Esp\u00edrito. A vida espiritual precisa dos recome\u00e7os, precisa dos impulsos, e de viagens interiores.&#8221;\u00a0 \u00a0 \u00a0 \u00a0 \u00a0<em>In Arquidiocese de Braga<\/em><\/p>\n<p>&#8220;No primeiro Domingo da Quaresma somos convidados a ir com Jesus ao deserto e contemplamos as diversas tenta\u00e7\u00f5es. Tamb\u00e9m n\u00f3s somos sujeitos a diversas tenta\u00e7\u00f5es quotidianas e pela nossa fragilidade nem sempre somos capazes de como Jesus resistir \u00e0 tenta\u00e7\u00e3o pela for\u00e7a da Palavra de Deus. Tendo em conta a fragilidade da nossa vida e o especial desafio \u00e0 convers\u00e3o que a Quaresma prop\u00f5e&#8221;\u00a0 \u00a0 \u00a0<em>In Voz Portucalense<\/em><\/p>\n<p><strong>C\u00e2nticos para o I Domingo da Quaresma \u2013 Ano C (<\/strong><a href=\"https:\/\/www.liturgia.pt\/liturgiadiaria\/dia.php?data=2025-3-9\"><strong>liturgia<\/strong><\/a><strong>)<\/strong><\/p>\n<ul>\n<li>Entrada:\u00a0<a href=\"http:\/\/coro.paroquiabaixadabanheira.org\/reportorio\/entrada\/diz.o.senhor.nosso.deus.pdf\">Diz o Senhor nosso Deus<\/a><\/li>\n<li>Acto Penitencial:\u00a0<a href=\"http:\/\/coro.paroquiabaixadabanheira.org\/reportorio\/penitencial\/kyrie.eleison.quaresma.silvio.vicente.pdf\">Kyrie Eleison \u2013 Quaresma (S\u00edlvio Vicente)<\/a><\/li>\n<li>Salmo: 90 <em>(91)<\/em>\u00a0<a href=\"https:\/\/www.liturgia.pt\/multimedia\/mp3\/SalmosResponsoriais\/124_Qua01CIDom-EstaiComigo.mp3\"><em>\u201cEstai comigo, Senhor, no meio da adversidade.\u201d<\/em><\/a><\/li>\n<li>Aclama\u00e7\u00e3o ao Evangelho: <a href=\"http:\/\/coro.paroquiabaixadabanheira.org\/reportorio\/aclama\/gloria.a.vos.ferreira.dos.santos.pdf\">Gl\u00f3ria a\u00a0V\u00f3s, Cristo F. Santos<\/a>\u00a0<strong>\u201cNem s\u00f3 de p\u00e3o vive o homem, mas de toda a palavra que sai da boca de Deus.\u201d<\/strong><\/li>\n<li>Inscri\u00e7\u00e3o do nome dos Catec\u00famenos:\u00a0<a href=\"http:\/\/coro.paroquiabaixadabanheira.org\/reportorio\/final\/nao.fostes.vos.que.me.escolhestes.pdf\">N\u00e3o fostes V\u00f3s que me escolhestes<\/a><\/li>\n<li>Apresenta\u00e7\u00e3o dos Dons: <a href=\"http:\/\/coro.paroquiabaixadabanheira.org\/reportorio\/comunhao\/cre.em.jesus.pdf\">Cr\u00ea em Jesus e ser\u00e1s salvo<\/a><\/li>\n<li>Santo:\u00a0<a href=\"http:\/\/coro.paroquiabaixadabanheira.org\/reportorio\/santo\/santo.a.l.webber.pdf\">Santo\u00a0(A. Webber)<\/a><\/li>\n<li>Cordeiro:\u00a0<a href=\"http:\/\/coro.paroquiabaixadabanheira.org\/reportorio\/cordeiro\/cordeiro.aragues.pdf\">Cordeiro (Aragues)<\/a><\/li>\n<li>Comunh\u00e3o:\u00a0<a href=\"http:\/\/coro.paroquiabaixadabanheira.org\/reportorio\/comunhao\/nem.so.de.pao.vive.o.homem.pdf\">Nem s\u00f3 de p\u00e3o vive o homem<\/a><\/li>\n<li>Ac\u00e7\u00e3o de Gra\u00e7as:\u00a0<a href=\"http:\/\/coro.paroquiabaixadabanheira.org\/reportorio\/quaresma\/do.abismo.em.que.vivo.pdf\">Do abismo em que vivo<\/a> ou <a href=\"http:\/\/coro.paroquiabaixadabanheira.org\/reportorio\/quaresma\/perdoa.o.teu.povo.az.oliveira.pdf\">Perdoa o teu povo<\/a><\/li>\n<li>Final:\u00a0<a href=\"http:\/\/coro.paroquiabaixadabanheira.org\/reportorio\/quaresma\/senhor.atendei.o.nosso.clamor.pdf\">Senhor atendei o nosso clamor<\/a> ou <a href=\"http:\/\/coro.paroquiabaixadabanheira.org\/reportorio\/quaresma\/irmaos.convertei.pdf\">Irm\u00e3os, Convertei<\/a><\/li>\n<\/ul>\n<p>Trazer:<\/p>\n<ul>\n<li><a href=\"http:\/\/coro.paroquiabaixadabanheira.org\/reportorio\/quaresma\/da.morte.e.do.pecado.libertai.nos.vitorpereira.pdf\">Da morte e do pecado libertai-nos<\/a><\/li>\n<li><a href=\"http:\/\/coro.paroquiabaixadabanheira.org\/reportorio\/quaresma\/benigno.criador.azevedo.oliveira.pdf\">Benigno Criador<\/a><\/li>\n<\/ul>\n\n\n<p><\/p>\n","protected":false},"excerpt":{"rendered":"<p>&#8220;Outra vez Quaresma. Outra vez o jejum, a ora\u00e7\u00e3o e a esmola. A Quaresma \u00e9 um tempo de suspens\u00e3o, que nos permite recentrar no n\u00facleo fundamental da f\u00e9 crist\u00e3. Assim, Quaresma \u00e9 uma hip\u00f3tese, \u00e9 uma possibilidade, que nos permite &hellip;<\/p>\n<p class=\"read-more\"> <a class=\"more-link\" href=\"https:\/\/coro.paroquiabaixadabanheira.org\/?p=4701\"> <span class=\"screen-reader-text\">Domingo I da Quaresma<\/span> Read More &raquo;<\/a><\/p>\n","protected":false},"author":3,"featured_media":0,"comment_status":"open","ping_status":"open","sticky":false,"template":"","format":"standard","meta":{"footnotes":""},"categories":[1],"tags":[],"class_list":["post-4701","post","type-post","status-publish","format-standard","hentry","category-uncategorized"],"_links":{"self":[{"href":"https:\/\/coro.paroquiabaixadabanheira.org\/index.php?rest_route=\/wp\/v2\/posts\/4701","targetHints":{"allow":["GET"]}}],"collection":[{"href":"https:\/\/coro.paroquiabaixadabanheira.org\/index.php?rest_route=\/wp\/v2\/posts"}],"about":[{"href":"https:\/\/coro.paroquiabaixadabanheira.org\/index.php?rest_route=\/wp\/v2\/types\/post"}],"author":[{"embeddable":true,"href":"https:\/\/coro.paroquiabaixadabanheira.org\/index.php?rest_route=\/wp\/v2\/users\/3"}],"replies":[{"embeddable":true,"href":"https:\/\/coro.paroquiabaixadabanheira.org\/index.php?rest_route=%2Fwp%2Fv2%2Fcomments&post=4701"}],"version-history":[{"count":2,"href":"https:\/\/coro.paroquiabaixadabanheira.org\/index.php?rest_route=\/wp\/v2\/posts\/4701\/revisions"}],"predecessor-version":[{"id":4703,"href":"https:\/\/coro.paroquiabaixadabanheira.org\/index.php?rest_route=\/wp\/v2\/posts\/4701\/revisions\/4703"}],"wp:attachment":[{"href":"https:\/\/coro.paroquiabaixadabanheira.org\/index.php?rest_route=%2Fwp%2Fv2%2Fmedia&parent=4701"}],"wp:term":[{"taxonomy":"category","embeddable":true,"href":"https:\/\/coro.paroquiabaixadabanheira.org\/index.php?rest_route=%2Fwp%2Fv2%2Fcategories&post=4701"},{"taxonomy":"post_tag","embeddable":true,"href":"https:\/\/coro.paroquiabaixadabanheira.org\/index.php?rest_route=%2Fwp%2Fv2%2Ftags&post=4701"}],"curies":[{"name":"wp","href":"https:\/\/api.w.org\/{rel}","templated":true}]}}