{"id":4714,"date":"2025-04-02T23:04:28","date_gmt":"2025-04-02T23:04:28","guid":{"rendered":"https:\/\/coro.paroquiabaixadabanheira.org\/?p=4714"},"modified":"2025-04-02T23:04:28","modified_gmt":"2025-04-02T23:04:28","slug":"domingo-v-da-quaresma-15","status":"publish","type":"post","link":"https:\/\/coro.paroquiabaixadabanheira.org\/?p=4714","title":{"rendered":"Domingo V da Quaresma"},"content":{"rendered":"<p><strong>C\u00e2nticos para o V Domingo da Quaresma \u2013 Ano A (<\/strong><a href=\"https:\/\/www.liturgia.pt\/liturgiadiaria\/dia.php?data=2023-3-26\"><strong>liturgia<\/strong><\/a><strong>)<\/strong><\/p>\n<ul>\n<li>Entrada: <a href=\"http:\/\/coro.paroquiabaixadabanheira.org\/reportorio\/quaresma\/vinde.senhor.meu.auxilio.pdf\">Vinde Senhor em meu auxilio<\/a><\/li>\n<li>Acto Penitencial:\u00a0<a href=\"http:\/\/coro.paroquiabaixadabanheira.org\/reportorio\/penitencial\/kyrie.eleison.quaresma.silvio.vicente.pdf\">Kyrie Eleison \u2013 Quaresma (S\u00edlvio Vicente)<\/a><\/li>\n<li>Salmo: 129<em>(130)<\/em>\u00a0<a href=\"http:\/\/www.liturgia.pt\/multimedia\/mp3\/SalmosResponsoriais\/015_Qua02AIIDom-Dai-nosVossaMisericordia.mp3\"><em>\u201c<\/em><\/a><em><a href=\"https:\/\/www.liturgia.pt\/multimedia\/mp3\/SalmosResponsoriais\/017_Qua04AIVDom-OSenhorMeuPastor.mp3\">\u201d<\/a><a href=\"https:\/\/www.liturgia.pt\/multimedia\/mp3\/SalmosResponsoriais\/018_Qua05AVDom-JuntoDoSenhor.mp3\">Junto do Senhor a miseric\u00f3rdia. Junto do Senhor a abund\u00e2ncia da reden\u00e7\u00e3o.\u201d<\/a><\/em><\/li>\n<li>Aclama\u00e7\u00e3o ao Evangelho: <a href=\"http:\/\/coro.paroquiabaixadabanheira.org\/reportorio\/aclama\/gloria.a.vos.ferreira.dos.santos.pdf\">Gl\u00f3ria a\u00a0V\u00f3s, Cristo F. Santos<\/a> <strong>\u201cEu sou a ressurrei\u00e7\u00e3o e a vida, diz o Senhor. Quem acredita em Mim n\u00e3o morrer\u00e1 para sempre.\u201d<\/strong><\/li>\n<li>Imposi\u00e7\u00e3o das M\u00e3os: <a href=\"http:\/\/coro.paroquiabaixadabanheira.org\/reportorio\/comunhao\/cre.em.jesus.pdf\">Cr\u00ea em Jesus e ser\u00e1s salvo<\/a><\/li>\n<li>Apresenta\u00e7\u00e3o dos Dons: <a href=\"http:\/\/coro.paroquiabaixadabanheira.org\/reportorio\/quaresma\/todo.aquele.que.vive.e.cre.em.mim.pdf\">Todo aquele que vive e cr\u00ea em Mim<\/a><\/li>\n<li>Santo:\u00a0<a href=\"http:\/\/coro.paroquiabaixadabanheira.org\/reportorio\/santo\/santo.a.l.webber.pdf\">Santo\u00a0(A. Webber)<\/a><\/li>\n<li>Cordeiro:\u00a0<a href=\"http:\/\/coro.paroquiabaixadabanheira.org\/reportorio\/cordeiro\/cordeiro.aragues.pdf\">Cordeiro (Aragues)<\/a><\/li>\n<li>Comunh\u00e3o: <a href=\"http:\/\/coro.paroquiabaixadabanheira.org\/reportorio\/quaresma\/disse.marta.a.jesus.pdf\">Disse Marta a Jesus<\/a><\/li>\n<li>Ac\u00e7\u00e3o de Gra\u00e7as: <a href=\"http:\/\/coro.paroquiabaixadabanheira.org\/reportorio\/quaresma\/eu.sou.a.ressurreicao.e.a.vida.jan.pdf\">Eu sou a ressurrei\u00e7\u00e3o e a vida<\/a><\/li>\n<li>Final: <a href=\"http:\/\/coro.paroquiabaixadabanheira.org\/reportorio\/gracas\/o.senhor.salvou.me.pdf\">O Senhor salvou-me<\/a> ou\u00a0<a href=\"http:\/\/coro.paroquiabaixadabanheira.org\/reportorio\/quaresma\/caminha.povo.de.deus2.pdf\">Caminha Povo de Deus<\/a><\/li>\n<\/ul>\n<p>Trazer:<\/p>\n<ul>\n<li><a href=\"http:\/\/coro.paroquiabaixadabanheira.org\/reportorio\/quaresma\/benigno.criador.azevedo.oliveira.pdf\">Benigno Criador<\/a><\/li>\n<li><a href=\"http:\/\/coro.paroquiabaixadabanheira.org\/reportorio\/aclama\/aleluia.pascal.coda.pdf\">Aleluia Pascal \u2013 Coda<\/a><\/li>\n<li><a href=\"http:\/\/coro.paroquiabaixadabanheira.org\/reportorio\/santo\/santo.f.silva.jan.pdf\">Santo F. Silva 2<\/a><\/li>\n<\/ul>\n","protected":false},"excerpt":{"rendered":"<p>C\u00e2nticos para o V Domingo da Quaresma \u2013 Ano A (liturgia) Entrada: Vinde Senhor em meu auxilio Acto Penitencial:\u00a0Kyrie Eleison \u2013 Quaresma (S\u00edlvio Vicente) Salmo: 129(130)\u00a0\u201c\u201dJunto do Senhor a miseric\u00f3rdia. Junto do Senhor a abund\u00e2ncia da reden\u00e7\u00e3o.\u201d Aclama\u00e7\u00e3o ao Evangelho: &hellip;<\/p>\n<p class=\"read-more\"> <a class=\"more-link\" href=\"https:\/\/coro.paroquiabaixadabanheira.org\/?p=4714\"> <span class=\"screen-reader-text\">Domingo V da Quaresma<\/span> Read More &raquo;<\/a><\/p>\n","protected":false},"author":3,"featured_media":0,"comment_status":"open","ping_status":"open","sticky":false,"template":"","format":"standard","meta":{"footnotes":""},"categories":[1],"tags":[],"class_list":["post-4714","post","type-post","status-publish","format-standard","hentry","category-uncategorized"],"_links":{"self":[{"href":"https:\/\/coro.paroquiabaixadabanheira.org\/index.php?rest_route=\/wp\/v2\/posts\/4714","targetHints":{"allow":["GET"]}}],"collection":[{"href":"https:\/\/coro.paroquiabaixadabanheira.org\/index.php?rest_route=\/wp\/v2\/posts"}],"about":[{"href":"https:\/\/coro.paroquiabaixadabanheira.org\/index.php?rest_route=\/wp\/v2\/types\/post"}],"author":[{"embeddable":true,"href":"https:\/\/coro.paroquiabaixadabanheira.org\/index.php?rest_route=\/wp\/v2\/users\/3"}],"replies":[{"embeddable":true,"href":"https:\/\/coro.paroquiabaixadabanheira.org\/index.php?rest_route=%2Fwp%2Fv2%2Fcomments&post=4714"}],"version-history":[{"count":1,"href":"https:\/\/coro.paroquiabaixadabanheira.org\/index.php?rest_route=\/wp\/v2\/posts\/4714\/revisions"}],"predecessor-version":[{"id":4715,"href":"https:\/\/coro.paroquiabaixadabanheira.org\/index.php?rest_route=\/wp\/v2\/posts\/4714\/revisions\/4715"}],"wp:attachment":[{"href":"https:\/\/coro.paroquiabaixadabanheira.org\/index.php?rest_route=%2Fwp%2Fv2%2Fmedia&parent=4714"}],"wp:term":[{"taxonomy":"category","embeddable":true,"href":"https:\/\/coro.paroquiabaixadabanheira.org\/index.php?rest_route=%2Fwp%2Fv2%2Fcategories&post=4714"},{"taxonomy":"post_tag","embeddable":true,"href":"https:\/\/coro.paroquiabaixadabanheira.org\/index.php?rest_route=%2Fwp%2Fv2%2Ftags&post=4714"}],"curies":[{"name":"wp","href":"https:\/\/api.w.org\/{rel}","templated":true}]}}