{"id":4716,"date":"2025-04-02T23:19:33","date_gmt":"2025-04-02T23:19:33","guid":{"rendered":"https:\/\/coro.paroquiabaixadabanheira.org\/?p=4716"},"modified":"2025-04-21T13:59:40","modified_gmt":"2025-04-21T13:59:40","slug":"canticos-para-a-semana-santa-19","status":"publish","type":"post","link":"https:\/\/coro.paroquiabaixadabanheira.org\/?p=4716","title":{"rendered":"C\u00e2nticos para a Semana Santa"},"content":{"rendered":"<p>Os ensaios para a Semana Santa e Vig\u00edlia Pascal ser\u00e3o \u00e1s 21H\u00a0nos dias:<\/p>\n<ul>\n<li>8, 12 de Abril<\/li>\n<li>14, 15, 16 de Abril<\/li>\n<li>Sexta-Feira Santa, dia 18 de Abril (A combinar a hora)<\/li>\n<\/ul>\n<h4>Quinta-feira Santa \u2013 Missa da Ceia do Senhor (<a href=\"https:\/\/www.liturgia.pt\/liturgiadiaria\/dia.php?data=2024-3-28\">Liturgia<\/a>)<\/h4>\n<ul>\n<li>Entrada:\u00a0<a href=\"http:\/\/coro.paroquiabaixadabanheira.org\/reportorio\/quaresma\/toda.a.nossa.gloria.pdf\">Toda a Nossa Gloria<\/a><\/li>\n<li>Momento Penitencial:\u00a0<a href=\"http:\/\/coro.paroquiabaixadabanheira.org\/reportorio\/penitencial\/kyrie.eleison.mario.soroldoni.pdf\">Kyrie Eleison (M\u00e1rio Soroldoni)<\/a><\/li>\n<li>Gl\u00f3ria:\u00a0<a href=\"http:\/\/coro.paroquiabaixadabanheira.org\/reportorio\/gloria\/gloria.2.vozes.pdf\">Gloria 2 Vozes<\/a>\u00a0ou\u00a0<a href=\"http:\/\/coro.paroquiabaixadabanheira.org\/reportorio\/gloria\/gloria.a.deus.a.cartageno.pdf\">Gloria Cartageno<\/a><\/li>\n<li>Salmo:\u00a0<em>115 (116)<\/em>\u00a0\u00a0<a href=\"http:\/\/www.liturgia.pt\/multimedia\/mp3\/SalmosResponsoriais\/021_ABC_13_5fSantaCeia-OCaliceDaBencao.mp3\">\u201d\u00a0O c\u00e1lice de b\u00ean\u00e7\u00e3o \u00e9 comunh\u00e3o do Sangue de Cristo\u201d<\/a><\/li>\n<li>Aclama\u00e7\u00e3o da Palavra:\u00a0<a href=\"http:\/\/coro.paroquiabaixadabanheira.org\/reportorio\/quaresma\/gloria.a.vos.m.luis.pdf\">Gl\u00f3ria a\u00a0V\u00f3s, \u00f3 Cristo<\/a>\u00a0<strong>\u201cDou-vos um mandamento novo, diz o Senhor: Amai-vos uns aos outros como Eu vos amei\u201d<\/strong><\/li>\n<li>Lava-P\u00e9s:\u00a0<a href=\"http:\/\/coro.paroquiabaixadabanheira.org\/reportorio\/quaresma\/douvos.um.mandamento.novo.pdf\">Dou-vos um Mandamento Novo<\/a><\/li>\n<li>Lava-P\u00e9s:\u00a0<a href=\"http:\/\/coro.paroquiabaixadabanheira.org\/reportorio\/quaresma\/o.que.eu.vos.fiz.paulo.cruz.pdf\">O que eu vos fiz<\/a>\u00a0ou\u00a0<a href=\"http:\/\/coro.paroquiabaixadabanheira.org\/reportorio\/pascoa\/se.vos.amardes.pdf\">Se Vos Amardes<\/a><\/li>\n<li>Ora\u00e7\u00e3o dos Fi\u00e9is:\u00a0<a href=\"http:\/\/coro.paroquiabaixadabanheira.org\/reportorio\/aclamacao\/oracao.universal.pdf\">Respostas<\/a><\/li>\n<li>Apresenta\u00e7\u00e3o dos Dons:\u00a0<a href=\"http:\/\/coro.paroquiabaixadabanheira.org\/reportorio\/ofertorio\/ubi.caritas2.pdf\">Ubi Caritas<\/a><\/li>\n<li>Santo:\u00a0<a href=\"http:\/\/coro.paroquiabaixadabanheira.org\/reportorio\/santo\/santo.joao.andrade.nunes.pdf\">Santo J. A. Nunes<\/a> ou\u00a0<a href=\"http:\/\/coro.paroquiabaixadabanheira.org\/reportorio\/santo\/santo.f.silva.jan.pdf\">Santo F. Silva 2<\/a><\/li>\n<li>Paz\/Cordeiro:\u00a0<a href=\"http:\/\/coro.paroquiabaixadabanheira.org\/reportorio\/cordeiro\/cordeiro.de.deus.fernando.lapa.pdf\">Cordeiro de Deus F. Lapa\u00a0<\/a>ou\u00a0<a href=\"http:\/\/coro.paroquiabaixadabanheira.org\/reportorio\/cordeiro\/cordeiro.de.deus.mario.silva.pdf\">Cordeiro de Deus M. Silva<\/a><\/li>\n<li>Comunh\u00e3o:\u00a0<a href=\"http:\/\/coro.paroquiabaixadabanheira.org\/reportorio\/comunhao\/corpo.de.jesus.e.alimento.pdf\">O Corpo de Jesus \u00e9 Alimento<\/a><\/li>\n<li>Comunh\u00e3o:\u00a0<a href=\"http:\/\/coro.paroquiabaixadabanheira.org\/reportorio\/gracas\/bendito.sejas.senhor.cartageno.pdf\">Bendito Sejas, Senhor<\/a><\/li>\n<li>Translada\u00e7\u00e3o do Sant\u00edssimo:\u00a0<a href=\"http:\/\/coro.paroquiabaixadabanheira.org\/reportorio\/diversos\/meu.deus.eu.creio.pdf\">Meu Deus eu creio<\/a><\/li>\n<li>Translada\u00e7\u00e3o do Sant\u00edssimo:\u00a0<a href=\"http:\/\/coro.paroquiabaixadabanheira.org\/reportorio\/quaresma\/pange.lingua.pdf\">Pange Lingua<\/a>\u00a0com o\u00a0<a href=\"http:\/\/coro.paroquiabaixadabanheira.org\/reportorio\/quaresma\/o.senhor.esta.connosco.refrao.pdf\">Refr\u00e3o \u2013 NOVO<\/a><\/li>\n<\/ul>\n<h4>Sexta-feira Santa \u2013 Paix\u00e3o do Senhor\u00a0(<a href=\"https:\/\/www.liturgia.pt\/liturgiadiaria\/dia.php?data=2024-3-29\">Liturgia<\/a>)<\/h4>\n<ul>\n<li>Entrada: (Em sil\u00eancio)<\/li>\n<li>Salmo:\u00a0<em>30 (31)<\/em>\u00a0<a href=\"https:\/\/www.youtube.com\/watch?v=eOdKERDABcY\">\u201cPai, em vossas m\u00e3os entrego o meu esp\u00edrito\u201d<\/a>\u00a0\u2014<a href=\"http:\/\/coro.paroquiabaixadabanheira.org\/reportorio\/salmos\/pai.em.vossas.maos.manuel.luis.jan.pdf\">Ver nova partitura aqui<\/a><\/li>\n<li>Aclama\u00e7\u00e3o da Palavra:\u00a0<a href=\"http:\/\/coro.paroquiabaixadabanheira.org\/reportorio\/quaresma\/gloria.a.vos.m.luis.pdf\">Gl\u00f3ria a\u00a0V\u00f3s, \u00f3 Cristo<\/a>\u00a0<strong>\u201cCristo obedeceu at\u00e9 \u00e0 morte e morte de cruz. Por isso Deus O exaltou e Lhe deu um nome que est\u00e1 acima de todos os nomes\u201d<\/strong><\/li>\n<li>Apresenta\u00e7\u00e3o da Cruz:\u00a0<a href=\"http:\/\/coro.paroquiabaixadabanheira.org\/reportorio\/quaresma\/adoracao.da.cruz.manuel.luis.pdf\">Eis o Madeiro da Cruz<\/a><\/li>\n<li>Adora\u00e7\u00e3o da Cruz:\u00a0<a href=\"http:\/\/coro.paroquiabaixadabanheira.org\/reportorio\/quaresma\/adoramos.senhor.a.vossa.cruz2.pdf\">Adoramos senhor a vossa cruz<\/a><\/li>\n<li>Adora\u00e7\u00e3o da Cruz:\u00a0<a href=\"http:\/\/coro.paroquiabaixadabanheira.org\/reportorio\/quaresma\/povo.meu.que.te.fiz.eu.pdf\">Povo Meu, Que Te Fiz Eu<\/a><\/li>\n<li>Adora\u00e7\u00e3o da Cruz:\u00a0<a href=\"http:\/\/coro.paroquiabaixadabanheira.org\/reportorio\/quaresma\/entregou.se.ao.sacrificio.pdf\">Entregou-se ao sacrif\u00edcio<\/a><\/li>\n<li>Colocar mais 1 ou 2 musicas para a adora\u00e7\u00e3o da cruz<\/li>\n<li>Adora\u00e7\u00e3o da Cruz:\u00a0<a href=\"http:\/\/coro.paroquiabaixadabanheira.org\/reportorio\/livros\/hossana.tu.reinaras.pdf\">Hossana!Tu Reinar\u00e1s! \u2013 NOVO<\/a><\/li>\n<li>Comunh\u00e3o:\u00a0<a href=\"http:\/\/coro.paroquiabaixadabanheira.org\/reportorio\/quaresma\/suportou.as.nossas.enfermidades.pdf\">Suportou as nossas enfermidades<\/a><\/li>\n<li>Comunh\u00e3o:\u00a0<a href=\"http:\/\/coro.paroquiabaixadabanheira.org\/reportorio\/quaresma\/jesus.cristo.amou.me.pdf\">Jesus Cristo amou-me<\/a><\/li>\n<li>Ac\u00e7\u00e3o de Gra\u00e7as:\u00a0<a href=\"http:\/\/coro.paroquiabaixadabanheira.org\/reportorio\/quaresma\/hora.de.noa.pdf\">Por Nosso Amor<\/a><\/li>\n<\/ul>\n\n\n<p><\/p>\n","protected":false},"excerpt":{"rendered":"<p>Os ensaios para a Semana Santa e Vig\u00edlia Pascal ser\u00e3o \u00e1s 21H\u00a0nos dias: 8, 12 de Abril 14, 15, 16 de Abril Sexta-Feira Santa, dia 18 de Abril (A combinar a hora) Quinta-feira Santa \u2013 Missa da Ceia do Senhor &hellip;<\/p>\n<p class=\"read-more\"> <a class=\"more-link\" href=\"https:\/\/coro.paroquiabaixadabanheira.org\/?p=4716\"> <span class=\"screen-reader-text\">C\u00e2nticos para a Semana Santa<\/span> Read More &raquo;<\/a><\/p>\n","protected":false},"author":3,"featured_media":0,"comment_status":"open","ping_status":"open","sticky":false,"template":"","format":"standard","meta":{"footnotes":""},"categories":[1],"tags":[],"class_list":["post-4716","post","type-post","status-publish","format-standard","hentry","category-uncategorized"],"_links":{"self":[{"href":"https:\/\/coro.paroquiabaixadabanheira.org\/index.php?rest_route=\/wp\/v2\/posts\/4716","targetHints":{"allow":["GET"]}}],"collection":[{"href":"https:\/\/coro.paroquiabaixadabanheira.org\/index.php?rest_route=\/wp\/v2\/posts"}],"about":[{"href":"https:\/\/coro.paroquiabaixadabanheira.org\/index.php?rest_route=\/wp\/v2\/types\/post"}],"author":[{"embeddable":true,"href":"https:\/\/coro.paroquiabaixadabanheira.org\/index.php?rest_route=\/wp\/v2\/users\/3"}],"replies":[{"embeddable":true,"href":"https:\/\/coro.paroquiabaixadabanheira.org\/index.php?rest_route=%2Fwp%2Fv2%2Fcomments&post=4716"}],"version-history":[{"count":4,"href":"https:\/\/coro.paroquiabaixadabanheira.org\/index.php?rest_route=\/wp\/v2\/posts\/4716\/revisions"}],"predecessor-version":[{"id":4738,"href":"https:\/\/coro.paroquiabaixadabanheira.org\/index.php?rest_route=\/wp\/v2\/posts\/4716\/revisions\/4738"}],"wp:attachment":[{"href":"https:\/\/coro.paroquiabaixadabanheira.org\/index.php?rest_route=%2Fwp%2Fv2%2Fmedia&parent=4716"}],"wp:term":[{"taxonomy":"category","embeddable":true,"href":"https:\/\/coro.paroquiabaixadabanheira.org\/index.php?rest_route=%2Fwp%2Fv2%2Fcategories&post=4716"},{"taxonomy":"post_tag","embeddable":true,"href":"https:\/\/coro.paroquiabaixadabanheira.org\/index.php?rest_route=%2Fwp%2Fv2%2Ftags&post=4716"}],"curies":[{"name":"wp","href":"https:\/\/api.w.org\/{rel}","templated":true}]}}