{"id":4743,"date":"2025-04-27T11:20:00","date_gmt":"2025-04-27T11:20:00","guid":{"rendered":"https:\/\/coro.paroquiabaixadabanheira.org\/?p=4743"},"modified":"2025-04-27T11:34:27","modified_gmt":"2025-04-27T11:34:27","slug":"solenidade-memoria-de-sao-jose-operario-e-papa-francisco","status":"publish","type":"post","link":"https:\/\/coro.paroquiabaixadabanheira.org\/?p=4743","title":{"rendered":"Solenidade \u2013 Mem\u00f3ria de S\u00e3o Jos\u00e9 Oper\u00e1rio e Papa Francisco"},"content":{"rendered":"<p>O ensaio ser\u00e1 realizado no dia 28 de Abril \u00e0s 21h.<\/p>\n<p><img loading=\"lazy\" decoding=\"async\" class=\"aligncenter size-medium wp-image-4748\" src=\"https:\/\/coro.paroquiabaixadabanheira.org\/wp-content\/uploads\/2025\/04\/cartaz.2025-240x300.jpg\" alt=\"\" width=\"240\" height=\"300\" srcset=\"https:\/\/coro.paroquiabaixadabanheira.org\/wp-content\/uploads\/2025\/04\/cartaz.2025-240x300.jpg 240w, https:\/\/coro.paroquiabaixadabanheira.org\/wp-content\/uploads\/2025\/04\/cartaz.2025-819x1024.jpg 819w, https:\/\/coro.paroquiabaixadabanheira.org\/wp-content\/uploads\/2025\/04\/cartaz.2025-768x960.jpg 768w, https:\/\/coro.paroquiabaixadabanheira.org\/wp-content\/uploads\/2025\/04\/cartaz.2025-100x125.jpg 100w, https:\/\/coro.paroquiabaixadabanheira.org\/wp-content\/uploads\/2025\/04\/cartaz.2025-150x188.jpg 150w, https:\/\/coro.paroquiabaixadabanheira.org\/wp-content\/uploads\/2025\/04\/cartaz.2025-200x250.jpg 200w, https:\/\/coro.paroquiabaixadabanheira.org\/wp-content\/uploads\/2025\/04\/cartaz.2025-300x375.jpg 300w, https:\/\/coro.paroquiabaixadabanheira.org\/wp-content\/uploads\/2025\/04\/cartaz.2025-450x563.jpg 450w, https:\/\/coro.paroquiabaixadabanheira.org\/wp-content\/uploads\/2025\/04\/cartaz.2025-600x750.jpg 600w, https:\/\/coro.paroquiabaixadabanheira.org\/wp-content\/uploads\/2025\/04\/cartaz.2025-900x1125.jpg 900w, https:\/\/coro.paroquiabaixadabanheira.org\/wp-content\/uploads\/2025\/04\/cartaz.2025.jpg 1080w\" sizes=\"auto, (max-width: 240px) 100vw, 240px\" \/><\/p>\n<p><strong>C\u00e2nticos para a Missa Solene em Honra do Padroeiro da Par\u00f3quia da Baixa da Banheira \u2013 S. Jos\u00e9 Oper\u00e1rio e Honra do Papa Francisco (<\/strong><a href=\"https:\/\/www.liturgia.pt\/santos\/santo_v.php?cod_santo=66\"><strong>liturgia<\/strong><strong>)<\/strong><\/a><\/p>\n<ul>\n<li>Entrada:\u00a0<a href=\"http:\/\/coro.paroquiabaixadabanheira.org\/reportorio\/diversos\/eis.o.servo.fiel.e.diligente.pdf\">Eis o servo fiel e diligente<\/a><\/li>\n<li>Acto Penitencial: <a href=\"http:\/\/coro.paroquiabaixadabanheira.org\/reportorio\/penitencial\/kyrie.VIII.jan.pdf\">Kyrie Eleison (Jan)<\/a><\/li>\n<li>Gl\u00f3ria:\u00a0<a href=\"http:\/\/coro.paroquiabaixadabanheira.org\/reportorio\/gloria\/gloria.2.vozes.pdf\">Gloria 2 Vozes<\/a><\/li>\n<li>Salmo: 89(90)\u00a0<a href=\"http:\/\/coro.paroquiabaixadabanheira.org\/reportorio\/salmos\/confirmai.senhor.pdf\"><em>\u201dConfirmai, Senhor, a obra das nossas m\u00e3os<\/em><em>\u201d<\/em><\/a><\/li>\n<li>Aclama\u00e7\u00e3o ao Evangelho:\u00a0<a href=\"http:\/\/coro.paroquiabaixadabanheira.org\/reportorio\/pascoa\/aleluia.pascal.pdf\">Aleluia Pascal<\/a><a href=\"http:\/\/coro.paroquiabaixadabanheira.org\/reportorio\/aclama\/aleluia.janmichaeljoncas.pdf\">\u00a0<\/a><strong>\u201cBendito seja Deus em cada dia.<br \/>\nVela por n\u00f3s o Senhor, nosso Salvador.\u201d<\/strong><\/li>\n<li>Ora\u00e7\u00e3o dos Fi\u00e9is: Pai nosso, que estais nos C\u00e9us, ouvi-nos<\/li>\n<li>Apresenta\u00e7\u00e3o dos Dons:\u00a0<a href=\"http:\/\/coro.paroquiabaixadabanheira.org\/reportorio\/diversos\/sao.jose.amparo.e.guia.pdf\">S\u00e3o Jos\u00e9, amparo e guia<\/a><\/li>\n<li>Santo: <a href=\"http:\/\/coro.paroquiabaixadabanheira.org\/reportorio\/santo\/santo.f.silva.jan.pdf\">Santo F. Silva 2<\/a><\/li>\n<li>Pai-Nosso:\u00a0<a href=\"http:\/\/coro.paroquiabaixadabanheira.org\/reportorio\/painosso\/pai.nosso.melodia.oficial.gregoriano.pdf\">Pai Nosso (gregoriano)<\/a><\/li>\n<li>Cordeiro: <a href=\"http:\/\/coro.paroquiabaixadabanheira.org\/reportorio\/cordeiro\/cordeiro.de.deus.fernando.lapa.pdf\">Cordeiro de Deus F. Lapa<\/a><\/li>\n<li>Comunh\u00e3o:\u00a0<a href=\"http:\/\/coro.paroquiabaixadabanheira.org\/reportorio\/diversos\/o.famintos.do.pao.divino.pdf\">\u00d3 famintos do p\u00e3o divino<\/a><\/li>\n<li>Ac\u00e7\u00e3o de Gra\u00e7as:\u00a0<a href=\"http:\/\/coro.paroquiabaixadabanheira.org\/reportorio\/advento\/louvemos.o.glorioso.sao.jose.pdf\">Louvemos o glorioso S\u00e3o Jos\u00e9<\/a><\/li>\n<li>Final:\u00a0<a href=\"http:\/\/coro.paroquiabaixadabanheira.org\/reportorio\/final\/hino.sao.jose.2.pdf\">Hino de S. Jos\u00e9<\/a><\/li>\n<\/ul>\n<p>Trazer:<\/p>\n<ul>\n<li><a href=\"http:\/\/coro.paroquiabaixadabanheira.org\/reportorio\/diversos\/tu.es.pedro.manuel.simoes.pdf\">Tu \u00e9s Pedro<\/a><\/li>\n<\/ul>\n","protected":false},"excerpt":{"rendered":"<p>O ensaio ser\u00e1 realizado no dia 28 de Abril \u00e0s 21h. C\u00e2nticos para a Missa Solene em Honra do Padroeiro da Par\u00f3quia da Baixa da Banheira \u2013 S. Jos\u00e9 Oper\u00e1rio e Honra do Papa Francisco (liturgia) Entrada:\u00a0Eis o servo fiel &hellip;<\/p>\n<p class=\"read-more\"> <a class=\"more-link\" href=\"https:\/\/coro.paroquiabaixadabanheira.org\/?p=4743\"> <span class=\"screen-reader-text\">Solenidade \u2013 Mem\u00f3ria de S\u00e3o Jos\u00e9 Oper\u00e1rio e Papa Francisco<\/span> Read More &raquo;<\/a><\/p>\n","protected":false},"author":3,"featured_media":0,"comment_status":"open","ping_status":"open","sticky":false,"template":"","format":"standard","meta":{"footnotes":""},"categories":[1],"tags":[],"class_list":["post-4743","post","type-post","status-publish","format-standard","hentry","category-uncategorized"],"_links":{"self":[{"href":"https:\/\/coro.paroquiabaixadabanheira.org\/index.php?rest_route=\/wp\/v2\/posts\/4743","targetHints":{"allow":["GET"]}}],"collection":[{"href":"https:\/\/coro.paroquiabaixadabanheira.org\/index.php?rest_route=\/wp\/v2\/posts"}],"about":[{"href":"https:\/\/coro.paroquiabaixadabanheira.org\/index.php?rest_route=\/wp\/v2\/types\/post"}],"author":[{"embeddable":true,"href":"https:\/\/coro.paroquiabaixadabanheira.org\/index.php?rest_route=\/wp\/v2\/users\/3"}],"replies":[{"embeddable":true,"href":"https:\/\/coro.paroquiabaixadabanheira.org\/index.php?rest_route=%2Fwp%2Fv2%2Fcomments&post=4743"}],"version-history":[{"count":2,"href":"https:\/\/coro.paroquiabaixadabanheira.org\/index.php?rest_route=\/wp\/v2\/posts\/4743\/revisions"}],"predecessor-version":[{"id":4751,"href":"https:\/\/coro.paroquiabaixadabanheira.org\/index.php?rest_route=\/wp\/v2\/posts\/4743\/revisions\/4751"}],"wp:attachment":[{"href":"https:\/\/coro.paroquiabaixadabanheira.org\/index.php?rest_route=%2Fwp%2Fv2%2Fmedia&parent=4743"}],"wp:term":[{"taxonomy":"category","embeddable":true,"href":"https:\/\/coro.paroquiabaixadabanheira.org\/index.php?rest_route=%2Fwp%2Fv2%2Fcategories&post=4743"},{"taxonomy":"post_tag","embeddable":true,"href":"https:\/\/coro.paroquiabaixadabanheira.org\/index.php?rest_route=%2Fwp%2Fv2%2Ftags&post=4743"}],"curies":[{"name":"wp","href":"https:\/\/api.w.org\/{rel}","templated":true}]}}