{"id":4753,"date":"2025-04-30T22:07:08","date_gmt":"2025-04-30T22:07:08","guid":{"rendered":"https:\/\/coro.paroquiabaixadabanheira.org\/?p=4753"},"modified":"2025-04-30T22:07:08","modified_gmt":"2025-04-30T22:07:08","slug":"domingo-iii-da-pascoa-14","status":"publish","type":"post","link":"https:\/\/coro.paroquiabaixadabanheira.org\/?p=4753","title":{"rendered":"Domingo III da P\u00e1scoa"},"content":{"rendered":"<p>&#8220;O Papa Francisco j\u00e1 anunciou diversas vezes que os crist\u00e3os devem ser disc\u00edpulos mission\u00e1rios, ou seja, alimentados \u201cpelo p\u00e3o e pelo peixe\u201d da Eucaristia, preparados e dados por Jesus a cada crist\u00e3o batizado. Somos convidados a ensinar em nome de Jesus, sem medo nem receio de sermos a\u00e7oitados, achincalhados, presos ou at\u00e9 mortos. A palavra de Deus n\u00e3o pode ficar dentro das quatro paredes das Igrejas, sem fazer qualquer transforma\u00e7\u00e3o no cora\u00e7\u00e3o dos disc\u00edpulos mission\u00e1rios. \u00c9 fundamental que a comunidade acolha as feridas, as suas feridas, e as transforme em oportunidade de evangeliza\u00e7\u00e3o para levar a novidade da ressurrei\u00e7\u00e3o aos quatro cantos do mundo.&#8221; <em>In Arquidiocese de Braga<\/em><\/p>\n<p><b>ATEN\u00c7\u00c3O: O ensaio 5\u00bafeira, dia 01 de Maio, depois do ter\u00e7o.<\/b><\/p>\n<p><strong>C\u00e2nticos para o III Domingo da P\u00e1scoa<\/strong><strong>\u00a0\u2013 Ano C (<a href=\"https:\/\/www.liturgia.pt\/liturgiadiaria\/dia.php?data=2025-5-4\">liturgia)<\/a><\/strong><\/p>\n<ul>\n<li>Entrada:\u00a0<a href=\"http:\/\/coro.paroquiabaixadabanheira.org\/reportorio\/pascoa\/este.e.o.dia.mluis.pdf\">Este e o dia ( M.Luis )\u00a0<\/a><\/li>\n<li>Acto Penitencial:\u00a0<a href=\"http:\/\/coro.paroquiabaixadabanheira.org\/reportorio\/penitencial\/kyrie.VIII.jan.pdf\">Kyrie Eleison (Jan)<\/a>\u00a0ou\u00a0<a href=\"http:\/\/coro.paroquiabaixadabanheira.org\/reportorio\/penitencial\/senhor.misericordia.missal.pdf\">Senhor miseric\u00f3rdia (melodia do missal)<\/a><\/li>\n<li>ou Resposta antes da aspers\u00e3o:\u00a0<a href=\"http:\/\/coro.paroquiabaixadabanheira.org\/reportorio\/aclamacao\/gloria.a.vos.senhor.aclamacao.do.preconio.pdf\">Gloria a v\u00f3s senhor<\/a><\/li>\n<li>ou Aspers\u00e3o:\u00a0<a href=\"http:\/\/coro.paroquiabaixadabanheira.org\/reportorio\/baptismo\/vos.que.fostes.baptizados.pdf\">V\u00f3s que Fostes Baptizados<\/a><\/li>\n<li>Gl\u00f3ria:\u00a0<a href=\"http:\/\/coro.paroquiabaixadabanheira.org\/reportorio\/gloria\/gloria.2.vozes.pdf\">Gloria 2 Vozes<\/a><\/li>\n<li>Salmo: 29<em>\u00a0(30)\u00a0<a href=\"https:\/\/www.liturgia.pt\/multimedia\/mp3\/SalmosResponsoriais\/023_1_ABC_16VigPascIV-EuVosGlorifico.mp3\">\u201d Eu vos glorifico, Senhor, porque me salvastes.\u201d<\/a><\/em><\/li>\n<li>Aclama\u00e7\u00e3o ao Evangelho:\u00a0\u00a0<a href=\"http:\/\/coro.paroquiabaixadabanheira.org\/reportorio\/pascoa\/aleluia.pascal.pdf\">Aleluia Pascal<\/a>\u00a0<strong>\u201cRessuscitou Jesus Cristo, que criou o universo e Se compadeceu do g\u00e9nero humano.\u201d<\/strong><\/li>\n<li>Ora\u00e7\u00e3o dos Fi\u00e9is:\u00a0<a href=\"http:\/\/coro.paroquiabaixadabanheira.org\/reportorio\/aclamacao\/oracao.universal.pdf\">Respostas\u00a0<\/a>\u2013 11<\/li>\n<li>Apresenta\u00e7\u00e3o dos Dons: <a href=\"http:\/\/coro.paroquiabaixadabanheira.org\/reportorio\/pascoa\/nasceu.o.sol.da.pascoa.pdf\">Nasceu o Sol da P\u00e1scoa\u00a0<\/a><\/li>\n<li>Santo:\u00a0<a href=\"http:\/\/coro.paroquiabaixadabanheira.org\/reportorio\/santo\/santo.f.silva.jan.pdf\">Santo F. Silva 2<\/a><\/li>\n<li>Cordeiro:\u00a0<a href=\"http:\/\/coro.paroquiabaixadabanheira.org\/reportorio\/cordeiro\/cordeiro.de.deus.fernando.lapa.pdf\">Cordeiro de Deus F. Lapa<\/a><\/li>\n<li>Comunh\u00e3o: <a href=\"http:\/\/coro.paroquiabaixadabanheira.org\/reportorio\/pascoa\/sempre.que.comemos.o.pao.pdf\">Sempre que comemos o p\u00e3o<\/a><\/li>\n<li>Ac\u00e7\u00e3o de Gra\u00e7as: Hino ao Papa Francisco<\/li>\n<li>Final: <a href=\"http:\/\/coro.paroquiabaixadabanheira.org\/reportorio\/pascoa\/hino.a.cristo.ressuscitado.pdf\">Hino a Cristo Ressuscitado<\/a> ou <a href=\"http:\/\/coro.paroquiabaixadabanheira.org\/reportorio\/maria\/mae.do.povo.pdf\">M\u00e3e do Povo<\/a><\/li>\n<\/ul>\n<p>Trazer:<\/p>\n<ul>\n<li><a href=\"http:\/\/coro.paroquiabaixadabanheira.org\/reportorio\/pascoa\/o.senhor.ressuscitou.pdf\">O Senhor Ressuscitou Verdadeiramente<\/a><\/li>\n<li><a href=\"http:\/\/coro.paroquiabaixadabanheira.org\/reportorio\/cordeiro\/cordeiro.de.deus.mario.silva.pdf\">Cordeiro de Deus M. Silva<\/a><\/li>\n<\/ul>\n","protected":false},"excerpt":{"rendered":"<p>&#8220;O Papa Francisco j\u00e1 anunciou diversas vezes que os crist\u00e3os devem ser disc\u00edpulos mission\u00e1rios, ou seja, alimentados \u201cpelo p\u00e3o e pelo peixe\u201d da Eucaristia, preparados e dados por Jesus a cada crist\u00e3o batizado. Somos convidados a ensinar em nome de &hellip;<\/p>\n<p class=\"read-more\"> <a class=\"more-link\" href=\"https:\/\/coro.paroquiabaixadabanheira.org\/?p=4753\"> <span class=\"screen-reader-text\">Domingo III da P\u00e1scoa<\/span> Read More &raquo;<\/a><\/p>\n","protected":false},"author":3,"featured_media":0,"comment_status":"open","ping_status":"open","sticky":false,"template":"","format":"standard","meta":{"footnotes":""},"categories":[1],"tags":[],"class_list":["post-4753","post","type-post","status-publish","format-standard","hentry","category-uncategorized"],"_links":{"self":[{"href":"https:\/\/coro.paroquiabaixadabanheira.org\/index.php?rest_route=\/wp\/v2\/posts\/4753","targetHints":{"allow":["GET"]}}],"collection":[{"href":"https:\/\/coro.paroquiabaixadabanheira.org\/index.php?rest_route=\/wp\/v2\/posts"}],"about":[{"href":"https:\/\/coro.paroquiabaixadabanheira.org\/index.php?rest_route=\/wp\/v2\/types\/post"}],"author":[{"embeddable":true,"href":"https:\/\/coro.paroquiabaixadabanheira.org\/index.php?rest_route=\/wp\/v2\/users\/3"}],"replies":[{"embeddable":true,"href":"https:\/\/coro.paroquiabaixadabanheira.org\/index.php?rest_route=%2Fwp%2Fv2%2Fcomments&post=4753"}],"version-history":[{"count":3,"href":"https:\/\/coro.paroquiabaixadabanheira.org\/index.php?rest_route=\/wp\/v2\/posts\/4753\/revisions"}],"predecessor-version":[{"id":4756,"href":"https:\/\/coro.paroquiabaixadabanheira.org\/index.php?rest_route=\/wp\/v2\/posts\/4753\/revisions\/4756"}],"wp:attachment":[{"href":"https:\/\/coro.paroquiabaixadabanheira.org\/index.php?rest_route=%2Fwp%2Fv2%2Fmedia&parent=4753"}],"wp:term":[{"taxonomy":"category","embeddable":true,"href":"https:\/\/coro.paroquiabaixadabanheira.org\/index.php?rest_route=%2Fwp%2Fv2%2Fcategories&post=4753"},{"taxonomy":"post_tag","embeddable":true,"href":"https:\/\/coro.paroquiabaixadabanheira.org\/index.php?rest_route=%2Fwp%2Fv2%2Ftags&post=4753"}],"curies":[{"name":"wp","href":"https:\/\/api.w.org\/{rel}","templated":true}]}}