{"id":477,"date":"2008-12-29T12:00:22","date_gmt":"2008-12-29T12:00:22","guid":{"rendered":"http:\/\/coro.paroquiabaixadabanheira.org\/?p=477"},"modified":"2008-12-29T12:00:22","modified_gmt":"2008-12-29T12:00:22","slug":"festa-da-epifania-do-senhor","status":"publish","type":"post","link":"https:\/\/coro.paroquiabaixadabanheira.org\/?p=477","title":{"rendered":"Festa da Epifania do Senhor"},"content":{"rendered":"<h4>C\u00e2nticos para a Solenidade da Epifania do Senhor<\/h4>\n<ul>\n<li><strong>Entrada:<\/strong> <a href=\"\/reportorio\/diversos\/povos.todos.pdf\">Povos Todos<\/a><\/li>\n<li><strong>Momento Penitencial:<\/strong> <a href=\"\/reportorio\/penitencial\/kyrie.andre.pdf\">Kyrie<\/a><\/li>\n<li><strong>Gl\u00f3ria:<\/strong> <a href=\"\/reportorio\/natal\/gloria.in.excelsis.deo.pdf\">Gloria, In Excelsis Deo<\/a><\/li>\n<li><strong>Salmo:<\/strong> <a href=\"\/reportorio\/salmos\/a.natal.epifania.salmo.071.072.pdf\">Salmo 71,72<\/a><\/li>\n<li><strong>Aclama\u00e7\u00e3o:<\/strong> <a href=\"\/reportorio\/aclama\/alleluia.andre.pdf\">Alleluia<\/a><\/li>\n<li><strong>Ofert\u00f3rio:<\/strong> <a href=\"\/reportorio\/natal\/sou.um.pobre.pastorinho.pdf\">Sou Um Pobre Pastorinho<\/a><\/li>\n<li><strong>Santo:<\/strong> <a title=\"Psallite\" href=\"\/reportorio\/santo\/santo.psallite.pdf\">Santo<\/a><\/li>\n<li><strong>Paz:<\/strong> <a href=\"\/reportorio\/paz\/shalom.para.ti.pdf\">Shalom para Ti<\/a><\/li>\n<li><strong>Comunh\u00e3o:<\/strong> <a href=\"\/reportorio\/comunhao\/pao.divino.pdf\">P\u00e3o Divino<\/a><\/li>\n<li><strong>Ac\u00e7\u00e3o de Gra\u00e7as:<\/strong> <a href=\"\/reportorio\/natal\/o.menino.esta.dormindo.vozes.pdf\">O Menino est\u00e1 dormindo<\/a><\/li>\n<li><strong>Final:<\/strong> <a href=\"\/reportorio\/natal\/correi.pressurosos.pdf\">Correi Pressurosos<\/a><\/li>\n<\/ul>\n<h4>Para ensaiar:<\/h4>\n<ul>\n<li><a href=\"\/reportorio\/natal\/oh.que.noite.tao.serena.pdf\">Oh, Que noite t\u00e3o Serena<\/a><\/li>\n<\/ul>\n","protected":false},"excerpt":{"rendered":"<p>C\u00e2nticos para a Solenidade da Epifania do Senhor Entrada: Povos Todos Momento Penitencial: Kyrie Gl\u00f3ria: Gloria, In Excelsis Deo Salmo: Salmo 71,72 Aclama\u00e7\u00e3o: Alleluia Ofert\u00f3rio: Sou Um Pobre Pastorinho Santo: Santo Paz: Shalom para Ti Comunh\u00e3o: P\u00e3o Divino Ac\u00e7\u00e3o de &hellip;<\/p>\n<p class=\"read-more\"> <a class=\"more-link\" href=\"https:\/\/coro.paroquiabaixadabanheira.org\/?p=477\"> <span class=\"screen-reader-text\">Festa da Epifania do Senhor<\/span> Read More &raquo;<\/a><\/p>\n","protected":false},"author":1,"featured_media":0,"comment_status":"closed","ping_status":"open","sticky":false,"template":"","format":"standard","meta":{"footnotes":""},"categories":[3],"tags":[],"class_list":["post-477","post","type-post","status-publish","format-standard","hentry","category-ensaios"],"_links":{"self":[{"href":"https:\/\/coro.paroquiabaixadabanheira.org\/index.php?rest_route=\/wp\/v2\/posts\/477","targetHints":{"allow":["GET"]}}],"collection":[{"href":"https:\/\/coro.paroquiabaixadabanheira.org\/index.php?rest_route=\/wp\/v2\/posts"}],"about":[{"href":"https:\/\/coro.paroquiabaixadabanheira.org\/index.php?rest_route=\/wp\/v2\/types\/post"}],"author":[{"embeddable":true,"href":"https:\/\/coro.paroquiabaixadabanheira.org\/index.php?rest_route=\/wp\/v2\/users\/1"}],"replies":[{"embeddable":true,"href":"https:\/\/coro.paroquiabaixadabanheira.org\/index.php?rest_route=%2Fwp%2Fv2%2Fcomments&post=477"}],"version-history":[{"count":0,"href":"https:\/\/coro.paroquiabaixadabanheira.org\/index.php?rest_route=\/wp\/v2\/posts\/477\/revisions"}],"wp:attachment":[{"href":"https:\/\/coro.paroquiabaixadabanheira.org\/index.php?rest_route=%2Fwp%2Fv2%2Fmedia&parent=477"}],"wp:term":[{"taxonomy":"category","embeddable":true,"href":"https:\/\/coro.paroquiabaixadabanheira.org\/index.php?rest_route=%2Fwp%2Fv2%2Fcategories&post=477"},{"taxonomy":"post_tag","embeddable":true,"href":"https:\/\/coro.paroquiabaixadabanheira.org\/index.php?rest_route=%2Fwp%2Fv2%2Ftags&post=477"}],"curies":[{"name":"wp","href":"https:\/\/api.w.org\/{rel}","templated":true}]}}