{"id":4864,"date":"2025-10-08T22:35:15","date_gmt":"2025-10-08T22:35:15","guid":{"rendered":"https:\/\/coro.paroquiabaixadabanheira.org\/?p=4864"},"modified":"2025-10-08T22:35:16","modified_gmt":"2025-10-08T22:35:16","slug":"domingo-xxviii-do-tempo-comum-16","status":"publish","type":"post","link":"https:\/\/coro.paroquiabaixadabanheira.org\/?p=4864","title":{"rendered":"Domingo XXVIII do Tempo Comum"},"content":{"rendered":"<p>&#8220;A Liturgia da Palavra deste Domingo convida-nos a viver de um modo agradecido aprendendo a olhar para a vida como um lugar onde Deus manifesta as maravilhas do Seu amor. A gratid\u00e3o \u00e9 a nobre virtude de quem se reconhece criatura nas m\u00e3os do Criador e, por isso, profundamente amado, cuidado e protegido.&#8221;\u00a0 <i>in\u00a0<\/i><em>Voz Portucalense<\/em><\/p>\n<p>&#8220;A nossa vida \u00e9 feita de encontros. E s\u00e3o esses encontros que nos moldam, que nos abrem portas no cora\u00e7\u00e3o, que nos tornam pessoas melhores. Pensemos nas pessoas que nos marcaram, que nos abriram a mente e nos fizeram crescer. Aquelas que mostraram o mundo de uma forma nova. A gratid\u00e3o \u00e9 a chave para nos libertarmos do nosso pr\u00f3prio umbigo. \u00c9 a gratid\u00e3o que nos faz parar de esbarrar uns nos outros e nos ensina a encontrarmo-nos de verdade. Quando somos gratos, paramos de exigir e come\u00e7amos a ver a beleza nos gestos mais pequenos. Quando somos gratos, valorizamos quem est\u00e1 connosco e reconhecemos a d\u00e1diva que \u00e9 a vida dos outros. \u00c9 um convite.&#8221;\u00a0 <em>in\u00a0Diocese de Braga<\/em><\/p>\n<p><strong>C\u00e2nticos para o Domingo XXVIII Domingo do Tempo Comum \u2013 Ano C<\/strong>\u00a0(<a href=\"https:\/\/www.liturgia.pt\/liturgiadiaria\/dia.php?data=2025-10-12\">Liturgia<\/a>)<\/p>\n<ul>\n<li>Entrada: <a href=\"http:\/\/coro.paroquiabaixadabanheira.org\/reportorio\/entrada\/se.tiverdes.em.conta.os.nossos.pecados.pdf\">Se tiverdes em conta os nossos pecados<\/a><\/li>\n<li>Acto Penitencial:\u00a0<a href=\"http:\/\/coro.paroquiabaixadabanheira.org\/reportorio\/penitencial\/senhor.tende.piedade.3.pdf\">Senhor Tende Piedade (M. Alentejana)<\/a><\/li>\n<li>Salmo: 97\u00a0<em>(98)<\/em>\u00a0<a href=\"https:\/\/www.liturgia.pt\/multimedia\/mp3\/SalmosResponsoriais\/160_TC_C_28Dom-DianteDosPovos.mp3\"><em>\u201d Diante dos povos manifestou Deus a salva\u00e7\u00e3o<\/em><em>\u201d<\/em><\/a><\/li>\n<li>Aclama\u00e7\u00e3o ao Evangelho:\u00a0<a href=\"http:\/\/coro.paroquiabaixadabanheira.org\/reportorio\/aclama\/aleluia.jota.roux.pdf\">Aleluia\u00a0(J. Roux )<\/a>\u00a0<strong>\u201cEm todo o tempo e lugar dai gra\u00e7as a Deus, porque esta \u00e9 a sua vontade a vosso respeito em Cristo Jesus.\u201d<\/strong><\/li>\n<li>Apresenta\u00e7\u00e3o dos Dons: <a href=\"http:\/\/coro.paroquiabaixadabanheira.org\/reportorio\/ofertorio\/chamei.por.vos.senhor.pdf\">Chamei por v\u00f3s Senhor<\/a><\/li>\n<li>Santo: <a href=\"http:\/\/coro.paroquiabaixadabanheira.org\/reportorio\/santo\/santo.cartageno.pdf\">Santo cartageno<\/a><\/li>\n<li>Frac\u00e7\u00e3o do P\u00e3o:\u00a0<a href=\"http:\/\/coro.paroquiabaixadabanheira.org\/reportorio\/cordeiro\/cordeiro.de.deus.fernande.silva.pdf\">Cordeiro (Fernandes Silva)<\/a><\/li>\n<li>Comunh\u00e3o: <a href=\"http:\/\/coro.paroquiabaixadabanheira.org\/reportorio\/comunhao\/eu.vim.para.que.tenham.vida.pdf\">Eu Vim para que tenham Vida<\/a><\/li>\n<li>Ac\u00e7\u00e3o de Gra\u00e7as: <a href=\"http:\/\/coro.paroquiabaixadabanheira.org\/reportorio\/maria\/ave.de.fatima.a.cartageno.pdf\">Av\u00e9 de F\u00e1tima \u2013 Nova partitura<\/a> ou <a href=\"http:\/\/coro.paroquiabaixadabanheira.org\/reportorio\/maria\/ave.theotokos.pdf\">Ave Theotokos<\/a><\/li>\n<li>Final: <a style=\"font-size: 1em;\" href=\"http:\/\/coro.paroquiabaixadabanheira.org\/reportorio\/final\/cantarei.ao.senhor.fernades.da.silva.pdf\">Cantarei ao Senhor (Fernandes Silva)<\/a> ou <a href=\"http:\/\/coro.paroquiabaixadabanheira.org\/reportorio\/gracas\/o.senhor.salvou.me.pdf\">O Senhor salvou-me<\/a><\/li>\n<\/ul>\n<p>Trazer:<\/p>\n<ul>\n<li><a href=\"http:\/\/coro.paroquiabaixadabanheira.org\/reportorio\/cordeiro\/cordeiro.de.deus.mario.silva.pdf\">Cordeiro de Deus M. Silva<\/a><\/li>\n<\/ul>\n\n\n<p><\/p>\n","protected":false},"excerpt":{"rendered":"<p>&#8220;A Liturgia da Palavra deste Domingo convida-nos a viver de um modo agradecido aprendendo a olhar para a vida como um lugar onde Deus manifesta as maravilhas do Seu amor. A gratid\u00e3o \u00e9 a nobre virtude de quem se reconhece &hellip;<\/p>\n<p class=\"read-more\"> <a class=\"more-link\" href=\"https:\/\/coro.paroquiabaixadabanheira.org\/?p=4864\"> <span class=\"screen-reader-text\">Domingo XXVIII do Tempo Comum<\/span> Read More &raquo;<\/a><\/p>\n","protected":false},"author":3,"featured_media":0,"comment_status":"open","ping_status":"open","sticky":false,"template":"","format":"standard","meta":{"footnotes":""},"categories":[1],"tags":[],"class_list":["post-4864","post","type-post","status-publish","format-standard","hentry","category-uncategorized"],"_links":{"self":[{"href":"https:\/\/coro.paroquiabaixadabanheira.org\/index.php?rest_route=\/wp\/v2\/posts\/4864","targetHints":{"allow":["GET"]}}],"collection":[{"href":"https:\/\/coro.paroquiabaixadabanheira.org\/index.php?rest_route=\/wp\/v2\/posts"}],"about":[{"href":"https:\/\/coro.paroquiabaixadabanheira.org\/index.php?rest_route=\/wp\/v2\/types\/post"}],"author":[{"embeddable":true,"href":"https:\/\/coro.paroquiabaixadabanheira.org\/index.php?rest_route=\/wp\/v2\/users\/3"}],"replies":[{"embeddable":true,"href":"https:\/\/coro.paroquiabaixadabanheira.org\/index.php?rest_route=%2Fwp%2Fv2%2Fcomments&post=4864"}],"version-history":[{"count":2,"href":"https:\/\/coro.paroquiabaixadabanheira.org\/index.php?rest_route=\/wp\/v2\/posts\/4864\/revisions"}],"predecessor-version":[{"id":4866,"href":"https:\/\/coro.paroquiabaixadabanheira.org\/index.php?rest_route=\/wp\/v2\/posts\/4864\/revisions\/4866"}],"wp:attachment":[{"href":"https:\/\/coro.paroquiabaixadabanheira.org\/index.php?rest_route=%2Fwp%2Fv2%2Fmedia&parent=4864"}],"wp:term":[{"taxonomy":"category","embeddable":true,"href":"https:\/\/coro.paroquiabaixadabanheira.org\/index.php?rest_route=%2Fwp%2Fv2%2Fcategories&post=4864"},{"taxonomy":"post_tag","embeddable":true,"href":"https:\/\/coro.paroquiabaixadabanheira.org\/index.php?rest_route=%2Fwp%2Fv2%2Ftags&post=4864"}],"curies":[{"name":"wp","href":"https:\/\/api.w.org\/{rel}","templated":true}]}}