{"id":4886,"date":"2025-10-30T01:07:48","date_gmt":"2025-10-30T01:07:48","guid":{"rendered":"https:\/\/coro.paroquiabaixadabanheira.org\/?p=4886"},"modified":"2025-10-30T01:07:48","modified_gmt":"2025-10-30T01:07:48","slug":"comemoracao-de-todos-os-fieis-defuntos","status":"publish","type":"post","link":"https:\/\/coro.paroquiabaixadabanheira.org\/?p=4886","title":{"rendered":"Comemora\u00e7\u00e3o de Todos os Fi\u00e9is Defuntos"},"content":{"rendered":"\n<p>&#8220;O Domingo XXXI do Tempo Comum este ano ocorre no dia 2 de novembro em que a Igreja celebra a Comemora\u00e7\u00e3o de Todos os Fi\u00e9is Defuntos. Depois de ter celebrado no dia 1 de novembro a Solenidade de Todos os Santos, recordando aqueles que j\u00e1 participam da gl\u00f3ria celeste, a Igreja recorda todos aqueles que j\u00e1 partiram marcados com o sinal da f\u00e9 e dormem na esperan\u00e7a da ressurrei\u00e7\u00e3o. Para este dia, a liturgia prev\u00ea tr\u00eas formul\u00e1rios de leituras, que iluminam o mist\u00e9rio da morte e da ressurrei\u00e7\u00e3o e ajudam os fi\u00e9is a adentrar no mist\u00e9rio da nossa reden\u00e7\u00e3o. Importa que, partindo das leituras propostas os fi\u00e9is possam renovar no seu cora\u00e7\u00e3o a esperan\u00e7a da ressurrei\u00e7\u00e3o a que somos chamados.&#8221;  <em>in\u00a0 Voz Portucalense<\/em><\/p>\n\n\n\n<p><strong>C\u00e2nticos para o Domingo XXXI do Tempo Comum &#8211; Comemora\u00e7\u00e3o de Todos os Fi\u00e9is defuntos \u2013 Ano C &#8211; Segunda missa<\/strong>\u00a0(<a href=\"https:\/\/www.liturgia.pt\/santos\/santo_v.php?cod_santo=186\">Liturgia<\/a>)<\/p>\n\n\n\n<ul class=\"wp-block-list\">\n<li>Entrada:\u00a0<a href=\"http:\/\/coro.paroquiabaixadabanheira.org\/reportorio\/fieis.defuntos\/dai.lhes.senhor.o.etreno.descanso.b.salgado.pdf\">Dai-lhes Senhor o eterno descanso<\/a><\/li>\n\n\n\n<li>Acto Penitencial:\u00a0<a href=\"http:\/\/coro.paroquiabaixadabanheira.org\/reportorio\/penitencial\/senhor.misericordia.cartageno.pdf\"><a href=\"http:\/\/coro.paroquiabaixadabanheira.org\/reportorio\/penitencial\/senhor.tende.piedade.3.pdf\">Senhor Tende Piedade (M. Alentejana)<\/a><\/a><\/li>\n\n\n\n<li>Salmo\u00a0102\u00a0<em>(103)<\/em>\u00a0<a href=\"https:\/\/www.liturgia.pt\/multimedia\/mp3\/SalmosResponsoriais\/211_St_Defuntos_O_Senhor_e_clemente.mp3\"><em>\u201d O Senhor \u00e9 clemente e cheio de compaix\u00e3o<\/em><\/a>.<a href=\"https:\/\/www.liturgia.pt\/multimedia\/mp3\/SalmosResponsoriais\/209_St_TSantos_Esta_geracaoo_dos_que_procuram.mp3\"><em>\u201d<\/em><\/a><\/li>\n\n\n\n<li>Aclama\u00e7\u00e3o ao Evangelho:\u00a0<a href=\"http:\/\/coro.paroquiabaixadabanheira.org\/reportorio\/aclama\/aleluia.jota.roux.pdf\">Aleluia (J. Roux )<\/a>\u00a0<strong>\u201cEu sou a ressurrei\u00e7\u00e3o e a vida, diz o Senhor. Quem acredita em Mim nunca morrer\u00e1\u201d.<\/strong><\/li>\n\n\n\n<li>Apresenta\u00e7\u00e3o dos Dons:\u00a0<a href=\"http:\/\/coro.paroquiabaixadabanheira.org\/reportorio\/fieis.defuntos\/morada.eterna.do.altissimo.a.cartageno.pdf\">Morada eterna do Alt\u00edssimo<\/a><\/li>\n\n\n\n<li>Santo:\u00a0<a href=\"http:\/\/coro.paroquiabaixadabanheira.org\/reportorio\/santo\/santo.leonel.claro.pdf\"><a href=\"http:\/\/coro.paroquiabaixadabanheira.org\/reportorio\/santo\/santo.cartageno.pdf\">Santo cartageno<\/a><\/a><\/li>\n\n\n\n<li>Fra\u00e7\u00e3o do P\u00e3o:\u00a0<a href=\"http:\/\/coro.paroquiabaixadabanheira.org\/reportorio\/cordeiro\/cordeiro.cartageno.pdf\"><a href=\"http:\/\/coro.paroquiabaixadabanheira.org\/reportorio\/cordeiro\/cordeiro.de.deus.fernande.silva.pdf\">Cordeiro (Fernandes Silva)<\/a><\/a><\/li>\n\n\n\n<li>Comunh\u00e3o:\u00a0<a href=\"http:\/\/coro.paroquiabaixadabanheira.org\/reportorio\/comunhao\/eu.sou.o.pao.vivo.pdf\">Eu Sou o p\u00e3o vivo<\/a><\/li>\n\n\n\n<li>Ac\u00e7\u00e3o de Gra\u00e7as:\u00a0<a href=\"http:\/\/coro.paroquiabaixadabanheira.org\/reportorio\/quaresma\/eu.sou.a.ressurreicao.e.a.vida.jan.pdf\">Eu sou a ressurrei\u00e7\u00e3o e a vida<\/a><\/li>\n\n\n\n<li>Final:\u00a0<a href=\"http:\/\/coro.paroquiabaixadabanheira.org\/reportorio\/fieis.defuntos\/felizes.os.mortos.rui.soares.pdf\">Felizes os mortos<\/a><\/li>\n<\/ul>\n\n\n\n<p><\/p>\n","protected":false},"excerpt":{"rendered":"<p>&#8220;O Domingo XXXI do Tempo Comum este ano ocorre no dia 2 de novembro em que a Igreja celebra a Comemora\u00e7\u00e3o de Todos os Fi\u00e9is Defuntos. Depois de ter celebrado no dia 1 de novembro a Solenidade de Todos os &hellip;<\/p>\n<p class=\"read-more\"> <a class=\"more-link\" href=\"https:\/\/coro.paroquiabaixadabanheira.org\/?p=4886\"> <span class=\"screen-reader-text\">Comemora\u00e7\u00e3o de Todos os Fi\u00e9is Defuntos<\/span> Read More &raquo;<\/a><\/p>\n","protected":false},"author":3,"featured_media":0,"comment_status":"open","ping_status":"open","sticky":false,"template":"","format":"standard","meta":{"footnotes":""},"categories":[1],"tags":[],"class_list":["post-4886","post","type-post","status-publish","format-standard","hentry","category-uncategorized"],"_links":{"self":[{"href":"https:\/\/coro.paroquiabaixadabanheira.org\/index.php?rest_route=\/wp\/v2\/posts\/4886","targetHints":{"allow":["GET"]}}],"collection":[{"href":"https:\/\/coro.paroquiabaixadabanheira.org\/index.php?rest_route=\/wp\/v2\/posts"}],"about":[{"href":"https:\/\/coro.paroquiabaixadabanheira.org\/index.php?rest_route=\/wp\/v2\/types\/post"}],"author":[{"embeddable":true,"href":"https:\/\/coro.paroquiabaixadabanheira.org\/index.php?rest_route=\/wp\/v2\/users\/3"}],"replies":[{"embeddable":true,"href":"https:\/\/coro.paroquiabaixadabanheira.org\/index.php?rest_route=%2Fwp%2Fv2%2Fcomments&post=4886"}],"version-history":[{"count":5,"href":"https:\/\/coro.paroquiabaixadabanheira.org\/index.php?rest_route=\/wp\/v2\/posts\/4886\/revisions"}],"predecessor-version":[{"id":4891,"href":"https:\/\/coro.paroquiabaixadabanheira.org\/index.php?rest_route=\/wp\/v2\/posts\/4886\/revisions\/4891"}],"wp:attachment":[{"href":"https:\/\/coro.paroquiabaixadabanheira.org\/index.php?rest_route=%2Fwp%2Fv2%2Fmedia&parent=4886"}],"wp:term":[{"taxonomy":"category","embeddable":true,"href":"https:\/\/coro.paroquiabaixadabanheira.org\/index.php?rest_route=%2Fwp%2Fv2%2Fcategories&post=4886"},{"taxonomy":"post_tag","embeddable":true,"href":"https:\/\/coro.paroquiabaixadabanheira.org\/index.php?rest_route=%2Fwp%2Fv2%2Ftags&post=4886"}],"curies":[{"name":"wp","href":"https:\/\/api.w.org\/{rel}","templated":true}]}}