{"id":4896,"date":"2025-11-13T00:31:32","date_gmt":"2025-11-13T00:31:32","guid":{"rendered":"https:\/\/coro.paroquiabaixadabanheira.org\/?p=4896"},"modified":"2025-11-13T00:31:33","modified_gmt":"2025-11-13T00:31:33","slug":"domingo-xxxiii-do-tempo-comum-dia-mundial-dos-pobres-6","status":"publish","type":"post","link":"https:\/\/coro.paroquiabaixadabanheira.org\/?p=4896","title":{"rendered":"Domingo XXXIII do Tempo Comum (Dia Mundial dos Pobres)"},"content":{"rendered":"<p>&#8220;No Domingo XXXIII do Tempo Comum, assinala-se o IX Dia Mundial dos Pobres. Para este ano o Papa Le\u00e3o escreveu uma mensagem intitulada \u00abTu \u00e9s a minha esperan\u00e7a (cf. Sl 71,5)\u00bb. O Papa, na sua mensagem, deseja que \u00ab<em>este Ano Jubilar possa incentivar o desenvolvimento de pol\u00edticas de combate \u00e0s antigas e novas formas de pobreza, al\u00e9m de novas iniciativas de apoio e ajuda aos mais pobres entre os pobres<\/em>\u00bb. Contudo, este dia deve ser oportunidade para recordar que a ac\u00e7\u00e3o s\u00f3cio-caritativa \u00e9 uma miss\u00e3o de toda a comunidade eclesial e n\u00e3o apenas de um grupo.&#8221;\u00a0 <em>in Voz Portucalense<\/em><\/p>\n<p><a href=\"https:\/\/www.vatican.va\/content\/leo-xiv\/pt\/messages\/poor\/documents\/20250613-messaggio-giornata-poveri.html\">Mensagem completa do Papa Le\u00e3o XIV para o IX dia Mundial dos Pobres<\/a><\/p>\n<p><a href=\"https:\/\/agencia.ecclesia.pt\/portal\/dia-mundial-dos-pobres-vaticano-lanca-iniciativas-de-solidariedade-incluindo-ajuda-a-ucrania\/\">Dia Mundial dos Pobres-Vaticano lan\u00e7a iniciativas de solidariedade<\/a><\/p>\n<p><strong>C\u00e2nticos para o Domingo XXXIII do Tempo Comum \u2013 Ano C<\/strong>\u00a0(<a href=\"https:\/\/www.liturgia.pt\/liturgiadiaria\/dia.php?data=2025-11-16\">Liturgia<\/a>)<\/p>\n<ul>\n<li>Entrada: <a href=\"http:\/\/coro.paroquiabaixadabanheira.org\/reportorio\/entrada\/escutai.senhor.a.prece.pdf\">Escutai, Senhor, a prece<\/a><\/li>\n<li>Acto Penitencial:\u00a0<a href=\"http:\/\/coro.paroquiabaixadabanheira.org\/reportorio\/penitencial\/senhor.misericordia.cartageno.pdf\">Senhor, Miseric\u00f3rdia (A.Cartageno)<\/a><\/li>\n<li>Salmo 97<em>(98) <a href=\"https:\/\/www.liturgia.pt\/multimedia\/mp3\/SalmosResponsoriais\/165_TC_C_33Dom-OSenhorVira.mp3\">\u201dO Senhor vir\u00e1 governar com justi\u00e7a\u201d<\/a><\/em><\/li>\n<li>Aclama\u00e7\u00e3o ao Evangelho:\u00a0<a href=\"http:\/\/coro.paroquiabaixadabanheira.org\/reportorio\/aclama\/aleluia.m.silva.pdf\">Aleluia M.Silva<\/a>\u00a0<strong>\u201cErguei-vos e levantai a cabe\u00e7a,<br \/>\nporque a vossa liberta\u00e7\u00e3o est\u00e1 pr\u00f3xima.\u201d<\/strong><\/li>\n<li>Apresenta\u00e7\u00e3o dos Dons: <a href=\"http:\/\/coro.paroquiabaixadabanheira.org\/reportorio\/final\/em.todo.tempo.lugar.pdf\">Em todo o tempo e lugar eu bendirei<\/a><\/li>\n<li>Santo:\u00a0<a href=\"http:\/\/coro.paroquiabaixadabanheira.org\/reportorio\/santo\/santo.leonel.claro.pdf\">Santo (L. Claro)<\/a><\/li>\n<li>Fra\u00e7\u00e3o do P\u00e3o:\u00a0<a href=\"http:\/\/coro.paroquiabaixadabanheira.org\/reportorio\/cordeiro\/cordeiro.cartageno.pdf\">Cordeiro (A. Cartageno)<\/a><\/li>\n<li>Comunh\u00e3o:\u00a0<a href=\"http:\/\/coro.paroquiabaixadabanheira.org\/reportorio\/comunhao\/a.minha.alegria.miguel.carneiro.pdf\">A minha alegria<\/a><\/li>\n<li>Ac\u00e7\u00e3o de Gra\u00e7as:\u00a0<a href=\"http:\/\/coro.paroquiabaixadabanheira.org\/reportorio\/gracas\/aproximai.vos.dos.pobres.pdf\">Aproximai-vos dos pobres<\/a><\/li>\n<li>Final:\u00a0<a href=\"http:\/\/coro.paroquiabaixadabanheira.org\/reportorio\/final\/exulta.de.alegria.pdf\">Exulta de alegria no Senhor<\/a><\/li>\n<\/ul>\n<p>Trazer:<\/p>\n<ul>\n<li><a href=\"http:\/\/coro.paroquiabaixadabanheira.org\/reportorio\/diversos\/peregrinos.de.esperanca.hino.do.jubileu.2025.pdf\">Peregrinos da Esperan\u00e7a \u2013 Hino Jubileu 2025<\/a><\/li>\n<li><a href=\"http:\/\/coro.paroquiabaixadabanheira.org\/reportorio\/penitencial\/kyrie.eleison.nuno.m.almeida.pdf\">Kyrie Eleison (Nuno M. Almeida)<\/a><\/li>\n<li><a href=\"http:\/\/coro.paroquiabaixadabanheira.org\/reportorio\/entrada\/cordeiro.que.foi.imolado.pdf\">O cordeiro que foi imolado (Gl\u00f3ria ao Senhor)<\/a><\/li>\n<\/ul>\n","protected":false},"excerpt":{"rendered":"<p>&#8220;No Domingo XXXIII do Tempo Comum, assinala-se o IX Dia Mundial dos Pobres. Para este ano o Papa Le\u00e3o escreveu uma mensagem intitulada \u00abTu \u00e9s a minha esperan\u00e7a (cf. Sl 71,5)\u00bb. O Papa, na sua mensagem, deseja que \u00abeste Ano &hellip;<\/p>\n<p class=\"read-more\"> <a class=\"more-link\" href=\"https:\/\/coro.paroquiabaixadabanheira.org\/?p=4896\"> <span class=\"screen-reader-text\">Domingo XXXIII do Tempo Comum (Dia Mundial dos Pobres)<\/span> Read More &raquo;<\/a><\/p>\n","protected":false},"author":3,"featured_media":0,"comment_status":"open","ping_status":"open","sticky":false,"template":"","format":"standard","meta":{"footnotes":""},"categories":[1],"tags":[],"class_list":["post-4896","post","type-post","status-publish","format-standard","hentry","category-uncategorized"],"_links":{"self":[{"href":"https:\/\/coro.paroquiabaixadabanheira.org\/index.php?rest_route=\/wp\/v2\/posts\/4896","targetHints":{"allow":["GET"]}}],"collection":[{"href":"https:\/\/coro.paroquiabaixadabanheira.org\/index.php?rest_route=\/wp\/v2\/posts"}],"about":[{"href":"https:\/\/coro.paroquiabaixadabanheira.org\/index.php?rest_route=\/wp\/v2\/types\/post"}],"author":[{"embeddable":true,"href":"https:\/\/coro.paroquiabaixadabanheira.org\/index.php?rest_route=\/wp\/v2\/users\/3"}],"replies":[{"embeddable":true,"href":"https:\/\/coro.paroquiabaixadabanheira.org\/index.php?rest_route=%2Fwp%2Fv2%2Fcomments&post=4896"}],"version-history":[{"count":1,"href":"https:\/\/coro.paroquiabaixadabanheira.org\/index.php?rest_route=\/wp\/v2\/posts\/4896\/revisions"}],"predecessor-version":[{"id":4897,"href":"https:\/\/coro.paroquiabaixadabanheira.org\/index.php?rest_route=\/wp\/v2\/posts\/4896\/revisions\/4897"}],"wp:attachment":[{"href":"https:\/\/coro.paroquiabaixadabanheira.org\/index.php?rest_route=%2Fwp%2Fv2%2Fmedia&parent=4896"}],"wp:term":[{"taxonomy":"category","embeddable":true,"href":"https:\/\/coro.paroquiabaixadabanheira.org\/index.php?rest_route=%2Fwp%2Fv2%2Fcategories&post=4896"},{"taxonomy":"post_tag","embeddable":true,"href":"https:\/\/coro.paroquiabaixadabanheira.org\/index.php?rest_route=%2Fwp%2Fv2%2Ftags&post=4896"}],"curies":[{"name":"wp","href":"https:\/\/api.w.org\/{rel}","templated":true}]}}