{"id":4899,"date":"2025-11-20T23:57:30","date_gmt":"2025-11-20T23:57:30","guid":{"rendered":"https:\/\/coro.paroquiabaixadabanheira.org\/?p=4899"},"modified":"2025-11-20T23:57:30","modified_gmt":"2025-11-20T23:57:30","slug":"domingo-xxxiv-do-tempo-comum-solenidade-de-nosso-senhor-jesus-cristo-rei-do-universo-8","status":"publish","type":"post","link":"https:\/\/coro.paroquiabaixadabanheira.org\/?p=4899","title":{"rendered":"Domingo XXXIV do Tempo Comum-Solenidade de Nosso Senhor Jesus Cristo, Rei do Universo"},"content":{"rendered":"<p><strong>Dia Mundial da Juventude<\/strong><\/p>\n<p>Assinala-se no dia 24 de Novembro o Dia Mundial da Juventude. O Papa escolheu como tema a cita\u00e7\u00e3o b\u00edblica &#8220;<strong>V\u00f3s tamb\u00e9m haveis de dar testemunho, porque estais comigo&#8221; (Jo 15, 27)<\/strong>. O\u00a0Papa Le\u00e3o XIV convida os jovens a serem \u201ctestemunhas corajosas de Cristo\u201d, a partir da amizade com Jesus e do compromisso ativo na constru\u00e7\u00e3o da paz.<\/p>\n<p><a href=\"https:\/\/www.vaticannews.va\/pt\/papa\/news\/2025-10\/papa-aos-jovens-mensagem-xl-jornada-07-10-25.html\">Resumo da Mensagem do Papa Francisco para o Dia Mundial da Juventude<\/a><\/p>\n<p><a href=\"https:\/\/www.vatican.va\/content\/leo-xiv\/pt\/messages\/youth\/documents\/20251007-messaggio-xl-gmg.html\">Mensagem do Papa Francisco para o Dia Mundial da Juventude<\/a><\/p>\n<p><strong>Santa\u00a0Cec\u00edlia<\/strong><\/p>\n<p>Assinala-se no dia 22 de Novembro o dia de Santa Cec\u00edlia padroeira da m\u00fasica e canto sacro. Para conhecer um pouco da sua hist\u00f3ria carregue <a href=\"https:\/\/www.vaticannews.va\/pt\/santo-do-dia\/11\/22\/s--cecilia--virgem-e-martir--no-cemiterio-de-calisto.html\">aqui<\/a>.<\/p>\n<p><strong>Solenidade de Nosso Senhor Jesus Cristo, Rei do Universo<\/strong><\/p>\n<p>\u201cO Ano Lit\u00fargico termina aclamando Jesus Cristo Rei, sentado num trono de gl\u00f3ria e de luz. Desde sempre, uma das fun\u00e7\u00f5es principais do rei era a de prover \u00e0 alimenta\u00e7\u00e3o do seu povo. O rei devia assegurar que nada faltasse aos seus s\u00fabditos, em especial em tempos de fome. Vemos este papel do rei em particular na hist\u00f3ria de Jos\u00e9 e do Fara\u00f3. Na Eucaristia, Jesus manifesta de forma eloquente a sua realeza, alimentando o seu povo como j\u00e1 o prenunciara na multiplica\u00e7\u00e3o dos p\u00e3es. Todavia, Jesus n\u00e3o alimenta o seu povo com um alimento exterior, mas dando-se a si pr\u00f3prio como alimento. Por isso, cabe-nos a n\u00f3s oferecer-lhe um trono nobre e digno, na nossa boca, nas nossas m\u00e3os, mas, sobretudo, no mais \u00edntimo do nosso cora\u00e7\u00e3o.\u201d\u00a0 \u00a0 \u00a0 \u00a0 \u00a0 \u00a0 \u00a0 \u00a0 \u00a0 \u00a0<em>In Arquidiocese de Braga<\/em><\/p>\n<p><strong>C\u00e2nticos para o Domingo XXXIV do Tempo Comum \u2013 Ano C<\/strong>\u00a0(<a href=\"https:\/\/www.liturgia.pt\/liturgiadiaria\/dia.php?data=2025-11-23\">Liturgia<\/a>)<\/p>\n<ul>\n<li>Entrada:\u00a0<a href=\"http:\/\/coro.paroquiabaixadabanheira.org\/reportorio\/entrada\/eis.aquele.que.reina.pdf\">Eis aquele que reina<\/a><\/li>\n<li>Acto Penitencial:\u00a0<a href=\"http:\/\/coro.paroquiabaixadabanheira.org\/reportorio\/penitencial\/senhor.misericordia.cartageno.pdf\">Senhor, Miseric\u00f3rdia (A.Cartageno)<\/a><\/li>\n<li>Gl\u00f3ria:\u00a0<a href=\"http:\/\/coro.paroquiabaixadabanheira.org\/reportorio\/gloria\/gloria.2.vozes.pdf\">Gloria 2 Vozes<\/a><\/li>\n<li>Salmo 121<em>(122) <a href=\"https:\/\/www.liturgia.pt\/multimedia\/mp3\/SalmosResponsoriais\/166_TC_C_34Dom-IremosComAlegria.mp3\">\u201dVamos com alegria para a casa do Senhor.\u201d<\/a><\/em><\/li>\n<li>Aclama\u00e7\u00e3o ao Evangelho:\u00a0<a href=\"http:\/\/coro.paroquiabaixadabanheira.org\/reportorio\/aclama\/aleluia.m.silva.pdf\">Aleluia M.Silva<\/a>\u00a0<strong>\u201cBendito O que vem em nome do Senhor!<br \/>\nBendito o reino do nosso pai David!\u201d<\/strong><\/li>\n<li>Apresenta\u00e7\u00e3o dos Dons:\u00a0<a href=\"http:\/\/coro.paroquiabaixadabanheira.org\/reportorio\/ofertorio\/jesus.rei.admiravel.pdf\">Jesus, Rei Admir\u00e1vel<\/a><\/li>\n<li>Santo:\u00a0<a href=\"http:\/\/coro.paroquiabaixadabanheira.org\/reportorio\/santo\/santo.leonel.claro.pdf\">Santo (L. Claro)<\/a><\/li>\n<li>Fra\u00e7\u00e3o do P\u00e3o:\u00a0<a href=\"http:\/\/coro.paroquiabaixadabanheira.org\/reportorio\/cordeiro\/cordeiro.cartageno.pdf\">Cordeiro (A. Cartageno)<\/a><\/li>\n<li>Comunh\u00e3o:\u00a0<a href=\"http:\/\/coro.paroquiabaixadabanheira.org\/reportorio\/entrada\/cordeiro.que.foi.imolado.pdf\">O cordeiro que foi imolado (Gl\u00f3ria ao Senhor)<\/a><\/li>\n<li>Ac\u00e7\u00e3o de Gra\u00e7as:\u00a0<a href=\"http:\/\/coro.paroquiabaixadabanheira.org\/reportorio\/gracas\/cristo.filho.unigenito.do.pai.jan.pdf\">Cristo filho unig\u00e9nito do pai<\/a><\/li>\n<li>Final:\u00a0<a href=\"http:\/\/coro.paroquiabaixadabanheira.org\/reportorio\/final\/cristo.vence.pdf\">Cristo Vence<\/a><\/li>\n<\/ul>\n<p>Trazer:<\/p>\n<ul>\n<li><a href=\"http:\/\/coro.paroquiabaixadabanheira.org\/reportorio\/diversos\/peregrinos.de.esperanca.hino.do.jubileu.2025.pdf\">Peregrinos da Esperan\u00e7a \u2013 Hino Jubileu 2025<\/a><\/li>\n<li><a href=\"http:\/\/coro.paroquiabaixadabanheira.org\/reportorio\/penitencial\/kyrie.eleison.nuno.m.almeida.pdf\">Kyrie Eleison (Nuno M. Almeida)<\/a><\/li>\n<\/ul>\n","protected":false},"excerpt":{"rendered":"<p>Dia Mundial da Juventude Assinala-se no dia 24 de Novembro o Dia Mundial da Juventude. O Papa escolheu como tema a cita\u00e7\u00e3o b\u00edblica &#8220;V\u00f3s tamb\u00e9m haveis de dar testemunho, porque estais comigo&#8221; (Jo 15, 27). O\u00a0Papa Le\u00e3o XIV convida os &hellip;<\/p>\n<p class=\"read-more\"> <a class=\"more-link\" href=\"https:\/\/coro.paroquiabaixadabanheira.org\/?p=4899\"> <span class=\"screen-reader-text\">Domingo XXXIV do Tempo Comum-Solenidade de Nosso Senhor Jesus Cristo, Rei do Universo<\/span> Read More &raquo;<\/a><\/p>\n","protected":false},"author":3,"featured_media":0,"comment_status":"open","ping_status":"open","sticky":false,"template":"","format":"standard","meta":{"footnotes":""},"categories":[1],"tags":[],"class_list":["post-4899","post","type-post","status-publish","format-standard","hentry","category-uncategorized"],"_links":{"self":[{"href":"https:\/\/coro.paroquiabaixadabanheira.org\/index.php?rest_route=\/wp\/v2\/posts\/4899","targetHints":{"allow":["GET"]}}],"collection":[{"href":"https:\/\/coro.paroquiabaixadabanheira.org\/index.php?rest_route=\/wp\/v2\/posts"}],"about":[{"href":"https:\/\/coro.paroquiabaixadabanheira.org\/index.php?rest_route=\/wp\/v2\/types\/post"}],"author":[{"embeddable":true,"href":"https:\/\/coro.paroquiabaixadabanheira.org\/index.php?rest_route=\/wp\/v2\/users\/3"}],"replies":[{"embeddable":true,"href":"https:\/\/coro.paroquiabaixadabanheira.org\/index.php?rest_route=%2Fwp%2Fv2%2Fcomments&post=4899"}],"version-history":[{"count":2,"href":"https:\/\/coro.paroquiabaixadabanheira.org\/index.php?rest_route=\/wp\/v2\/posts\/4899\/revisions"}],"predecessor-version":[{"id":4901,"href":"https:\/\/coro.paroquiabaixadabanheira.org\/index.php?rest_route=\/wp\/v2\/posts\/4899\/revisions\/4901"}],"wp:attachment":[{"href":"https:\/\/coro.paroquiabaixadabanheira.org\/index.php?rest_route=%2Fwp%2Fv2%2Fmedia&parent=4899"}],"wp:term":[{"taxonomy":"category","embeddable":true,"href":"https:\/\/coro.paroquiabaixadabanheira.org\/index.php?rest_route=%2Fwp%2Fv2%2Fcategories&post=4899"},{"taxonomy":"post_tag","embeddable":true,"href":"https:\/\/coro.paroquiabaixadabanheira.org\/index.php?rest_route=%2Fwp%2Fv2%2Ftags&post=4899"}],"curies":[{"name":"wp","href":"https:\/\/api.w.org\/{rel}","templated":true}]}}