{"id":4905,"date":"2025-12-04T00:42:38","date_gmt":"2025-12-04T00:42:38","guid":{"rendered":"https:\/\/coro.paroquiabaixadabanheira.org\/?p=4905"},"modified":"2025-12-04T00:42:38","modified_gmt":"2025-12-04T00:42:38","slug":"domingo-ii-do-advento-12","status":"publish","type":"post","link":"https:\/\/coro.paroquiabaixadabanheira.org\/?p=4905","title":{"rendered":"Domingo II do Advento"},"content":{"rendered":"<p>&#8220;Vemos Jo\u00e3o Batista no deserto a clamar que \u00e9 preciso converter o cora\u00e7\u00e3o para preparar o caminho do Senhor. Ele n\u00e3o fala a pessoas isoladas, mas a um povo, a uma comunidade concreta: fariseus, saduceus, simples crentes\u2026 todos s\u00e3o chamados a mudar de vida. Isto diz muito \u00e0 Igreja de hoje, onde todos somos convidados a caminhar juntos. \u201cPreparar o caminho\u201d \u00e9 tarefa de todos: Jo\u00e3o n\u00e3o aponta s\u00f3 para os outros, mas fala a cada um \u2013 \u201cconvertei-vos\u201d. Caminhar em comunidade come\u00e7a sempre no cora\u00e7\u00e3o de cada pessoa. A Igreja s\u00f3 se torna verdadeiramente comunidade quando cada batizado deixa Deus mexer na sua vida, nas atitudes, nos fechamentos e no orgulho.&#8221;\u00a0 \u00a0 <em>In Arquidiocese de Braga<\/em><\/p>\n<p><strong>C\u00e2nticos para o II Domingo do Advento \u2013 Ano A <\/strong>\u00a0(<a href=\"https:\/\/www.liturgia.pt\/liturgiadiaria\/dia.php?data=2025-12-7\">Liturgia<\/a>)<\/p>\n<ul>\n<li>Entrada:\u00a0<a href=\"http:\/\/coro.paroquiabaixadabanheira.org\/reportorio\/advento\/veni.emmanuel.marco.duarte.pdf\">Veni Emmanuel<\/a><\/li>\n<li>Acto Penitencial: <a href=\"http:\/\/coro.paroquiabaixadabanheira.org\/reportorio\/penitencial\/kyrie.eleison.nuno.m.almeida.pdf\">Kyrie Eleison (Nuno M. Almeida)<\/a> Ver preces abaixo<\/li>\n<li>Coroa do Advento: <a href=\"http:\/\/coro.paroquiabaixadabanheira.org\/reportorio\/diversos\/peregrinos.de.esperanca.hino.do.jubileu.2025.pdf\">Peregrinos da Esperan\u00e7a \u2013 Hino Jubileu 2025<\/a><\/li>\n<li>Salmo 71 <em>(72)<\/em>\u00a0<a href=\"https:\/\/www.liturgia.pt\/multimedia\/mp3\/SalmosResponsoriais\/002_Adv02AIIDom-NosDias.mp3\"><em>\u201dNos dias do Senhor nascer\u00e1 a justi\u00e7a e a paz para sempre.\u201d<\/em><\/a><\/li>\n<li>Aclama\u00e7\u00e3o ao Evangelho: <a href=\"http:\/\/coro.paroquiabaixadabanheira.org\/reportorio\/advento\/aleluia.advento.bruno.ferreira.pdf\">Aleluia (Advento)<\/a><\/li>\n<li>Apresenta\u00e7\u00e3o dos Dons:\u00a0<a href=\"http:\/\/coro.paroquiabaixadabanheira.org\/reportorio\/advento\/uma.voz.clama.no.deserto.pdf\">Uma\u00a0voz clama no deserto<\/a><\/li>\n<li>Santo: <a href=\"http:\/\/coro.paroquiabaixadabanheira.org\/reportorio\/santo\/santo.leonel.claro.pdf\">Santo (L. Claro)<\/a><\/li>\n<li>Cordeiro: <a href=\"http:\/\/coro.paroquiabaixadabanheira.org\/reportorio\/cordeiro\/cordeiro.cartageno.pdf\">Cordeiro (A. Cartageno)<\/a><\/li>\n<li>Comunh\u00e3o:\u00a0<a href=\"http:\/\/coro.paroquiabaixadabanheira.org\/reportorio\/advento\/preparai.os.caminhos.pdf\">Preparai os caminhos do Senhor<\/a><\/li>\n<li>Ac\u00e7\u00e3o de Gra\u00e7as:\u00a0<a href=\"http:\/\/coro.paroquiabaixadabanheira.org\/reportorio\/advento\/ave.senhora.do.advento.pdf\">Av\u00e9, Senhora do Advento<\/a><\/li>\n<li>Final:\u00a0<a href=\"http:\/\/coro.paroquiabaixadabanheira.org\/reportorio\/advento\/vinde.vinde.jesus.pdf\">Vinde! Vinde, jesus!<\/a><\/li>\n<\/ul>\n<p><strong>Preces:<\/strong><\/p>\n<p>Senhor, atrav\u00e9s de Jo\u00e3o Baptista, o precursor, ajudas a preparar o nosso interior, para a tua vinda amorosa.<\/p>\n<p>Cristo, dia sem ocaso para louvor e gl\u00f3ria de Deus<\/p>\n<p>Senhor, anunciado por Jo\u00e3o como o Cordeiro que tira o pecado do mundo<\/p>\n","protected":false},"excerpt":{"rendered":"<p>&#8220;Vemos Jo\u00e3o Batista no deserto a clamar que \u00e9 preciso converter o cora\u00e7\u00e3o para preparar o caminho do Senhor. Ele n\u00e3o fala a pessoas isoladas, mas a um povo, a uma comunidade concreta: fariseus, saduceus, simples crentes\u2026 todos s\u00e3o chamados &hellip;<\/p>\n<p class=\"read-more\"> <a class=\"more-link\" href=\"https:\/\/coro.paroquiabaixadabanheira.org\/?p=4905\"> <span class=\"screen-reader-text\">Domingo II do Advento<\/span> Read More &raquo;<\/a><\/p>\n","protected":false},"author":3,"featured_media":0,"comment_status":"open","ping_status":"open","sticky":false,"template":"","format":"standard","meta":{"footnotes":""},"categories":[1],"tags":[],"class_list":["post-4905","post","type-post","status-publish","format-standard","hentry","category-uncategorized"],"_links":{"self":[{"href":"https:\/\/coro.paroquiabaixadabanheira.org\/index.php?rest_route=\/wp\/v2\/posts\/4905","targetHints":{"allow":["GET"]}}],"collection":[{"href":"https:\/\/coro.paroquiabaixadabanheira.org\/index.php?rest_route=\/wp\/v2\/posts"}],"about":[{"href":"https:\/\/coro.paroquiabaixadabanheira.org\/index.php?rest_route=\/wp\/v2\/types\/post"}],"author":[{"embeddable":true,"href":"https:\/\/coro.paroquiabaixadabanheira.org\/index.php?rest_route=\/wp\/v2\/users\/3"}],"replies":[{"embeddable":true,"href":"https:\/\/coro.paroquiabaixadabanheira.org\/index.php?rest_route=%2Fwp%2Fv2%2Fcomments&post=4905"}],"version-history":[{"count":1,"href":"https:\/\/coro.paroquiabaixadabanheira.org\/index.php?rest_route=\/wp\/v2\/posts\/4905\/revisions"}],"predecessor-version":[{"id":4906,"href":"https:\/\/coro.paroquiabaixadabanheira.org\/index.php?rest_route=\/wp\/v2\/posts\/4905\/revisions\/4906"}],"wp:attachment":[{"href":"https:\/\/coro.paroquiabaixadabanheira.org\/index.php?rest_route=%2Fwp%2Fv2%2Fmedia&parent=4905"}],"wp:term":[{"taxonomy":"category","embeddable":true,"href":"https:\/\/coro.paroquiabaixadabanheira.org\/index.php?rest_route=%2Fwp%2Fv2%2Fcategories&post=4905"},{"taxonomy":"post_tag","embeddable":true,"href":"https:\/\/coro.paroquiabaixadabanheira.org\/index.php?rest_route=%2Fwp%2Fv2%2Ftags&post=4905"}],"curies":[{"name":"wp","href":"https:\/\/api.w.org\/{rel}","templated":true}]}}