{"id":4907,"date":"2025-12-04T01:03:20","date_gmt":"2025-12-04T01:03:20","guid":{"rendered":"https:\/\/coro.paroquiabaixadabanheira.org\/?p=4907"},"modified":"2025-12-04T01:03:20","modified_gmt":"2025-12-04T01:03:20","slug":"solenidade-imaculada-conceicao-da-virgem-santa-maria-10","status":"publish","type":"post","link":"https:\/\/coro.paroquiabaixadabanheira.org\/?p=4907","title":{"rendered":"Solenidade Imaculada Concei\u00e7\u00e3o da Virgem Santa Maria"},"content":{"rendered":"<p>&#8220;Maria acolhe o Anjo Gabriel na simplicidade da sua casa e acolhe Jesus na ternura do seu seio. Acolher Deus no quotidiano da vida \u00e9 o ato mais simples e belo que a humanidade pode assumir. Somos convidados por Maria a passar de uma espiritualidade baseada no fasc\u00ednio do extraordin\u00e1rio para uma m\u00edstica do quotidiano. Ela, por isso, convida-nos a transpor-nos da representa\u00e7\u00e3o te\u00f3rica \u00e0 realidade concreta e palp\u00e1vel, que \u00e9 simples, dom\u00e9stica, humilde, onde Deus a atravessa. O primeiro an\u00fancio de gra\u00e7a do Evangelho foi apresentado e acolhido na normalidade de uma casa. Algo de colossal acontece no quotidiano, sem testemunhos, longe das luzes da ribalta e das emo\u00e7\u00f5es do templo.&#8221;\u00a0 <em>In Arquidiocese de Braga<\/em><\/p>\n<p><strong>C\u00e2nticos para a Solenidade da Imaculada Concei\u00e7\u00e3o \u2013 Ano A<\/strong><strong>\u00a0<\/strong>(<a href=\"https:\/\/www.liturgia.pt\/santos\/santo_v.php?cod_santo=210\">Liturgia<\/a>)<\/p>\n<ul>\n<li>Entrada:\u00a0<a href=\"http:\/\/coro.paroquiabaixadabanheira.org\/reportorio\/maria\/exulto.de.alegria.no.senhor.pdf\">Exulto de Alegria no Senhor<\/a><\/li>\n<li>Acto Penitencial: <a href=\"http:\/\/coro.paroquiabaixadabanheira.org\/reportorio\/penitencial\/kyrie.eleison.nuno.m.almeida.pdf\">Kyrie Eleison (Nuno M. Almeida)<\/a>\u00a0Ver preces abaixo<\/li>\n<li>Gl\u00f3ria:\u00a0<a href=\"http:\/\/coro.paroquiabaixadabanheira.org\/reportorio\/gloria\/gloria.2.vozes.pdf\">Gloria 2 Vozes<\/a><\/li>\n<li>Salmo\u00a097(98)\u00a0<a href=\"https:\/\/www.liturgia.pt\/multimedia\/mp3\/SalmosResponsoriais\/215_St_Imaculada_Cantai_um_cantico_novo.mp3\"><em>\u201dCantai ao Senhor um c\u00e2ntico novo! O\u00a0Senhor fez maravilhas.\u00a0<\/em><\/a>\u201c<\/li>\n<li>Aclama\u00e7\u00e3o ao Evangelho:\u00a0<a href=\"http:\/\/coro.paroquiabaixadabanheira.org\/reportorio\/maria\/aleluia.imaculada.conceicao.pdf\">Aleluia Imaculada Concei\u00e7\u00e3o<\/a><\/li>\n<li>Ladainhas:\u00a0<a href=\"http:\/\/coro.paroquiabaixadabanheira.org\/reportorio\/pascoa\/ladainhas.a.ferreira.santos.curta.pdf\">Ladainhas dos santos\u00a0<\/a><a href=\"http:\/\/coro.paroquiabaixadabanheira.org\/reportorio\/maria\/ladainha.da.virgem.maria.pdf\">\u00a0 \u00a0letra(Virgem Maria)<\/a><\/li>\n<li>Ora\u00e7\u00e3o dos Fi\u00e9is:\u00a0<a href=\"http:\/\/coro.paroquiabaixadabanheira.org\/reportorio\/aclamacao\/oracao.universal.pdf\">Respostas<\/a>\u00a0(numero 28)<\/li>\n<li>Apresenta\u00e7\u00e3o dos Dons:\u00a0<a href=\"http:\/\/coro.paroquiabaixadabanheira.org\/reportorio\/advento\/ave.maria.cheia.de.graca.cartageno.pdf\">Av\u00e9 Maria, Cheia de Gra\u00e7a<\/a>\u00a0ou\u00a0<a href=\"http:\/\/coro.paroquiabaixadabanheira.org\/reportorio\/maria\/gloria.da.humanidade.pdf\">Gl\u00f3ria da Humanidade<\/a><\/li>\n<li>Santo: <a href=\"http:\/\/coro.paroquiabaixadabanheira.org\/reportorio\/santo\/santo.leonel.claro.pdf\">Santo (L. Claro)<\/a><\/li>\n<li>Fra\u00e7\u00e3o do P\u00e3o: <a href=\"http:\/\/coro.paroquiabaixadabanheira.org\/reportorio\/cordeiro\/cordeiro.cartageno.pdf\">Cordeiro (A. Cartageno)<\/a><\/li>\n<li>Comunh\u00e3o:\u00a0<a href=\"http:\/\/coro.paroquiabaixadabanheira.org\/reportorio\/advento\/e.celebrada.a.vossa.gloria.pdf\">\u00c9 celebrada a vossa gl\u00f3ria<\/a><\/li>\n<li>Ac\u00e7\u00e3o de Gra\u00e7as:\u00a0<a href=\"http:\/\/coro.paroquiabaixadabanheira.org\/reportorio\/advento\/magnificat.terreiro.pdf\">Magnificat (Bernardo Terreiro)<\/a><\/li>\n<li>Final:\u00a0<a href=\"http:\/\/coro.paroquiabaixadabanheira.org\/reportorio\/maria\/tu.es.a.gloria.de.jerusalem.m.luis.pdf\">Tu \u00e9s a gloria de Jerusal\u00e9m\u00a0<\/a><\/li>\n<\/ul>\n<p><strong>Preces:<\/strong><\/p>\n<p>Senhor, Filho de Deus e da Virgem de Nazar\u00e9, que nos procurais quando fugimos de V\u00f3s<\/p>\n<p>Cristo, Filho de Deus e da Virgem fiel, Cordeiro inocente que no vosso sangue nos lavais<\/p>\n<p>Senhor, Filho de Deus e da Virgem Imaculada, que \u00e0 santidade nos chamais<\/p>\n","protected":false},"excerpt":{"rendered":"<p>&#8220;Maria acolhe o Anjo Gabriel na simplicidade da sua casa e acolhe Jesus na ternura do seu seio. Acolher Deus no quotidiano da vida \u00e9 o ato mais simples e belo que a humanidade pode assumir. Somos convidados por Maria &hellip;<\/p>\n<p class=\"read-more\"> <a class=\"more-link\" href=\"https:\/\/coro.paroquiabaixadabanheira.org\/?p=4907\"> <span class=\"screen-reader-text\">Solenidade Imaculada Concei\u00e7\u00e3o da Virgem Santa Maria<\/span> Read More &raquo;<\/a><\/p>\n","protected":false},"author":3,"featured_media":0,"comment_status":"open","ping_status":"open","sticky":false,"template":"","format":"standard","meta":{"footnotes":""},"categories":[1],"tags":[],"class_list":["post-4907","post","type-post","status-publish","format-standard","hentry","category-uncategorized"],"_links":{"self":[{"href":"https:\/\/coro.paroquiabaixadabanheira.org\/index.php?rest_route=\/wp\/v2\/posts\/4907","targetHints":{"allow":["GET"]}}],"collection":[{"href":"https:\/\/coro.paroquiabaixadabanheira.org\/index.php?rest_route=\/wp\/v2\/posts"}],"about":[{"href":"https:\/\/coro.paroquiabaixadabanheira.org\/index.php?rest_route=\/wp\/v2\/types\/post"}],"author":[{"embeddable":true,"href":"https:\/\/coro.paroquiabaixadabanheira.org\/index.php?rest_route=\/wp\/v2\/users\/3"}],"replies":[{"embeddable":true,"href":"https:\/\/coro.paroquiabaixadabanheira.org\/index.php?rest_route=%2Fwp%2Fv2%2Fcomments&post=4907"}],"version-history":[{"count":1,"href":"https:\/\/coro.paroquiabaixadabanheira.org\/index.php?rest_route=\/wp\/v2\/posts\/4907\/revisions"}],"predecessor-version":[{"id":4908,"href":"https:\/\/coro.paroquiabaixadabanheira.org\/index.php?rest_route=\/wp\/v2\/posts\/4907\/revisions\/4908"}],"wp:attachment":[{"href":"https:\/\/coro.paroquiabaixadabanheira.org\/index.php?rest_route=%2Fwp%2Fv2%2Fmedia&parent=4907"}],"wp:term":[{"taxonomy":"category","embeddable":true,"href":"https:\/\/coro.paroquiabaixadabanheira.org\/index.php?rest_route=%2Fwp%2Fv2%2Fcategories&post=4907"},{"taxonomy":"post_tag","embeddable":true,"href":"https:\/\/coro.paroquiabaixadabanheira.org\/index.php?rest_route=%2Fwp%2Fv2%2Ftags&post=4907"}],"curies":[{"name":"wp","href":"https:\/\/api.w.org\/{rel}","templated":true}]}}